{"id":20931,"date":"2014-01-22T18:50:53","date_gmt":"2014-01-22T17:50:53","guid":{"rendered":"http:\/\/www.cerezadeljerte.org\/?p=4616"},"modified":"2025-02-11T22:28:57","modified_gmt":"2025-02-11T21:28:57","slug":"algo-de-historia-sobre-el-valle-de-las-cerezas-del-jerte","status":"publish","type":"post","link":"https:\/\/cerezadeljerte.org\/en\/algo-de-historia-sobre-el-valle-de-las-cerezas-del-jerte\/","title":{"rendered":"Algo de historia sobre el valle de las cerezas del Jerte"},"content":{"rendered":"<p>El Valle del Jerte cuenta con un microclima singular. Es lo que hace especial a las cerezas que all\u00ed se producen, entre las que destaca la variedad aut\u00f3ctona de las picotas del Jerte. Esa caracter\u00edstica, junto con a abundancia de caza, pesca y vegetaci\u00f3n atrajo a la zona a los primeros pobladores, que se asentaron all\u00ed con su ganado. Desde entonces, la comarca ha sido testigo de diversos acontecimientos hist\u00f3ricos, de los que te hablamos.<\/p>\n<p>Las <strong>primeras referencias hist\u00f3ricas<\/strong> se sit\u00faan en el a\u00f1o 218 a. C. Se sabe que en esta fecha exist\u00edan ya pobladores en las tierras que hoy se conocen como Valle del Jerte, agrupados en castros o villas, y que protagonizar\u00edan enfrentamientos con las tropas del general cartagin\u00e9s An\u00edbal.<\/p>\n<p>Sin embargo, fueron los \u00e1rabes los que pusieron nombre al principal r\u00edo de este entorno, el Jerte, al que llamaron \u201cXerete\u201d. M\u00e1s tarde, y ya en el sigo XII, <strong>Alfonso VIII de Castilla fund\u00f3 la ciudad de Plasencia<\/strong>, la \u201cperla del Jerte\u201d, cuyo territorio, en las inmediaciones de la V\u00eda de la Plata, hab\u00eda estado ocupado tambi\u00e9n por los romanos. Esta ciudad, sin formar parte del territorio de la comarca del Valle del Jerte, es hoy un importante dinamizador de la zona y centro de referencia econ\u00f3mica y de servicios para sus habitantes.<\/p>\n<p><a href=\"https:\/\/cerezadeljerte.org\/wp-content\/uploads\/2024\/02\/Panor__mica_de_Cabezuela_del_Valle_2.jpg\"><img fetchpriority=\"high\" decoding=\"async\" class=\"size-full wp-image-3395 alignright\" alt='Panor__mica_de_Cabezuela_del_Valle_2' src=\"https:\/\/cerezadeljerte.org\/wp-content\/uploads\/2024\/02\/Panor__mica_de_Cabezuela_del_Valle_2.jpg\" width=\"350\" height=\"234\" \/><\/a>Otra de las referencias hist\u00f3ricas sobre el Valle del Jerte se sit\u00faa en el siglo XV. En esta \u00e9poca, hay constancia de la existencia de una <strong>aljama, de destacado poder econ\u00f3mico, en Cabezuela del Valle<\/strong>. Constitu\u00eda, junto con la de Plasencia, uno de los asentamientos jud\u00edos m\u00e1s importantes de la zona, puesto que alojaba, entre otros, a los administradores de la importante familia nobiliaria de los Z\u00fa\u00f1iga.<\/p>\n<p>Pero uno de los hechos m\u00e1s destacados entre los ocurridos por estas tierras fue el paso por ellas del <strong>emperador Carlos V<\/strong> en su retiro hacia el Monasterio de Yuste, en la vecina Comarca de La Vera. Ocurr\u00eda el 12 de noviembre de 1556. El emperador atraves\u00f3 la Garganta de los Infiernos por el Puente Nuevo, siguiendo el recorrido por el que hoy transcurre una ruta senderista que lleva su nombre.<\/p>\n<p>El siglo XVIII supuso un punto de inflexi\u00f3n para la zona, una de cuyas fuentes de riqueza era hasta aquel entonces el casta\u00f1o. Se produjo una <strong>epidemia denominada tinta<\/strong> que llev\u00f3 a la sustituci\u00f3n de ese cultivo y a la progresiva<strong> introducci\u00f3n del cerezo<\/strong>, que, en el siglo XIX era ya el \u00e1rbol con m\u00e1s presencia en este territorio, ganando terreno a lo largo del siglo XX, hasta convertirse en un s\u00edmbolo del Valle del Jerte. El cultivo del cerezo es de suma importancia en la econom\u00eda local y un importante motor tur\u00edstico, gracias al espect\u00e1culo singular que supone la floraci\u00f3n de estos \u00e1rboles.<\/p>\n<p>Terminamos con una \u00faltima e interesante anotaci\u00f3n. En el siglo XIX, el Valle del Jerte sirvi\u00f3 de refugio para los <strong>guerrilleros enfrentados a las tropas napole\u00f3nicas<\/strong> durante la Guerra de la Independencia (1808-1814).<\/p>\n","protected":false},"excerpt":{"rendered":"<p>El Valle del Jerte cuenta con un microclima singular. Es lo que hace especial a las cerezas que all\u00ed se producen, entre las que destaca la variedad aut\u00f3ctona de las picotas del Jerte. Esa caracter\u00edstica, junto con a abundancia de caza, pesca y vegetaci\u00f3n atrajo a la zona a los primeros pobladores, que se asentaron [&hellip;]<\/p>\n","protected":false},"author":2,"featured_media":20932,"comment_status":"closed","ping_status":"open","sticky":false,"template":"","format":"standard","meta":{"footnotes":""},"categories":[1101,1067],"tags":[123,565,602,603,604,90,224,49,605],"class_list":["post-20931","post","type-post","status-publish","format-standard","has-post-thumbnail","hentry","category-blog-es","category-turismo","tag-cabezuela-del-valle","tag-carlos-v","tag-cultivo-del-cerezo","tag-historia","tag-perla-del-jerte","tag-picota-2","tag-plasencia","tag-senderismo","tag-valle-de-las-cerezas-del-jerte"],"yoast_head":"<!-- This site is optimized with the Yoast SEO Premium plugin v25.0 (Yoast SEO v27.4) - https:\/\/yoast.com\/product\/yoast-seo-premium-wordpress\/ -->\n<title>Algo de historia sobre el valle de las cerezas del Jerte | cerezadeljerte.org<\/title>\n<meta name=\"description\" content=\"El Valle del Jerte cuenta con un clima singular que hace especiales a las cerezas que produce. Esa caracter\u00edstica, junto con a abundancia de caza y pesca atrajo a los primeros pobladores. Te hablamos de la historia del Valle del Jerte.\" \/>\n<meta name=\"robots\" content=\"index, follow, max-snippet:-1, max-image-preview:large, max-video-preview:-1\" \/>\n<link rel=\"canonical\" href=\"https:\/\/cerezadeljerte.org\/en\/algo-de-historia-sobre-el-valle-de-las-cerezas-del-jerte\/\" \/>\n<meta property=\"og:locale\" content=\"en_US\" \/>\n<meta property=\"og:type\" content=\"article\" \/>\n<meta property=\"og:title\" content=\"Algo de historia sobre el valle de las cerezas del Jerte\" \/>\n<meta property=\"og:description\" content=\"El Valle del Jerte cuenta con un clima singular que hace especiales a las cerezas que produce. Esa caracter\u00edstica, junto con a abundancia de caza y pesca atrajo a los primeros pobladores. Te hablamos de la historia del Valle del Jerte.\" \/>\n<meta property=\"og:url\" content=\"https:\/\/cerezadeljerte.org\/en\/algo-de-historia-sobre-el-valle-de-las-cerezas-del-jerte\/\" \/>\n<meta property=\"og:site_name\" content=\"cerezadeljerte.org\" \/>\n<meta property=\"article:publisher\" content=\"https:\/\/m.facebook.com\/PICOTADELJERTE\/\" \/>\n<meta property=\"article:published_time\" content=\"2014-01-22T17:50:53+00:00\" \/>\n<meta property=\"article:modified_time\" content=\"2025-02-11T21:28:57+00:00\" \/>\n<meta property=\"og:image\" content=\"https:\/\/cerezadeljerte.org\/wp-content\/uploads\/2012\/04\/valle02.jpg\" \/>\n\t<meta property=\"og:image:width\" content=\"960\" \/>\n\t<meta property=\"og:image:height\" content=\"350\" \/>\n\t<meta property=\"og:image:type\" content=\"image\/jpeg\" \/>\n<meta name=\"author\" content=\"Picota\" \/>\n<meta name=\"twitter:card\" content=\"summary_large_image\" \/>\n<meta name=\"twitter:creator\" content=\"@CEREZADELJERTE\" \/>\n<meta name=\"twitter:site\" content=\"@CEREZADELJERTE\" \/>\n<script type=\"application\/ld+json\" class=\"yoast-schema-graph\">{\"@context\":\"https:\\\/\\\/schema.org\",\"@graph\":[{\"@type\":\"Article\",\"@id\":\"https:\\\/\\\/cerezadeljerte.org\\\/en\\\/algo-de-historia-sobre-el-valle-de-las-cerezas-del-jerte\\\/#article\",\"isPartOf\":{\"@id\":\"https:\\\/\\\/cerezadeljerte.org\\\/en\\\/algo-de-historia-sobre-el-valle-de-las-cerezas-del-jerte\\\/\"},\"author\":{\"name\":\"Picota\",\"@id\":\"https:\\\/\\\/cerezadeljerte.org\\\/en\\\/#\\\/schema\\\/person\\\/db07785007f349f8eeb003c8f96d3a63\"},\"headline\":\"Algo de historia sobre el valle de las cerezas del Jerte\",\"datePublished\":\"2014-01-22T17:50:53+00:00\",\"dateModified\":\"2025-02-11T21:28:57+00:00\",\"mainEntityOfPage\":{\"@id\":\"https:\\\/\\\/cerezadeljerte.org\\\/en\\\/algo-de-historia-sobre-el-valle-de-las-cerezas-del-jerte\\\/\"},\"wordCount\":537,\"publisher\":{\"@id\":\"https:\\\/\\\/cerezadeljerte.org\\\/en\\\/#organization\"},\"image\":{\"@id\":\"https:\\\/\\\/cerezadeljerte.org\\\/en\\\/algo-de-historia-sobre-el-valle-de-las-cerezas-del-jerte\\\/#primaryimage\"},\"thumbnailUrl\":\"https:\\\/\\\/cerezadeljerte.org\\\/wp-content\\\/uploads\\\/2012\\\/04\\\/valle02.jpg\",\"keywords\":[\"Cabezuela del Valle\",\"Carlos V\",\"cultivo del cerezo\",\"historia\",\"Perla del Jerte\",\"Picota\",\"Plasencia\",\"senderismo\",\"valle de las cerezas del jerte\"],\"articleSection\":[\"blog es\",\"turismo\"],\"inLanguage\":\"en-US\"},{\"@type\":\"WebPage\",\"@id\":\"https:\\\/\\\/cerezadeljerte.org\\\/en\\\/algo-de-historia-sobre-el-valle-de-las-cerezas-del-jerte\\\/\",\"url\":\"https:\\\/\\\/cerezadeljerte.org\\\/en\\\/algo-de-historia-sobre-el-valle-de-las-cerezas-del-jerte\\\/\",\"name\":\"Algo de historia sobre el valle de las cerezas del Jerte | cerezadeljerte.org\",\"isPartOf\":{\"@id\":\"https:\\\/\\\/cerezadeljerte.org\\\/en\\\/#website\"},\"primaryImageOfPage\":{\"@id\":\"https:\\\/\\\/cerezadeljerte.org\\\/en\\\/algo-de-historia-sobre-el-valle-de-las-cerezas-del-jerte\\\/#primaryimage\"},\"image\":{\"@id\":\"https:\\\/\\\/cerezadeljerte.org\\\/en\\\/algo-de-historia-sobre-el-valle-de-las-cerezas-del-jerte\\\/#primaryimage\"},\"thumbnailUrl\":\"https:\\\/\\\/cerezadeljerte.org\\\/wp-content\\\/uploads\\\/2012\\\/04\\\/valle02.jpg\",\"datePublished\":\"2014-01-22T17:50:53+00:00\",\"dateModified\":\"2025-02-11T21:28:57+00:00\",\"description\":\"El Valle del Jerte cuenta con un clima singular que hace especiales a las cerezas que produce. Esa caracter\u00edstica, junto con a abundancia de caza y pesca atrajo a los primeros pobladores. Te hablamos de la historia del Valle del Jerte.\",\"breadcrumb\":{\"@id\":\"https:\\\/\\\/cerezadeljerte.org\\\/en\\\/algo-de-historia-sobre-el-valle-de-las-cerezas-del-jerte\\\/#breadcrumb\"},\"inLanguage\":\"en-US\",\"potentialAction\":[{\"@type\":\"ReadAction\",\"target\":[\"https:\\\/\\\/cerezadeljerte.org\\\/en\\\/algo-de-historia-sobre-el-valle-de-las-cerezas-del-jerte\\\/\"]}]},{\"@type\":\"ImageObject\",\"inLanguage\":\"en-US\",\"@id\":\"https:\\\/\\\/cerezadeljerte.org\\\/en\\\/algo-de-historia-sobre-el-valle-de-las-cerezas-del-jerte\\\/#primaryimage\",\"url\":\"https:\\\/\\\/cerezadeljerte.org\\\/wp-content\\\/uploads\\\/2012\\\/04\\\/valle02.jpg\",\"contentUrl\":\"https:\\\/\\\/cerezadeljerte.org\\\/wp-content\\\/uploads\\\/2012\\\/04\\\/valle02.jpg\",\"width\":960,\"height\":350},{\"@type\":\"BreadcrumbList\",\"@id\":\"https:\\\/\\\/cerezadeljerte.org\\\/en\\\/algo-de-historia-sobre-el-valle-de-las-cerezas-del-jerte\\\/#breadcrumb\",\"itemListElement\":[{\"@type\":\"ListItem\",\"position\":1,\"name\":\"Portada\",\"item\":\"https:\\\/\\\/cerezadeljerte.org\\\/en\\\/\"},{\"@type\":\"ListItem\",\"position\":2,\"name\":\"Algo de historia sobre el valle de las cerezas del Jerte\"}]},{\"@type\":\"WebSite\",\"@id\":\"https:\\\/\\\/cerezadeljerte.org\\\/en\\\/#website\",\"url\":\"https:\\\/\\\/cerezadeljerte.org\\\/en\\\/\",\"name\":\"cerezadeljerte.org\",\"description\":\"you\u2019re great, little one\",\"publisher\":{\"@id\":\"https:\\\/\\\/cerezadeljerte.org\\\/en\\\/#organization\"},\"alternateName\":\"Denominaci\u00f3n de Origen de Cereza del Jerte\",\"potentialAction\":[{\"@type\":\"SearchAction\",\"target\":{\"@type\":\"EntryPoint\",\"urlTemplate\":\"https:\\\/\\\/cerezadeljerte.org\\\/en\\\/?s={search_term_string}\"},\"query-input\":{\"@type\":\"PropertyValueSpecification\",\"valueRequired\":true,\"valueName\":\"search_term_string\"}}],\"inLanguage\":\"en-US\"},{\"@type\":\"Organization\",\"@id\":\"https:\\\/\\\/cerezadeljerte.org\\\/en\\\/#organization\",\"name\":\"cerezadeljerte.org\",\"alternateName\":\"Denominaci\u00f3n de Origen Cereza del Jerte\",\"url\":\"https:\\\/\\\/cerezadeljerte.org\\\/en\\\/\",\"logo\":{\"@type\":\"ImageObject\",\"inLanguage\":\"en-US\",\"@id\":\"https:\\\/\\\/cerezadeljerte.org\\\/en\\\/#\\\/schema\\\/logo\\\/image\\\/\",\"url\":\"https:\\\/\\\/cerezadeljerte.org\\\/wp-content\\\/uploads\\\/2024\\\/05\\\/CONSEJO-REGULADOR-D.O.P_p.png\",\"contentUrl\":\"https:\\\/\\\/cerezadeljerte.org\\\/wp-content\\\/uploads\\\/2024\\\/05\\\/CONSEJO-REGULADOR-D.O.P_p.png\",\"width\":550,\"height\":219,\"caption\":\"cerezadeljerte.org\"},\"image\":{\"@id\":\"https:\\\/\\\/cerezadeljerte.org\\\/en\\\/#\\\/schema\\\/logo\\\/image\\\/\"},\"sameAs\":[\"https:\\\/\\\/m.facebook.com\\\/PICOTADELJERTE\\\/\",\"https:\\\/\\\/x.com\\\/CEREZADELJERTE\"]},{\"@type\":\"Person\",\"@id\":\"https:\\\/\\\/cerezadeljerte.org\\\/en\\\/#\\\/schema\\\/person\\\/db07785007f349f8eeb003c8f96d3a63\",\"name\":\"Picota\",\"image\":{\"@type\":\"ImageObject\",\"inLanguage\":\"en-US\",\"@id\":\"https:\\\/\\\/secure.gravatar.com\\\/avatar\\\/ee24ef6a3b49d093f6bd594b1bdd386106677c83a47a3907489168695fab5834?s=96&d=mm&r=g\",\"url\":\"https:\\\/\\\/secure.gravatar.com\\\/avatar\\\/ee24ef6a3b49d093f6bd594b1bdd386106677c83a47a3907489168695fab5834?s=96&d=mm&r=g\",\"contentUrl\":\"https:\\\/\\\/secure.gravatar.com\\\/avatar\\\/ee24ef6a3b49d093f6bd594b1bdd386106677c83a47a3907489168695fab5834?s=96&d=mm&r=g\",\"caption\":\"Picota\"},\"url\":\"https:\\\/\\\/cerezadeljerte.org\\\/en\\\/author\\\/picota\\\/\"}]}<\/script>\n<!-- \/ Yoast SEO Premium plugin. -->","yoast_head_json":{"title":"Algo de historia sobre el valle de las cerezas del Jerte | cerezadeljerte.org","description":"El Valle del Jerte cuenta con un clima singular que hace especiales a las cerezas que produce. Esa caracter\u00edstica, junto con a abundancia de caza y pesca atrajo a los primeros pobladores. Te hablamos de la historia del Valle del Jerte.","robots":{"index":"index","follow":"follow","max-snippet":"max-snippet:-1","max-image-preview":"max-image-preview:large","max-video-preview":"max-video-preview:-1"},"canonical":"https:\/\/cerezadeljerte.org\/en\/algo-de-historia-sobre-el-valle-de-las-cerezas-del-jerte\/","og_locale":"en_US","og_type":"article","og_title":"Algo de historia sobre el valle de las cerezas del Jerte","og_description":"El Valle del Jerte cuenta con un clima singular que hace especiales a las cerezas que produce. Esa caracter\u00edstica, junto con a abundancia de caza y pesca atrajo a los primeros pobladores. Te hablamos de la historia del Valle del Jerte.","og_url":"https:\/\/cerezadeljerte.org\/en\/algo-de-historia-sobre-el-valle-de-las-cerezas-del-jerte\/","og_site_name":"cerezadeljerte.org","article_publisher":"https:\/\/m.facebook.com\/PICOTADELJERTE\/","article_published_time":"2014-01-22T17:50:53+00:00","article_modified_time":"2025-02-11T21:28:57+00:00","og_image":[{"width":960,"height":350,"url":"https:\/\/cerezadeljerte.org\/wp-content\/uploads\/2012\/04\/valle02.jpg","type":"image\/jpeg"}],"author":"Picota","twitter_card":"summary_large_image","twitter_creator":"@CEREZADELJERTE","twitter_site":"@CEREZADELJERTE","schema":{"@context":"https:\/\/schema.org","@graph":[{"@type":"Article","@id":"https:\/\/cerezadeljerte.org\/en\/algo-de-historia-sobre-el-valle-de-las-cerezas-del-jerte\/#article","isPartOf":{"@id":"https:\/\/cerezadeljerte.org\/en\/algo-de-historia-sobre-el-valle-de-las-cerezas-del-jerte\/"},"author":{"name":"Picota","@id":"https:\/\/cerezadeljerte.org\/en\/#\/schema\/person\/db07785007f349f8eeb003c8f96d3a63"},"headline":"Algo de historia sobre el valle de las cerezas del Jerte","datePublished":"2014-01-22T17:50:53+00:00","dateModified":"2025-02-11T21:28:57+00:00","mainEntityOfPage":{"@id":"https:\/\/cerezadeljerte.org\/en\/algo-de-historia-sobre-el-valle-de-las-cerezas-del-jerte\/"},"wordCount":537,"publisher":{"@id":"https:\/\/cerezadeljerte.org\/en\/#organization"},"image":{"@id":"https:\/\/cerezadeljerte.org\/en\/algo-de-historia-sobre-el-valle-de-las-cerezas-del-jerte\/#primaryimage"},"thumbnailUrl":"https:\/\/cerezadeljerte.org\/wp-content\/uploads\/2012\/04\/valle02.jpg","keywords":["Cabezuela del Valle","Carlos V","cultivo del cerezo","historia","Perla del Jerte","Picota","Plasencia","senderismo","valle de las cerezas del jerte"],"articleSection":["blog es","turismo"],"inLanguage":"en-US"},{"@type":"WebPage","@id":"https:\/\/cerezadeljerte.org\/en\/algo-de-historia-sobre-el-valle-de-las-cerezas-del-jerte\/","url":"https:\/\/cerezadeljerte.org\/en\/algo-de-historia-sobre-el-valle-de-las-cerezas-del-jerte\/","name":"Algo de historia sobre el valle de las cerezas del Jerte | cerezadeljerte.org","isPartOf":{"@id":"https:\/\/cerezadeljerte.org\/en\/#website"},"primaryImageOfPage":{"@id":"https:\/\/cerezadeljerte.org\/en\/algo-de-historia-sobre-el-valle-de-las-cerezas-del-jerte\/#primaryimage"},"image":{"@id":"https:\/\/cerezadeljerte.org\/en\/algo-de-historia-sobre-el-valle-de-las-cerezas-del-jerte\/#primaryimage"},"thumbnailUrl":"https:\/\/cerezadeljerte.org\/wp-content\/uploads\/2012\/04\/valle02.jpg","datePublished":"2014-01-22T17:50:53+00:00","dateModified":"2025-02-11T21:28:57+00:00","description":"El Valle del Jerte cuenta con un clima singular que hace especiales a las cerezas que produce. Esa caracter\u00edstica, junto con a abundancia de caza y pesca atrajo a los primeros pobladores. Te hablamos de la historia del Valle del Jerte.","breadcrumb":{"@id":"https:\/\/cerezadeljerte.org\/en\/algo-de-historia-sobre-el-valle-de-las-cerezas-del-jerte\/#breadcrumb"},"inLanguage":"en-US","potentialAction":[{"@type":"ReadAction","target":["https:\/\/cerezadeljerte.org\/en\/algo-de-historia-sobre-el-valle-de-las-cerezas-del-jerte\/"]}]},{"@type":"ImageObject","inLanguage":"en-US","@id":"https:\/\/cerezadeljerte.org\/en\/algo-de-historia-sobre-el-valle-de-las-cerezas-del-jerte\/#primaryimage","url":"https:\/\/cerezadeljerte.org\/wp-content\/uploads\/2012\/04\/valle02.jpg","contentUrl":"https:\/\/cerezadeljerte.org\/wp-content\/uploads\/2012\/04\/valle02.jpg","width":960,"height":350},{"@type":"BreadcrumbList","@id":"https:\/\/cerezadeljerte.org\/en\/algo-de-historia-sobre-el-valle-de-las-cerezas-del-jerte\/#breadcrumb","itemListElement":[{"@type":"ListItem","position":1,"name":"Portada","item":"https:\/\/cerezadeljerte.org\/en\/"},{"@type":"ListItem","position":2,"name":"Algo de historia sobre el valle de las cerezas del Jerte"}]},{"@type":"WebSite","@id":"https:\/\/cerezadeljerte.org\/en\/#website","url":"https:\/\/cerezadeljerte.org\/en\/","name":"cerezadeljerte.org","description":"you\u2019re great, little one","publisher":{"@id":"https:\/\/cerezadeljerte.org\/en\/#organization"},"alternateName":"Denominaci\u00f3n de Origen de Cereza del Jerte","potentialAction":[{"@type":"SearchAction","target":{"@type":"EntryPoint","urlTemplate":"https:\/\/cerezadeljerte.org\/en\/?s={search_term_string}"},"query-input":{"@type":"PropertyValueSpecification","valueRequired":true,"valueName":"search_term_string"}}],"inLanguage":"en-US"},{"@type":"Organization","@id":"https:\/\/cerezadeljerte.org\/en\/#organization","name":"cerezadeljerte.org","alternateName":"Denominaci\u00f3n de Origen Cereza del Jerte","url":"https:\/\/cerezadeljerte.org\/en\/","logo":{"@type":"ImageObject","inLanguage":"en-US","@id":"https:\/\/cerezadeljerte.org\/en\/#\/schema\/logo\/image\/","url":"https:\/\/cerezadeljerte.org\/wp-content\/uploads\/2024\/05\/CONSEJO-REGULADOR-D.O.P_p.png","contentUrl":"https:\/\/cerezadeljerte.org\/wp-content\/uploads\/2024\/05\/CONSEJO-REGULADOR-D.O.P_p.png","width":550,"height":219,"caption":"cerezadeljerte.org"},"image":{"@id":"https:\/\/cerezadeljerte.org\/en\/#\/schema\/logo\/image\/"},"sameAs":["https:\/\/m.facebook.com\/PICOTADELJERTE\/","https:\/\/x.com\/CEREZADELJERTE"]},{"@type":"Person","@id":"https:\/\/cerezadeljerte.org\/en\/#\/schema\/person\/db07785007f349f8eeb003c8f96d3a63","name":"Picota","image":{"@type":"ImageObject","inLanguage":"en-US","@id":"https:\/\/secure.gravatar.com\/avatar\/ee24ef6a3b49d093f6bd594b1bdd386106677c83a47a3907489168695fab5834?s=96&d=mm&r=g","url":"https:\/\/secure.gravatar.com\/avatar\/ee24ef6a3b49d093f6bd594b1bdd386106677c83a47a3907489168695fab5834?s=96&d=mm&r=g","contentUrl":"https:\/\/secure.gravatar.com\/avatar\/ee24ef6a3b49d093f6bd594b1bdd386106677c83a47a3907489168695fab5834?s=96&d=mm&r=g","caption":"Picota"},"url":"https:\/\/cerezadeljerte.org\/en\/author\/picota\/"}]}},"_links":{"self":[{"href":"https:\/\/cerezadeljerte.org\/en\/wp-json\/wp\/v2\/posts\/20931","targetHints":{"allow":["GET"]}}],"collection":[{"href":"https:\/\/cerezadeljerte.org\/en\/wp-json\/wp\/v2\/posts"}],"about":[{"href":"https:\/\/cerezadeljerte.org\/en\/wp-json\/wp\/v2\/types\/post"}],"author":[{"embeddable":true,"href":"https:\/\/cerezadeljerte.org\/en\/wp-json\/wp\/v2\/users\/2"}],"replies":[{"embeddable":true,"href":"https:\/\/cerezadeljerte.org\/en\/wp-json\/wp\/v2\/comments?post=20931"}],"version-history":[{"count":1,"href":"https:\/\/cerezadeljerte.org\/en\/wp-json\/wp\/v2\/posts\/20931\/revisions"}],"predecessor-version":[{"id":25353,"href":"https:\/\/cerezadeljerte.org\/en\/wp-json\/wp\/v2\/posts\/20931\/revisions\/25353"}],"wp:featuredmedia":[{"embeddable":true,"href":"https:\/\/cerezadeljerte.org\/en\/wp-json\/wp\/v2\/media\/20932"}],"wp:attachment":[{"href":"https:\/\/cerezadeljerte.org\/en\/wp-json\/wp\/v2\/media?parent=20931"}],"wp:term":[{"taxonomy":"category","embeddable":true,"href":"https:\/\/cerezadeljerte.org\/en\/wp-json\/wp\/v2\/categories?post=20931"},{"taxonomy":"post_tag","embeddable":true,"href":"https:\/\/cerezadeljerte.org\/en\/wp-json\/wp\/v2\/tags?post=20931"}],"curies":[{"name":"wp","href":"https:\/\/api.w.org\/{rel}","templated":true}]}}