{"id":20930,"date":"2014-01-23T17:52:54","date_gmt":"2014-01-23T16:52:54","guid":{"rendered":"http:\/\/www.cerezadeljerte.org\/?p=4621"},"modified":"2025-02-11T22:28:57","modified_gmt":"2025-02-11T21:28:57","slug":"el-valle-del-jerte-en-fitur-2014","status":"publish","type":"post","link":"https:\/\/cerezadeljerte.org\/en\/el-valle-del-jerte-en-fitur-2014\/","title":{"rendered":"El Valle del Jerte en Fitur 2014"},"content":{"rendered":"<p><a href=\"https:\/\/cerezadeljerte.org\/wp-content\/uploads\/2024\/02\/primavera-y-cerezo-en-flor-valle-del-jerte-2014-1.jpg\"><img fetchpriority=\"high\" decoding=\"async\" class=\" wp-image-4622 alignright\" alt='primavera-y-cerezo-en-flor-valle-del-jerte-2014 (1)' src=\"https:\/\/cerezadeljerte.org\/wp-content\/uploads\/2024\/02\/primavera-y-cerezo-en-flor-valle-del-jerte-2014-1.jpg\" width=\"378\" height=\"529\" \/><\/a>La comarca del Valle del Jerte presentar\u00e1 ma\u00f1ana, viernes 24 de enero, el proyecto &#8220;Primavera y Cerezo en Flor en el Valle del Jerte\u201d en Fitur 2014. La presentaci\u00f3n tendr\u00e1 lugar\u00a0a las 16:00 horas en sal\u00f3n de actos del stand de Extremadura (Pabell\u00f3n 7).<\/p>\n<p>El Valle del Jerte, conocido principalmente por la floraci\u00f3n de los cerezos y su fruto, la cereza, viene celebrando desde hace unos 30 a\u00f1os \u00a0la <strong>Fiesta del Cerezo en Flor<\/strong>, momento en el que m\u00e1s de un mill\u00f3n de cerezos se visten de blanco y permiten disfrutar de unos paisajes sin igual. Sin embargo, la comarca tiene mucho m\u00e1s que ofrecer.<\/p>\n<p>Este a\u00f1o, gracias al esfuerzo conjunto de\u00a0ayuntamientos, Grupo de Acci\u00f3n Local, sector tur\u00edstico y dem\u00e1s colectivos locales, presentar\u00e1 en Fitur el programa <strong>&#8220;Primavera y Cerezo en Flor en el Valle del Jerte\u201d<\/strong>, un concepto que va m\u00e1s all\u00e1 de la Fiesta de Inter\u00e9s Tur\u00edstico Nacional del Cerezo en Flor y que incluye un programa cargado de acontecimientos culturales, deportivos, propuestas de turismo activo y naturaleza, y toda una serie de festividades ancestrales, que sumergir\u00e1n al visitante \u00e1vido de nuevas sensaciones en la forma de sentir y vivir el valle de la primavera.<\/p>\n<p>Las actividades programadas permitir\u00e1n al visitante disfrutar de los distintos paisajes y etapas por las que pasa el Valle del Jerte desde que la nieve se retira de las cumbres m\u00e1s altas de Extremadura.<strong> &#8220;El Despertar del Valle&#8221;<\/strong>,\u00a0con su r\u00edo y sus numerosas gargantas acogiendo el deshielo y transformando la comarca en el<strong> Valle del agua<\/strong>; <strong>\u201cEl Cerezo en flor\u201d<\/strong> y su posterior<strong> &#8220;Lluvia de p\u00e9talos&#8221;<\/strong>, en la que el blanco deja paso al verde de casta\u00f1os y robles, el violeta de los brezos o el amarillo de la retama, y la <strong>&#8220;Cerecera\u201d<\/strong>.<\/p>\n<p>Para saber m\u00e1s sobre la amplia oferta tur\u00edstica y cultura que ofrece el Valle del Jerte pod\u00e9is consultar informaci\u00f3n en:<\/p>\n<p>&nbsp;<\/p>\n<p>primaveraycerezoenflor.blogspot.com<br \/>\n<a href=\"http:\/\/www.turismovalledeljerte.com\/\">www.turismovalledeljerte.com<\/a><\/p>\n<p>OFICINA DE TURISMO DEL VALLE DEL JERTE<br \/>\nParaje Virgen de Pe\u00f1as Albas, s\/n.<br \/>\n10610 Cabezuela del Valle<br \/>\n927 47 25 58<br \/>\nturismo@mancomunidadvalledeljerte.com<\/p>\n<p>&nbsp;<\/p>\n<p><strong>Sociedad para la Promoci\u00f3n y\u00a0Desarrollo del Valle del Jerte<\/strong><br \/>\nCrta. N. 110 Km. 381<br \/>\n10613 Navaconcejo (C\u00e1ceres)<br \/>\nTelf: 927 471 100 \/ 02<\/p>\n<p><a href=\"http:\/\/valledeljerte.net\/\">www.valledeljerte.net<\/a><\/p>\n<p><a href=\"http:\/\/soprodevaje.blogspot.com.es\/\">http:\/\/soprodevaje.blogspot.com\/<\/a><br \/>\n<a href=\"https:\/\/es-es.facebook.com\/valledeljerte.soprodevaje\">facebook-logotipoValle del Jerte Soprodevaje<\/a><br \/>\n<a href=\"https:\/\/twitter.com\/soprodevaje\">@soprodevaje<\/a><\/p>\n","protected":false},"excerpt":{"rendered":"<p>La comarca del Valle del Jerte presentar\u00e1 ma\u00f1ana, viernes 24 de enero, el proyecto &#8220;Primavera y Cerezo en Flor en el Valle del Jerte\u201d en Fitur 2014. La presentaci\u00f3n tendr\u00e1 lugar\u00a0a las 16:00 horas en sal\u00f3n de actos del stand de Extremadura (Pabell\u00f3n 7). El Valle del Jerte, conocido principalmente por la floraci\u00f3n de los [&hellip;]<\/p>\n","protected":false},"author":2,"featured_media":20911,"comment_status":"closed","ping_status":"open","sticky":false,"template":"","format":"standard","meta":{"footnotes":""},"categories":[1101,1067],"tags":[33,34,606,607,608,609,610,29],"class_list":["post-20930","post","type-post","status-publish","format-standard","has-post-thumbnail","hentry","category-blog-es","category-turismo","tag-cerecera","tag-cerezo-en-flor","tag-despertar-del-valle","tag-fiesta-de-interes-turistico-nacional","tag-fitur-2014","tag-lluvia-de-petalos","tag-valle-del-agua","tag-valle-del-jerte"],"yoast_head":"<!-- This site is optimized with the Yoast SEO Premium plugin v25.0 (Yoast SEO v27.4) - https:\/\/yoast.com\/product\/yoast-seo-premium-wordpress\/ -->\n<title>El Valle del Jerte en Fitur 2014 | cerezadeljerte.org<\/title>\n<meta name=\"description\" content=\"La comarca del Valle del Jerte presentar\u00e1 ma\u00f1ana, viernes 24 de enero, el proyecto &quot;Primavera y Cerezo en Flor en el Valle del Jerte\u201d en Fitur 2014. La presentaci\u00f3n tendr\u00e1 lugar a las 16:00 horas en sal\u00f3n de actos del stand de Extremadura (Pabell\u00f3n 7).\" \/>\n<meta name=\"robots\" content=\"index, follow, max-snippet:-1, max-image-preview:large, max-video-preview:-1\" \/>\n<link rel=\"canonical\" href=\"https:\/\/cerezadeljerte.org\/en\/el-valle-del-jerte-en-fitur-2014\/\" \/>\n<meta property=\"og:locale\" content=\"en_US\" \/>\n<meta property=\"og:type\" content=\"article\" \/>\n<meta property=\"og:title\" content=\"El Valle del Jerte en Fitur 2014\" \/>\n<meta property=\"og:description\" content=\"La comarca del Valle del Jerte presentar\u00e1 ma\u00f1ana, viernes 24 de enero, el proyecto &quot;Primavera y Cerezo en Flor en el Valle del Jerte\u201d en Fitur 2014. La presentaci\u00f3n tendr\u00e1 lugar a las 16:00 horas en sal\u00f3n de actos del stand de Extremadura (Pabell\u00f3n 7).\" \/>\n<meta property=\"og:url\" content=\"https:\/\/cerezadeljerte.org\/en\/el-valle-del-jerte-en-fitur-2014\/\" \/>\n<meta property=\"og:site_name\" content=\"cerezadeljerte.org\" \/>\n<meta property=\"article:publisher\" content=\"https:\/\/m.facebook.com\/PICOTADELJERTE\/\" \/>\n<meta property=\"article:published_time\" content=\"2014-01-23T16:52:54+00:00\" \/>\n<meta property=\"article:modified_time\" content=\"2025-02-11T21:28:57+00:00\" \/>\n<meta property=\"og:image\" content=\"https:\/\/cerezadeljerte.org\/wp-content\/uploads\/2014\/01\/primavera-y-cerezo-en-flor-valle-del-jerte-2014-1.jpg\" \/>\n\t<meta property=\"og:image:width\" content=\"630\" \/>\n\t<meta property=\"og:image:height\" content=\"882\" \/>\n\t<meta property=\"og:image:type\" content=\"image\/jpeg\" \/>\n<meta name=\"author\" content=\"Picota\" \/>\n<meta name=\"twitter:card\" content=\"summary_large_image\" \/>\n<meta name=\"twitter:creator\" content=\"@CEREZADELJERTE\" \/>\n<meta name=\"twitter:site\" content=\"@CEREZADELJERTE\" \/>\n<script type=\"application\/ld+json\" class=\"yoast-schema-graph\">{\"@context\":\"https:\\\/\\\/schema.org\",\"@graph\":[{\"@type\":\"Article\",\"@id\":\"https:\\\/\\\/cerezadeljerte.org\\\/en\\\/el-valle-del-jerte-en-fitur-2014\\\/#article\",\"isPartOf\":{\"@id\":\"https:\\\/\\\/cerezadeljerte.org\\\/en\\\/el-valle-del-jerte-en-fitur-2014\\\/\"},\"author\":{\"name\":\"Picota\",\"@id\":\"https:\\\/\\\/cerezadeljerte.org\\\/en\\\/#\\\/schema\\\/person\\\/db07785007f349f8eeb003c8f96d3a63\"},\"headline\":\"El Valle del Jerte en Fitur 2014\",\"datePublished\":\"2014-01-23T16:52:54+00:00\",\"dateModified\":\"2025-02-11T21:28:57+00:00\",\"mainEntityOfPage\":{\"@id\":\"https:\\\/\\\/cerezadeljerte.org\\\/en\\\/el-valle-del-jerte-en-fitur-2014\\\/\"},\"wordCount\":399,\"publisher\":{\"@id\":\"https:\\\/\\\/cerezadeljerte.org\\\/en\\\/#organization\"},\"image\":{\"@id\":\"https:\\\/\\\/cerezadeljerte.org\\\/en\\\/el-valle-del-jerte-en-fitur-2014\\\/#primaryimage\"},\"thumbnailUrl\":\"https:\\\/\\\/cerezadeljerte.org\\\/wp-content\\\/uploads\\\/2014\\\/01\\\/primavera-y-cerezo-en-flor-valle-del-jerte-2014-1.jpg\",\"keywords\":[\"Cerecera\",\"Cerezo en Flor\",\"Despertar del Valle\",\"fiesta de inter\u00e9s tur\u00edstico nacional\",\"Fitur 2014\",\"lluvia de p\u00e9talos\",\"Valle del agua\",\"Valle del Jerte\"],\"articleSection\":[\"blog es\",\"turismo\"],\"inLanguage\":\"en-US\"},{\"@type\":\"WebPage\",\"@id\":\"https:\\\/\\\/cerezadeljerte.org\\\/en\\\/el-valle-del-jerte-en-fitur-2014\\\/\",\"url\":\"https:\\\/\\\/cerezadeljerte.org\\\/en\\\/el-valle-del-jerte-en-fitur-2014\\\/\",\"name\":\"El Valle del Jerte en Fitur 2014 | cerezadeljerte.org\",\"isPartOf\":{\"@id\":\"https:\\\/\\\/cerezadeljerte.org\\\/en\\\/#website\"},\"primaryImageOfPage\":{\"@id\":\"https:\\\/\\\/cerezadeljerte.org\\\/en\\\/el-valle-del-jerte-en-fitur-2014\\\/#primaryimage\"},\"image\":{\"@id\":\"https:\\\/\\\/cerezadeljerte.org\\\/en\\\/el-valle-del-jerte-en-fitur-2014\\\/#primaryimage\"},\"thumbnailUrl\":\"https:\\\/\\\/cerezadeljerte.org\\\/wp-content\\\/uploads\\\/2014\\\/01\\\/primavera-y-cerezo-en-flor-valle-del-jerte-2014-1.jpg\",\"datePublished\":\"2014-01-23T16:52:54+00:00\",\"dateModified\":\"2025-02-11T21:28:57+00:00\",\"description\":\"La comarca del Valle del Jerte presentar\u00e1 ma\u00f1ana, viernes 24 de enero, el proyecto \\\"Primavera y Cerezo en Flor en el Valle del Jerte\u201d en Fitur 2014. La presentaci\u00f3n tendr\u00e1 lugar a las 16:00 horas en sal\u00f3n de actos del stand de Extremadura (Pabell\u00f3n 7).\",\"breadcrumb\":{\"@id\":\"https:\\\/\\\/cerezadeljerte.org\\\/en\\\/el-valle-del-jerte-en-fitur-2014\\\/#breadcrumb\"},\"inLanguage\":\"en-US\",\"potentialAction\":[{\"@type\":\"ReadAction\",\"target\":[\"https:\\\/\\\/cerezadeljerte.org\\\/en\\\/el-valle-del-jerte-en-fitur-2014\\\/\"]}]},{\"@type\":\"ImageObject\",\"inLanguage\":\"en-US\",\"@id\":\"https:\\\/\\\/cerezadeljerte.org\\\/en\\\/el-valle-del-jerte-en-fitur-2014\\\/#primaryimage\",\"url\":\"https:\\\/\\\/cerezadeljerte.org\\\/wp-content\\\/uploads\\\/2014\\\/01\\\/primavera-y-cerezo-en-flor-valle-del-jerte-2014-1.jpg\",\"contentUrl\":\"https:\\\/\\\/cerezadeljerte.org\\\/wp-content\\\/uploads\\\/2014\\\/01\\\/primavera-y-cerezo-en-flor-valle-del-jerte-2014-1.jpg\",\"width\":630,\"height\":882},{\"@type\":\"BreadcrumbList\",\"@id\":\"https:\\\/\\\/cerezadeljerte.org\\\/en\\\/el-valle-del-jerte-en-fitur-2014\\\/#breadcrumb\",\"itemListElement\":[{\"@type\":\"ListItem\",\"position\":1,\"name\":\"Portada\",\"item\":\"https:\\\/\\\/cerezadeljerte.org\\\/en\\\/\"},{\"@type\":\"ListItem\",\"position\":2,\"name\":\"El Valle del Jerte en Fitur 2014\"}]},{\"@type\":\"WebSite\",\"@id\":\"https:\\\/\\\/cerezadeljerte.org\\\/en\\\/#website\",\"url\":\"https:\\\/\\\/cerezadeljerte.org\\\/en\\\/\",\"name\":\"cerezadeljerte.org\",\"description\":\"you\u2019re great, little one\",\"publisher\":{\"@id\":\"https:\\\/\\\/cerezadeljerte.org\\\/en\\\/#organization\"},\"alternateName\":\"Denominaci\u00f3n de Origen de Cereza del Jerte\",\"potentialAction\":[{\"@type\":\"SearchAction\",\"target\":{\"@type\":\"EntryPoint\",\"urlTemplate\":\"https:\\\/\\\/cerezadeljerte.org\\\/en\\\/?s={search_term_string}\"},\"query-input\":{\"@type\":\"PropertyValueSpecification\",\"valueRequired\":true,\"valueName\":\"search_term_string\"}}],\"inLanguage\":\"en-US\"},{\"@type\":\"Organization\",\"@id\":\"https:\\\/\\\/cerezadeljerte.org\\\/en\\\/#organization\",\"name\":\"cerezadeljerte.org\",\"alternateName\":\"Denominaci\u00f3n de Origen Cereza del Jerte\",\"url\":\"https:\\\/\\\/cerezadeljerte.org\\\/en\\\/\",\"logo\":{\"@type\":\"ImageObject\",\"inLanguage\":\"en-US\",\"@id\":\"https:\\\/\\\/cerezadeljerte.org\\\/en\\\/#\\\/schema\\\/logo\\\/image\\\/\",\"url\":\"https:\\\/\\\/cerezadeljerte.org\\\/wp-content\\\/uploads\\\/2024\\\/05\\\/CONSEJO-REGULADOR-D.O.P_p.png\",\"contentUrl\":\"https:\\\/\\\/cerezadeljerte.org\\\/wp-content\\\/uploads\\\/2024\\\/05\\\/CONSEJO-REGULADOR-D.O.P_p.png\",\"width\":550,\"height\":219,\"caption\":\"cerezadeljerte.org\"},\"image\":{\"@id\":\"https:\\\/\\\/cerezadeljerte.org\\\/en\\\/#\\\/schema\\\/logo\\\/image\\\/\"},\"sameAs\":[\"https:\\\/\\\/m.facebook.com\\\/PICOTADELJERTE\\\/\",\"https:\\\/\\\/x.com\\\/CEREZADELJERTE\"]},{\"@type\":\"Person\",\"@id\":\"https:\\\/\\\/cerezadeljerte.org\\\/en\\\/#\\\/schema\\\/person\\\/db07785007f349f8eeb003c8f96d3a63\",\"name\":\"Picota\",\"image\":{\"@type\":\"ImageObject\",\"inLanguage\":\"en-US\",\"@id\":\"https:\\\/\\\/secure.gravatar.com\\\/avatar\\\/ee24ef6a3b49d093f6bd594b1bdd386106677c83a47a3907489168695fab5834?s=96&d=mm&r=g\",\"url\":\"https:\\\/\\\/secure.gravatar.com\\\/avatar\\\/ee24ef6a3b49d093f6bd594b1bdd386106677c83a47a3907489168695fab5834?s=96&d=mm&r=g\",\"contentUrl\":\"https:\\\/\\\/secure.gravatar.com\\\/avatar\\\/ee24ef6a3b49d093f6bd594b1bdd386106677c83a47a3907489168695fab5834?s=96&d=mm&r=g\",\"caption\":\"Picota\"},\"url\":\"https:\\\/\\\/cerezadeljerte.org\\\/en\\\/author\\\/picota\\\/\"}]}<\/script>\n<!-- \/ Yoast SEO Premium plugin. -->","yoast_head_json":{"title":"El Valle del Jerte en Fitur 2014 | cerezadeljerte.org","description":"La comarca del Valle del Jerte presentar\u00e1 ma\u00f1ana, viernes 24 de enero, el proyecto \"Primavera y Cerezo en Flor en el Valle del Jerte\u201d en Fitur 2014. La presentaci\u00f3n tendr\u00e1 lugar a las 16:00 horas en sal\u00f3n de actos del stand de Extremadura (Pabell\u00f3n 7).","robots":{"index":"index","follow":"follow","max-snippet":"max-snippet:-1","max-image-preview":"max-image-preview:large","max-video-preview":"max-video-preview:-1"},"canonical":"https:\/\/cerezadeljerte.org\/en\/el-valle-del-jerte-en-fitur-2014\/","og_locale":"en_US","og_type":"article","og_title":"El Valle del Jerte en Fitur 2014","og_description":"La comarca del Valle del Jerte presentar\u00e1 ma\u00f1ana, viernes 24 de enero, el proyecto \"Primavera y Cerezo en Flor en el Valle del Jerte\u201d en Fitur 2014. La presentaci\u00f3n tendr\u00e1 lugar a las 16:00 horas en sal\u00f3n de actos del stand de Extremadura (Pabell\u00f3n 7).","og_url":"https:\/\/cerezadeljerte.org\/en\/el-valle-del-jerte-en-fitur-2014\/","og_site_name":"cerezadeljerte.org","article_publisher":"https:\/\/m.facebook.com\/PICOTADELJERTE\/","article_published_time":"2014-01-23T16:52:54+00:00","article_modified_time":"2025-02-11T21:28:57+00:00","og_image":[{"width":630,"height":882,"url":"https:\/\/cerezadeljerte.org\/wp-content\/uploads\/2014\/01\/primavera-y-cerezo-en-flor-valle-del-jerte-2014-1.jpg","type":"image\/jpeg"}],"author":"Picota","twitter_card":"summary_large_image","twitter_creator":"@CEREZADELJERTE","twitter_site":"@CEREZADELJERTE","schema":{"@context":"https:\/\/schema.org","@graph":[{"@type":"Article","@id":"https:\/\/cerezadeljerte.org\/en\/el-valle-del-jerte-en-fitur-2014\/#article","isPartOf":{"@id":"https:\/\/cerezadeljerte.org\/en\/el-valle-del-jerte-en-fitur-2014\/"},"author":{"name":"Picota","@id":"https:\/\/cerezadeljerte.org\/en\/#\/schema\/person\/db07785007f349f8eeb003c8f96d3a63"},"headline":"El Valle del Jerte en Fitur 2014","datePublished":"2014-01-23T16:52:54+00:00","dateModified":"2025-02-11T21:28:57+00:00","mainEntityOfPage":{"@id":"https:\/\/cerezadeljerte.org\/en\/el-valle-del-jerte-en-fitur-2014\/"},"wordCount":399,"publisher":{"@id":"https:\/\/cerezadeljerte.org\/en\/#organization"},"image":{"@id":"https:\/\/cerezadeljerte.org\/en\/el-valle-del-jerte-en-fitur-2014\/#primaryimage"},"thumbnailUrl":"https:\/\/cerezadeljerte.org\/wp-content\/uploads\/2014\/01\/primavera-y-cerezo-en-flor-valle-del-jerte-2014-1.jpg","keywords":["Cerecera","Cerezo en Flor","Despertar del Valle","fiesta de inter\u00e9s tur\u00edstico nacional","Fitur 2014","lluvia de p\u00e9talos","Valle del agua","Valle del Jerte"],"articleSection":["blog es","turismo"],"inLanguage":"en-US"},{"@type":"WebPage","@id":"https:\/\/cerezadeljerte.org\/en\/el-valle-del-jerte-en-fitur-2014\/","url":"https:\/\/cerezadeljerte.org\/en\/el-valle-del-jerte-en-fitur-2014\/","name":"El Valle del Jerte en Fitur 2014 | cerezadeljerte.org","isPartOf":{"@id":"https:\/\/cerezadeljerte.org\/en\/#website"},"primaryImageOfPage":{"@id":"https:\/\/cerezadeljerte.org\/en\/el-valle-del-jerte-en-fitur-2014\/#primaryimage"},"image":{"@id":"https:\/\/cerezadeljerte.org\/en\/el-valle-del-jerte-en-fitur-2014\/#primaryimage"},"thumbnailUrl":"https:\/\/cerezadeljerte.org\/wp-content\/uploads\/2014\/01\/primavera-y-cerezo-en-flor-valle-del-jerte-2014-1.jpg","datePublished":"2014-01-23T16:52:54+00:00","dateModified":"2025-02-11T21:28:57+00:00","description":"La comarca del Valle del Jerte presentar\u00e1 ma\u00f1ana, viernes 24 de enero, el proyecto \"Primavera y Cerezo en Flor en el Valle del Jerte\u201d en Fitur 2014. La presentaci\u00f3n tendr\u00e1 lugar a las 16:00 horas en sal\u00f3n de actos del stand de Extremadura (Pabell\u00f3n 7).","breadcrumb":{"@id":"https:\/\/cerezadeljerte.org\/en\/el-valle-del-jerte-en-fitur-2014\/#breadcrumb"},"inLanguage":"en-US","potentialAction":[{"@type":"ReadAction","target":["https:\/\/cerezadeljerte.org\/en\/el-valle-del-jerte-en-fitur-2014\/"]}]},{"@type":"ImageObject","inLanguage":"en-US","@id":"https:\/\/cerezadeljerte.org\/en\/el-valle-del-jerte-en-fitur-2014\/#primaryimage","url":"https:\/\/cerezadeljerte.org\/wp-content\/uploads\/2014\/01\/primavera-y-cerezo-en-flor-valle-del-jerte-2014-1.jpg","contentUrl":"https:\/\/cerezadeljerte.org\/wp-content\/uploads\/2014\/01\/primavera-y-cerezo-en-flor-valle-del-jerte-2014-1.jpg","width":630,"height":882},{"@type":"BreadcrumbList","@id":"https:\/\/cerezadeljerte.org\/en\/el-valle-del-jerte-en-fitur-2014\/#breadcrumb","itemListElement":[{"@type":"ListItem","position":1,"name":"Portada","item":"https:\/\/cerezadeljerte.org\/en\/"},{"@type":"ListItem","position":2,"name":"El Valle del Jerte en Fitur 2014"}]},{"@type":"WebSite","@id":"https:\/\/cerezadeljerte.org\/en\/#website","url":"https:\/\/cerezadeljerte.org\/en\/","name":"cerezadeljerte.org","description":"you\u2019re great, little one","publisher":{"@id":"https:\/\/cerezadeljerte.org\/en\/#organization"},"alternateName":"Denominaci\u00f3n de Origen de Cereza del Jerte","potentialAction":[{"@type":"SearchAction","target":{"@type":"EntryPoint","urlTemplate":"https:\/\/cerezadeljerte.org\/en\/?s={search_term_string}"},"query-input":{"@type":"PropertyValueSpecification","valueRequired":true,"valueName":"search_term_string"}}],"inLanguage":"en-US"},{"@type":"Organization","@id":"https:\/\/cerezadeljerte.org\/en\/#organization","name":"cerezadeljerte.org","alternateName":"Denominaci\u00f3n de Origen Cereza del Jerte","url":"https:\/\/cerezadeljerte.org\/en\/","logo":{"@type":"ImageObject","inLanguage":"en-US","@id":"https:\/\/cerezadeljerte.org\/en\/#\/schema\/logo\/image\/","url":"https:\/\/cerezadeljerte.org\/wp-content\/uploads\/2024\/05\/CONSEJO-REGULADOR-D.O.P_p.png","contentUrl":"https:\/\/cerezadeljerte.org\/wp-content\/uploads\/2024\/05\/CONSEJO-REGULADOR-D.O.P_p.png","width":550,"height":219,"caption":"cerezadeljerte.org"},"image":{"@id":"https:\/\/cerezadeljerte.org\/en\/#\/schema\/logo\/image\/"},"sameAs":["https:\/\/m.facebook.com\/PICOTADELJERTE\/","https:\/\/x.com\/CEREZADELJERTE"]},{"@type":"Person","@id":"https:\/\/cerezadeljerte.org\/en\/#\/schema\/person\/db07785007f349f8eeb003c8f96d3a63","name":"Picota","image":{"@type":"ImageObject","inLanguage":"en-US","@id":"https:\/\/secure.gravatar.com\/avatar\/ee24ef6a3b49d093f6bd594b1bdd386106677c83a47a3907489168695fab5834?s=96&d=mm&r=g","url":"https:\/\/secure.gravatar.com\/avatar\/ee24ef6a3b49d093f6bd594b1bdd386106677c83a47a3907489168695fab5834?s=96&d=mm&r=g","contentUrl":"https:\/\/secure.gravatar.com\/avatar\/ee24ef6a3b49d093f6bd594b1bdd386106677c83a47a3907489168695fab5834?s=96&d=mm&r=g","caption":"Picota"},"url":"https:\/\/cerezadeljerte.org\/en\/author\/picota\/"}]}},"_links":{"self":[{"href":"https:\/\/cerezadeljerte.org\/en\/wp-json\/wp\/v2\/posts\/20930","targetHints":{"allow":["GET"]}}],"collection":[{"href":"https:\/\/cerezadeljerte.org\/en\/wp-json\/wp\/v2\/posts"}],"about":[{"href":"https:\/\/cerezadeljerte.org\/en\/wp-json\/wp\/v2\/types\/post"}],"author":[{"embeddable":true,"href":"https:\/\/cerezadeljerte.org\/en\/wp-json\/wp\/v2\/users\/2"}],"replies":[{"embeddable":true,"href":"https:\/\/cerezadeljerte.org\/en\/wp-json\/wp\/v2\/comments?post=20930"}],"version-history":[{"count":1,"href":"https:\/\/cerezadeljerte.org\/en\/wp-json\/wp\/v2\/posts\/20930\/revisions"}],"predecessor-version":[{"id":25352,"href":"https:\/\/cerezadeljerte.org\/en\/wp-json\/wp\/v2\/posts\/20930\/revisions\/25352"}],"wp:featuredmedia":[{"embeddable":true,"href":"https:\/\/cerezadeljerte.org\/en\/wp-json\/wp\/v2\/media\/20911"}],"wp:attachment":[{"href":"https:\/\/cerezadeljerte.org\/en\/wp-json\/wp\/v2\/media?parent=20930"}],"wp:term":[{"taxonomy":"category","embeddable":true,"href":"https:\/\/cerezadeljerte.org\/en\/wp-json\/wp\/v2\/categories?post=20930"},{"taxonomy":"post_tag","embeddable":true,"href":"https:\/\/cerezadeljerte.org\/en\/wp-json\/wp\/v2\/tags?post=20930"}],"curies":[{"name":"wp","href":"https:\/\/api.w.org\/{rel}","templated":true}]}}