{"id":20925,"date":"2014-02-14T19:49:44","date_gmt":"2014-02-14T18:49:44","guid":{"rendered":"http:\/\/www.cerezadeljerte.org\/?p=4680"},"modified":"2025-02-11T22:28:57","modified_gmt":"2025-02-11T21:28:57","slug":"desde-tornavacas-por-la-ruta-del-rebeco","status":"publish","type":"post","link":"https:\/\/cerezadeljerte.org\/en\/desde-tornavacas-por-la-ruta-del-rebeco\/","title":{"rendered":"Desde Tornavacas por la ruta del Rebeco"},"content":{"rendered":"<p>El elemento que hace tan especiales y saludables a las picotas del Jerte es el entorno en el que crecen. La mejor manera de <a href=\"https:\/\/cerezadeljerte.org\/dos-rutas-de-senderismo-en-el-valle-del-jerte-para-conocer-navaconcejo\/\">conocerlo es caminando<\/a>, para disfrutar del paisaje. No importa la \u00e9poca del a\u00f1o. Por eso es habitual que os propongamos distintas rutas para conocer el Valle del Jete y de sus inmediaciones. En esta ocasi\u00f3n toca una <strong>ruta de alta monta\u00f1a<\/strong>, de dificultad tambi\u00e9n alta: la ruta del Rebeco.<\/p>\n<p>La Ruta del Rebeco recibe este nombre en homenaje al escalador de Tornavacas <strong>Jos\u00e9 \u00c1ngel Lucas<\/strong>, <em>El Rebeco<\/em>. Es circular, se parte de Tornavacas y se regresa al mismo pueblo, pasando por <strong>La Campana<\/strong>, <strong>El Turmal<\/strong> y <strong>El Torre\u00f3n<\/strong>. La duraci\u00f3n se estima entre 10 y 13 horas, seg\u00fan el recorrido.<\/p>\n<p>&nbsp;<\/p>\n<h3>Un recorrido circular con vistas espectaculares<\/h3>\n<p>Exiten varias alternativas para realizar la ruta. La que propone la<a href=\"http:\/\/www.turismovalledeljerte.com\/que-ver-en-el-valle-del-jerte\/naturaleza-activa\/rutas-de-senderismo\/ruta-de-alta-montana-el-rebeco\"><strong> Oficina de Turismo del Valle del Jerte<\/strong><\/a> sale de Tornavacas por el camio del Chorrillo hasta atravesar la N-110. Desde ah\u00ed se inicia la ascensi\u00f3n por el Arroyo de Don Pedro y el Llano de la Fuente. Se abandona a continuaci\u00f3n la pista para entrar en la <strong>Dehesa del Cardal<\/strong>. En este tramo destacan los robles que el viajero encontrar\u00e1 a su paso y que van escaseando a medida que se asciende.<\/p>\n<p>La siguiente punto es la <strong>Dehesa de la Campana<\/strong> y, posteriormente, el pico del mismo nombre (2.091 m), que se bordea por la vertiente abulense para llegar a un amplio collado. Luego se remonta la loma que culmina en <strong>El Turmal<\/strong> (2.315) y, a continuaci\u00f3n, se avanza hasta la <strong>Portilla de Talamanca<\/strong>. Aqu\u00ed se encuentra el paso m\u00e1s delicado de la traves\u00eda, trepando directamente por la cuerda y cambiando de vertiente para buscar en cada momento el mejor itinerario.<\/p>\n<p>Se llega a los llanos de la cuerda del <strong>Calviterio<\/strong>, pico m\u00e1s alto de la regi\u00f3n, y se sigue a continuaci\u00f3n hacia el sur con destino a <strong>El Torre\u00f3n<\/strong> (2.401), donde se encuentra el paso del Tranco del Diablo, que se supera por la vertiente de Tornavacas con facilidad.<\/p>\n<p>A partir de aqu\u00ed, comienza el descenso a Tornavacas, direcci\u00f3n Este hacia el asiento de la Plaza del Losar para continuar hasta las Lagunillas. Por la izquierda, se desciende por Regajo Grande y Los Cerrillares. Se avanza hacia Majacerezo, para encontrar la majada del Tejadillo, donde est\u00e1 la <strong>Cueva de Santiago Le\u00f3n<\/strong> (El Covacha). Por trocha se llega a Llanominguez para tomar la pista que baja a las Becedas y las Longueras y, finalmente, por las Hoyuelas, a Tornavacas, entrando por la calle Real de Abajo.<\/p>\n<p>Para acceder a las mismas cumbres, la oficina de turismo del Valle del Jerte propone otras dos rutas desde el Jerte y Candelario.<\/p>\n<p>Sobre la experiencia de la ruta, pod\u00e9is encontrar igualmente interesante esta entrada en <a href=\"http:\/\/paredesdelmundo.blogspot.com.es\/2009\/05\/ruta-de-el-rebeco-una-ruta-con-el.html\"><strong>Mundo Vertical.<\/strong><\/a><\/p>\n","protected":false},"excerpt":{"rendered":"<p>El elemento que hace tan especiales y saludables a las picotas del Jerte es el entorno en el que crecen. La mejor manera de conocerlo es caminando, para disfrutar del paisaje. No importa la \u00e9poca del a\u00f1o. Por eso es habitual que os propongamos distintas rutas para conocer el Valle del Jete y de sus [&hellip;]<\/p>\n","protected":false},"author":2,"featured_media":20926,"comment_status":"closed","ping_status":"open","sticky":false,"template":"","format":"standard","meta":{"footnotes":""},"categories":[1101,1067],"tags":[622,623,624,625,626,627,41,29],"class_list":["post-20925","post","type-post","status-publish","format-standard","has-post-thumbnail","hentry","category-blog-es","category-turismo","tag-calviterio","tag-el-rebeco","tag-el-torreon","tag-el-turmal","tag-la-campana","tag-rutas","tag-tornavacas","tag-valle-del-jerte"],"yoast_head":"<!-- This site is optimized with the Yoast SEO Premium plugin v25.0 (Yoast SEO v27.4) - https:\/\/yoast.com\/product\/yoast-seo-premium-wordpress\/ -->\n<title>Desde Tornavacas por la ruta del Rebeco<\/title>\n<meta name=\"description\" content=\"El elemento que hace tan especiales a las picotas del Jerte es el entorno en el que crecen. Para disfrutarlo, os proponemos la ruta del Rebeco.\" \/>\n<meta name=\"robots\" content=\"index, follow, max-snippet:-1, max-image-preview:large, max-video-preview:-1\" \/>\n<link rel=\"canonical\" href=\"https:\/\/cerezadeljerte.org\/en\/desde-tornavacas-por-la-ruta-del-rebeco\/\" \/>\n<meta property=\"og:locale\" content=\"en_US\" \/>\n<meta property=\"og:type\" content=\"article\" \/>\n<meta property=\"og:title\" content=\"Desde Tornavacas por la ruta del Rebeco\" \/>\n<meta property=\"og:description\" content=\"El elemento que hace tan especiales a las picotas del Jerte es el entorno en el que crecen. Para disfrutarlo, os proponemos la ruta del Rebeco.\" \/>\n<meta property=\"og:url\" content=\"https:\/\/cerezadeljerte.org\/en\/desde-tornavacas-por-la-ruta-del-rebeco\/\" \/>\n<meta property=\"og:site_name\" content=\"cerezadeljerte.org\" \/>\n<meta property=\"article:publisher\" content=\"https:\/\/m.facebook.com\/PICOTADELJERTE\/\" \/>\n<meta property=\"article:published_time\" content=\"2014-02-14T18:49:44+00:00\" \/>\n<meta property=\"article:modified_time\" content=\"2025-02-11T21:28:57+00:00\" \/>\n<meta property=\"og:image\" content=\"https:\/\/cerezadeljerte.org\/wp-content\/uploads\/2014\/02\/senderismo.jpg\" \/>\n\t<meta property=\"og:image:width\" content=\"950\" \/>\n\t<meta property=\"og:image:height\" content=\"396\" \/>\n\t<meta property=\"og:image:type\" content=\"image\/jpeg\" \/>\n<meta name=\"author\" content=\"Picota\" \/>\n<meta name=\"twitter:card\" content=\"summary_large_image\" \/>\n<meta name=\"twitter:creator\" content=\"@CEREZADELJERTE\" \/>\n<meta name=\"twitter:site\" content=\"@CEREZADELJERTE\" \/>\n<script type=\"application\/ld+json\" class=\"yoast-schema-graph\">{\"@context\":\"https:\\\/\\\/schema.org\",\"@graph\":[{\"@type\":\"Article\",\"@id\":\"https:\\\/\\\/cerezadeljerte.org\\\/en\\\/desde-tornavacas-por-la-ruta-del-rebeco\\\/#article\",\"isPartOf\":{\"@id\":\"https:\\\/\\\/cerezadeljerte.org\\\/en\\\/desde-tornavacas-por-la-ruta-del-rebeco\\\/\"},\"author\":{\"name\":\"Picota\",\"@id\":\"https:\\\/\\\/cerezadeljerte.org\\\/en\\\/#\\\/schema\\\/person\\\/db07785007f349f8eeb003c8f96d3a63\"},\"headline\":\"Desde Tornavacas por la ruta del Rebeco\",\"datePublished\":\"2014-02-14T18:49:44+00:00\",\"dateModified\":\"2025-02-11T21:28:57+00:00\",\"mainEntityOfPage\":{\"@id\":\"https:\\\/\\\/cerezadeljerte.org\\\/en\\\/desde-tornavacas-por-la-ruta-del-rebeco\\\/\"},\"wordCount\":487,\"publisher\":{\"@id\":\"https:\\\/\\\/cerezadeljerte.org\\\/en\\\/#organization\"},\"image\":{\"@id\":\"https:\\\/\\\/cerezadeljerte.org\\\/en\\\/desde-tornavacas-por-la-ruta-del-rebeco\\\/#primaryimage\"},\"thumbnailUrl\":\"https:\\\/\\\/cerezadeljerte.org\\\/wp-content\\\/uploads\\\/2014\\\/02\\\/senderismo.jpg\",\"keywords\":[\"Calviterio\",\"El Rebeco\",\"El Torre\u00f3n\",\"El Turmal\",\"La Campana\",\"rutas\",\"Tornavacas\",\"Valle del Jerte\"],\"articleSection\":[\"blog es\",\"turismo\"],\"inLanguage\":\"en-US\"},{\"@type\":\"WebPage\",\"@id\":\"https:\\\/\\\/cerezadeljerte.org\\\/en\\\/desde-tornavacas-por-la-ruta-del-rebeco\\\/\",\"url\":\"https:\\\/\\\/cerezadeljerte.org\\\/en\\\/desde-tornavacas-por-la-ruta-del-rebeco\\\/\",\"name\":\"Desde Tornavacas por la ruta del Rebeco\",\"isPartOf\":{\"@id\":\"https:\\\/\\\/cerezadeljerte.org\\\/en\\\/#website\"},\"primaryImageOfPage\":{\"@id\":\"https:\\\/\\\/cerezadeljerte.org\\\/en\\\/desde-tornavacas-por-la-ruta-del-rebeco\\\/#primaryimage\"},\"image\":{\"@id\":\"https:\\\/\\\/cerezadeljerte.org\\\/en\\\/desde-tornavacas-por-la-ruta-del-rebeco\\\/#primaryimage\"},\"thumbnailUrl\":\"https:\\\/\\\/cerezadeljerte.org\\\/wp-content\\\/uploads\\\/2014\\\/02\\\/senderismo.jpg\",\"datePublished\":\"2014-02-14T18:49:44+00:00\",\"dateModified\":\"2025-02-11T21:28:57+00:00\",\"description\":\"El elemento que hace tan especiales a las picotas del Jerte es el entorno en el que crecen. Para disfrutarlo, os proponemos la ruta del Rebeco.\",\"breadcrumb\":{\"@id\":\"https:\\\/\\\/cerezadeljerte.org\\\/en\\\/desde-tornavacas-por-la-ruta-del-rebeco\\\/#breadcrumb\"},\"inLanguage\":\"en-US\",\"potentialAction\":[{\"@type\":\"ReadAction\",\"target\":[\"https:\\\/\\\/cerezadeljerte.org\\\/en\\\/desde-tornavacas-por-la-ruta-del-rebeco\\\/\"]}]},{\"@type\":\"ImageObject\",\"inLanguage\":\"en-US\",\"@id\":\"https:\\\/\\\/cerezadeljerte.org\\\/en\\\/desde-tornavacas-por-la-ruta-del-rebeco\\\/#primaryimage\",\"url\":\"https:\\\/\\\/cerezadeljerte.org\\\/wp-content\\\/uploads\\\/2014\\\/02\\\/senderismo.jpg\",\"contentUrl\":\"https:\\\/\\\/cerezadeljerte.org\\\/wp-content\\\/uploads\\\/2014\\\/02\\\/senderismo.jpg\",\"width\":950,\"height\":396},{\"@type\":\"BreadcrumbList\",\"@id\":\"https:\\\/\\\/cerezadeljerte.org\\\/en\\\/desde-tornavacas-por-la-ruta-del-rebeco\\\/#breadcrumb\",\"itemListElement\":[{\"@type\":\"ListItem\",\"position\":1,\"name\":\"Portada\",\"item\":\"https:\\\/\\\/cerezadeljerte.org\\\/en\\\/\"},{\"@type\":\"ListItem\",\"position\":2,\"name\":\"Desde Tornavacas por la ruta del Rebeco\"}]},{\"@type\":\"WebSite\",\"@id\":\"https:\\\/\\\/cerezadeljerte.org\\\/en\\\/#website\",\"url\":\"https:\\\/\\\/cerezadeljerte.org\\\/en\\\/\",\"name\":\"cerezadeljerte.org\",\"description\":\"you\u2019re great, little one\",\"publisher\":{\"@id\":\"https:\\\/\\\/cerezadeljerte.org\\\/en\\\/#organization\"},\"alternateName\":\"Denominaci\u00f3n de Origen de Cereza del Jerte\",\"potentialAction\":[{\"@type\":\"SearchAction\",\"target\":{\"@type\":\"EntryPoint\",\"urlTemplate\":\"https:\\\/\\\/cerezadeljerte.org\\\/en\\\/?s={search_term_string}\"},\"query-input\":{\"@type\":\"PropertyValueSpecification\",\"valueRequired\":true,\"valueName\":\"search_term_string\"}}],\"inLanguage\":\"en-US\"},{\"@type\":\"Organization\",\"@id\":\"https:\\\/\\\/cerezadeljerte.org\\\/en\\\/#organization\",\"name\":\"cerezadeljerte.org\",\"alternateName\":\"Denominaci\u00f3n de Origen Cereza del Jerte\",\"url\":\"https:\\\/\\\/cerezadeljerte.org\\\/en\\\/\",\"logo\":{\"@type\":\"ImageObject\",\"inLanguage\":\"en-US\",\"@id\":\"https:\\\/\\\/cerezadeljerte.org\\\/en\\\/#\\\/schema\\\/logo\\\/image\\\/\",\"url\":\"https:\\\/\\\/cerezadeljerte.org\\\/wp-content\\\/uploads\\\/2024\\\/05\\\/CONSEJO-REGULADOR-D.O.P_p.png\",\"contentUrl\":\"https:\\\/\\\/cerezadeljerte.org\\\/wp-content\\\/uploads\\\/2024\\\/05\\\/CONSEJO-REGULADOR-D.O.P_p.png\",\"width\":550,\"height\":219,\"caption\":\"cerezadeljerte.org\"},\"image\":{\"@id\":\"https:\\\/\\\/cerezadeljerte.org\\\/en\\\/#\\\/schema\\\/logo\\\/image\\\/\"},\"sameAs\":[\"https:\\\/\\\/m.facebook.com\\\/PICOTADELJERTE\\\/\",\"https:\\\/\\\/x.com\\\/CEREZADELJERTE\"]},{\"@type\":\"Person\",\"@id\":\"https:\\\/\\\/cerezadeljerte.org\\\/en\\\/#\\\/schema\\\/person\\\/db07785007f349f8eeb003c8f96d3a63\",\"name\":\"Picota\",\"image\":{\"@type\":\"ImageObject\",\"inLanguage\":\"en-US\",\"@id\":\"https:\\\/\\\/secure.gravatar.com\\\/avatar\\\/ee24ef6a3b49d093f6bd594b1bdd386106677c83a47a3907489168695fab5834?s=96&d=mm&r=g\",\"url\":\"https:\\\/\\\/secure.gravatar.com\\\/avatar\\\/ee24ef6a3b49d093f6bd594b1bdd386106677c83a47a3907489168695fab5834?s=96&d=mm&r=g\",\"contentUrl\":\"https:\\\/\\\/secure.gravatar.com\\\/avatar\\\/ee24ef6a3b49d093f6bd594b1bdd386106677c83a47a3907489168695fab5834?s=96&d=mm&r=g\",\"caption\":\"Picota\"},\"url\":\"https:\\\/\\\/cerezadeljerte.org\\\/en\\\/author\\\/picota\\\/\"}]}<\/script>\n<!-- \/ Yoast SEO Premium plugin. -->","yoast_head_json":{"title":"Desde Tornavacas por la ruta del Rebeco","description":"El elemento que hace tan especiales a las picotas del Jerte es el entorno en el que crecen. Para disfrutarlo, os proponemos la ruta del Rebeco.","robots":{"index":"index","follow":"follow","max-snippet":"max-snippet:-1","max-image-preview":"max-image-preview:large","max-video-preview":"max-video-preview:-1"},"canonical":"https:\/\/cerezadeljerte.org\/en\/desde-tornavacas-por-la-ruta-del-rebeco\/","og_locale":"en_US","og_type":"article","og_title":"Desde Tornavacas por la ruta del Rebeco","og_description":"El elemento que hace tan especiales a las picotas del Jerte es el entorno en el que crecen. Para disfrutarlo, os proponemos la ruta del Rebeco.","og_url":"https:\/\/cerezadeljerte.org\/en\/desde-tornavacas-por-la-ruta-del-rebeco\/","og_site_name":"cerezadeljerte.org","article_publisher":"https:\/\/m.facebook.com\/PICOTADELJERTE\/","article_published_time":"2014-02-14T18:49:44+00:00","article_modified_time":"2025-02-11T21:28:57+00:00","og_image":[{"width":950,"height":396,"url":"https:\/\/cerezadeljerte.org\/wp-content\/uploads\/2014\/02\/senderismo.jpg","type":"image\/jpeg"}],"author":"Picota","twitter_card":"summary_large_image","twitter_creator":"@CEREZADELJERTE","twitter_site":"@CEREZADELJERTE","schema":{"@context":"https:\/\/schema.org","@graph":[{"@type":"Article","@id":"https:\/\/cerezadeljerte.org\/en\/desde-tornavacas-por-la-ruta-del-rebeco\/#article","isPartOf":{"@id":"https:\/\/cerezadeljerte.org\/en\/desde-tornavacas-por-la-ruta-del-rebeco\/"},"author":{"name":"Picota","@id":"https:\/\/cerezadeljerte.org\/en\/#\/schema\/person\/db07785007f349f8eeb003c8f96d3a63"},"headline":"Desde Tornavacas por la ruta del Rebeco","datePublished":"2014-02-14T18:49:44+00:00","dateModified":"2025-02-11T21:28:57+00:00","mainEntityOfPage":{"@id":"https:\/\/cerezadeljerte.org\/en\/desde-tornavacas-por-la-ruta-del-rebeco\/"},"wordCount":487,"publisher":{"@id":"https:\/\/cerezadeljerte.org\/en\/#organization"},"image":{"@id":"https:\/\/cerezadeljerte.org\/en\/desde-tornavacas-por-la-ruta-del-rebeco\/#primaryimage"},"thumbnailUrl":"https:\/\/cerezadeljerte.org\/wp-content\/uploads\/2014\/02\/senderismo.jpg","keywords":["Calviterio","El Rebeco","El Torre\u00f3n","El Turmal","La Campana","rutas","Tornavacas","Valle del Jerte"],"articleSection":["blog es","turismo"],"inLanguage":"en-US"},{"@type":"WebPage","@id":"https:\/\/cerezadeljerte.org\/en\/desde-tornavacas-por-la-ruta-del-rebeco\/","url":"https:\/\/cerezadeljerte.org\/en\/desde-tornavacas-por-la-ruta-del-rebeco\/","name":"Desde Tornavacas por la ruta del Rebeco","isPartOf":{"@id":"https:\/\/cerezadeljerte.org\/en\/#website"},"primaryImageOfPage":{"@id":"https:\/\/cerezadeljerte.org\/en\/desde-tornavacas-por-la-ruta-del-rebeco\/#primaryimage"},"image":{"@id":"https:\/\/cerezadeljerte.org\/en\/desde-tornavacas-por-la-ruta-del-rebeco\/#primaryimage"},"thumbnailUrl":"https:\/\/cerezadeljerte.org\/wp-content\/uploads\/2014\/02\/senderismo.jpg","datePublished":"2014-02-14T18:49:44+00:00","dateModified":"2025-02-11T21:28:57+00:00","description":"El elemento que hace tan especiales a las picotas del Jerte es el entorno en el que crecen. Para disfrutarlo, os proponemos la ruta del Rebeco.","breadcrumb":{"@id":"https:\/\/cerezadeljerte.org\/en\/desde-tornavacas-por-la-ruta-del-rebeco\/#breadcrumb"},"inLanguage":"en-US","potentialAction":[{"@type":"ReadAction","target":["https:\/\/cerezadeljerte.org\/en\/desde-tornavacas-por-la-ruta-del-rebeco\/"]}]},{"@type":"ImageObject","inLanguage":"en-US","@id":"https:\/\/cerezadeljerte.org\/en\/desde-tornavacas-por-la-ruta-del-rebeco\/#primaryimage","url":"https:\/\/cerezadeljerte.org\/wp-content\/uploads\/2014\/02\/senderismo.jpg","contentUrl":"https:\/\/cerezadeljerte.org\/wp-content\/uploads\/2014\/02\/senderismo.jpg","width":950,"height":396},{"@type":"BreadcrumbList","@id":"https:\/\/cerezadeljerte.org\/en\/desde-tornavacas-por-la-ruta-del-rebeco\/#breadcrumb","itemListElement":[{"@type":"ListItem","position":1,"name":"Portada","item":"https:\/\/cerezadeljerte.org\/en\/"},{"@type":"ListItem","position":2,"name":"Desde Tornavacas por la ruta del Rebeco"}]},{"@type":"WebSite","@id":"https:\/\/cerezadeljerte.org\/en\/#website","url":"https:\/\/cerezadeljerte.org\/en\/","name":"cerezadeljerte.org","description":"you\u2019re great, little one","publisher":{"@id":"https:\/\/cerezadeljerte.org\/en\/#organization"},"alternateName":"Denominaci\u00f3n de Origen de Cereza del Jerte","potentialAction":[{"@type":"SearchAction","target":{"@type":"EntryPoint","urlTemplate":"https:\/\/cerezadeljerte.org\/en\/?s={search_term_string}"},"query-input":{"@type":"PropertyValueSpecification","valueRequired":true,"valueName":"search_term_string"}}],"inLanguage":"en-US"},{"@type":"Organization","@id":"https:\/\/cerezadeljerte.org\/en\/#organization","name":"cerezadeljerte.org","alternateName":"Denominaci\u00f3n de Origen Cereza del Jerte","url":"https:\/\/cerezadeljerte.org\/en\/","logo":{"@type":"ImageObject","inLanguage":"en-US","@id":"https:\/\/cerezadeljerte.org\/en\/#\/schema\/logo\/image\/","url":"https:\/\/cerezadeljerte.org\/wp-content\/uploads\/2024\/05\/CONSEJO-REGULADOR-D.O.P_p.png","contentUrl":"https:\/\/cerezadeljerte.org\/wp-content\/uploads\/2024\/05\/CONSEJO-REGULADOR-D.O.P_p.png","width":550,"height":219,"caption":"cerezadeljerte.org"},"image":{"@id":"https:\/\/cerezadeljerte.org\/en\/#\/schema\/logo\/image\/"},"sameAs":["https:\/\/m.facebook.com\/PICOTADELJERTE\/","https:\/\/x.com\/CEREZADELJERTE"]},{"@type":"Person","@id":"https:\/\/cerezadeljerte.org\/en\/#\/schema\/person\/db07785007f349f8eeb003c8f96d3a63","name":"Picota","image":{"@type":"ImageObject","inLanguage":"en-US","@id":"https:\/\/secure.gravatar.com\/avatar\/ee24ef6a3b49d093f6bd594b1bdd386106677c83a47a3907489168695fab5834?s=96&d=mm&r=g","url":"https:\/\/secure.gravatar.com\/avatar\/ee24ef6a3b49d093f6bd594b1bdd386106677c83a47a3907489168695fab5834?s=96&d=mm&r=g","contentUrl":"https:\/\/secure.gravatar.com\/avatar\/ee24ef6a3b49d093f6bd594b1bdd386106677c83a47a3907489168695fab5834?s=96&d=mm&r=g","caption":"Picota"},"url":"https:\/\/cerezadeljerte.org\/en\/author\/picota\/"}]}},"_links":{"self":[{"href":"https:\/\/cerezadeljerte.org\/en\/wp-json\/wp\/v2\/posts\/20925","targetHints":{"allow":["GET"]}}],"collection":[{"href":"https:\/\/cerezadeljerte.org\/en\/wp-json\/wp\/v2\/posts"}],"about":[{"href":"https:\/\/cerezadeljerte.org\/en\/wp-json\/wp\/v2\/types\/post"}],"author":[{"embeddable":true,"href":"https:\/\/cerezadeljerte.org\/en\/wp-json\/wp\/v2\/users\/2"}],"replies":[{"embeddable":true,"href":"https:\/\/cerezadeljerte.org\/en\/wp-json\/wp\/v2\/comments?post=20925"}],"version-history":[{"count":1,"href":"https:\/\/cerezadeljerte.org\/en\/wp-json\/wp\/v2\/posts\/20925\/revisions"}],"predecessor-version":[{"id":25349,"href":"https:\/\/cerezadeljerte.org\/en\/wp-json\/wp\/v2\/posts\/20925\/revisions\/25349"}],"wp:featuredmedia":[{"embeddable":true,"href":"https:\/\/cerezadeljerte.org\/en\/wp-json\/wp\/v2\/media\/20926"}],"wp:attachment":[{"href":"https:\/\/cerezadeljerte.org\/en\/wp-json\/wp\/v2\/media?parent=20925"}],"wp:term":[{"taxonomy":"category","embeddable":true,"href":"https:\/\/cerezadeljerte.org\/en\/wp-json\/wp\/v2\/categories?post=20925"},{"taxonomy":"post_tag","embeddable":true,"href":"https:\/\/cerezadeljerte.org\/en\/wp-json\/wp\/v2\/tags?post=20925"}],"curies":[{"name":"wp","href":"https:\/\/api.w.org\/{rel}","templated":true}]}}