{"id":20508,"date":"2015-06-23T15:42:21","date_gmt":"2015-06-23T13:42:21","guid":{"rendered":"http:\/\/cerezadeljerte.org\/?p=6802"},"modified":"2025-02-11T23:15:07","modified_gmt":"2025-02-11T22:15:07","slug":"degustacion-de-picotas-del-jerte-y-showcooking-en-madrid","status":"publish","type":"post","link":"https:\/\/cerezadeljerte.org\/en\/degustacion-de-picotas-del-jerte-y-showcooking-en-madrid\/","title":{"rendered":"Degustaci\u00f3n de Picotas del Jerte y Showcooking en Madrid"},"content":{"rendered":"<p>El pr\u00f3ximo viernes, 26 de junio, la Picota del Jerte estar\u00e1 por partida doble en Madrid. Organizamos un showcooking el Espacio Gastron\u00f3mico Platea de Madrid, a cargo del cocinero y asesor gastron\u00f3mico de la Universidad Cat\u00f3lica San Antonio de Murcia (UCAM), Julio Velandrino.<\/p>\n<p>Ese mismo d\u00eda,\u00a0a las 11.30\u00a0se realizar\u00e1 una degustaci\u00f3n de Picotas del Jerte en Gold Gourmet a cargo de los miembros del Consejo Regulador y de Luis Pacheco, propietario de la tienda. Los asistentes podr\u00e1n conocer las diferencias entre la Picota y la cereza.<\/p>\n","protected":false},"excerpt":{"rendered":"<p>El pr\u00f3ximo viernes, 26 de junio, la Picota del Jerte estar\u00e1 por partida doble en Madrid. Organizamos un showcooking el Espacio Gastron\u00f3mico Platea de Madrid, a cargo del cocinero y asesor gastron\u00f3mico de la Universidad Cat\u00f3lica San Antonio de Murcia (UCAM), Julio Velandrino. Ese mismo d\u00eda,\u00a0a las 11.30\u00a0se realizar\u00e1 una degustaci\u00f3n de Picotas del Jerte [&hellip;]<\/p>\n","protected":false},"author":2,"featured_media":19776,"comment_status":"closed","ping_status":"open","sticky":false,"template":"","format":"standard","meta":{"footnotes":""},"categories":[1101],"tags":[],"class_list":["post-20508","post","type-post","status-publish","format-standard","has-post-thumbnail","hentry","category-blog-es"],"yoast_head":"<!-- This site is optimized with the Yoast SEO Premium plugin v25.0 (Yoast SEO v27.4) - https:\/\/yoast.com\/product\/yoast-seo-premium-wordpress\/ -->\n<title>Degustaci\u00f3n de Picotas del Jerte y Showcooking en Madrid<\/title>\n<meta name=\"description\" content=\"El pr\u00f3ximo viernes, 26 de junio, la Picota del Jerte estar\u00e1 por partida doble en Madrid.\" \/>\n<meta name=\"robots\" content=\"index, follow, max-snippet:-1, max-image-preview:large, max-video-preview:-1\" \/>\n<link rel=\"canonical\" href=\"https:\/\/cerezadeljerte.org\/en\/degustacion-de-picotas-del-jerte-y-showcooking-en-madrid\/\" \/>\n<meta property=\"og:locale\" content=\"en_US\" \/>\n<meta property=\"og:type\" content=\"article\" \/>\n<meta property=\"og:title\" content=\"Degustaci\u00f3n de Picotas del Jerte y Showcooking en Madrid\" \/>\n<meta property=\"og:description\" content=\"El pr\u00f3ximo viernes, 26 de junio, la Picota del Jerte estar\u00e1 por partida doble en Madrid.\" \/>\n<meta property=\"og:url\" content=\"https:\/\/cerezadeljerte.org\/en\/degustacion-de-picotas-del-jerte-y-showcooking-en-madrid\/\" \/>\n<meta property=\"og:site_name\" content=\"cerezadeljerte.org\" \/>\n<meta property=\"article:publisher\" content=\"https:\/\/m.facebook.com\/PICOTADELJERTE\/\" \/>\n<meta property=\"article:published_time\" content=\"2015-06-23T13:42:21+00:00\" \/>\n<meta property=\"article:modified_time\" content=\"2025-02-11T22:15:07+00:00\" \/>\n<meta property=\"og:image\" content=\"https:\/\/cerezadeljerte.org\/wp-content\/uploads\/2011\/10\/picotas-jerte.jpg\" \/>\n\t<meta property=\"og:image:width\" content=\"400\" \/>\n\t<meta property=\"og:image:height\" content=\"534\" \/>\n\t<meta property=\"og:image:type\" content=\"image\/jpeg\" \/>\n<meta name=\"author\" content=\"Picota\" \/>\n<meta name=\"twitter:card\" content=\"summary_large_image\" \/>\n<meta name=\"twitter:creator\" content=\"@CEREZADELJERTE\" \/>\n<meta name=\"twitter:site\" content=\"@CEREZADELJERTE\" \/>\n<script type=\"application\/ld+json\" class=\"yoast-schema-graph\">{\"@context\":\"https:\\\/\\\/schema.org\",\"@graph\":[{\"@type\":\"Article\",\"@id\":\"https:\\\/\\\/cerezadeljerte.org\\\/en\\\/degustacion-de-picotas-del-jerte-y-showcooking-en-madrid\\\/#article\",\"isPartOf\":{\"@id\":\"https:\\\/\\\/cerezadeljerte.org\\\/en\\\/degustacion-de-picotas-del-jerte-y-showcooking-en-madrid\\\/\"},\"author\":{\"name\":\"Picota\",\"@id\":\"https:\\\/\\\/cerezadeljerte.org\\\/en\\\/#\\\/schema\\\/person\\\/db07785007f349f8eeb003c8f96d3a63\"},\"headline\":\"Degustaci\u00f3n de Picotas del Jerte y Showcooking en Madrid\",\"datePublished\":\"2015-06-23T13:42:21+00:00\",\"dateModified\":\"2025-02-11T22:15:07+00:00\",\"mainEntityOfPage\":{\"@id\":\"https:\\\/\\\/cerezadeljerte.org\\\/en\\\/degustacion-de-picotas-del-jerte-y-showcooking-en-madrid\\\/\"},\"wordCount\":103,\"publisher\":{\"@id\":\"https:\\\/\\\/cerezadeljerte.org\\\/en\\\/#organization\"},\"image\":{\"@id\":\"https:\\\/\\\/cerezadeljerte.org\\\/en\\\/degustacion-de-picotas-del-jerte-y-showcooking-en-madrid\\\/#primaryimage\"},\"thumbnailUrl\":\"https:\\\/\\\/cerezadeljerte.org\\\/wp-content\\\/uploads\\\/2011\\\/10\\\/picotas-jerte.jpg\",\"articleSection\":[\"blog es\"],\"inLanguage\":\"en-US\"},{\"@type\":\"WebPage\",\"@id\":\"https:\\\/\\\/cerezadeljerte.org\\\/en\\\/degustacion-de-picotas-del-jerte-y-showcooking-en-madrid\\\/\",\"url\":\"https:\\\/\\\/cerezadeljerte.org\\\/en\\\/degustacion-de-picotas-del-jerte-y-showcooking-en-madrid\\\/\",\"name\":\"Degustaci\u00f3n de Picotas del Jerte y Showcooking en Madrid\",\"isPartOf\":{\"@id\":\"https:\\\/\\\/cerezadeljerte.org\\\/en\\\/#website\"},\"primaryImageOfPage\":{\"@id\":\"https:\\\/\\\/cerezadeljerte.org\\\/en\\\/degustacion-de-picotas-del-jerte-y-showcooking-en-madrid\\\/#primaryimage\"},\"image\":{\"@id\":\"https:\\\/\\\/cerezadeljerte.org\\\/en\\\/degustacion-de-picotas-del-jerte-y-showcooking-en-madrid\\\/#primaryimage\"},\"thumbnailUrl\":\"https:\\\/\\\/cerezadeljerte.org\\\/wp-content\\\/uploads\\\/2011\\\/10\\\/picotas-jerte.jpg\",\"datePublished\":\"2015-06-23T13:42:21+00:00\",\"dateModified\":\"2025-02-11T22:15:07+00:00\",\"description\":\"El pr\u00f3ximo viernes, 26 de junio, la Picota del Jerte estar\u00e1 por partida doble en Madrid.\",\"breadcrumb\":{\"@id\":\"https:\\\/\\\/cerezadeljerte.org\\\/en\\\/degustacion-de-picotas-del-jerte-y-showcooking-en-madrid\\\/#breadcrumb\"},\"inLanguage\":\"en-US\",\"potentialAction\":[{\"@type\":\"ReadAction\",\"target\":[\"https:\\\/\\\/cerezadeljerte.org\\\/en\\\/degustacion-de-picotas-del-jerte-y-showcooking-en-madrid\\\/\"]}]},{\"@type\":\"ImageObject\",\"inLanguage\":\"en-US\",\"@id\":\"https:\\\/\\\/cerezadeljerte.org\\\/en\\\/degustacion-de-picotas-del-jerte-y-showcooking-en-madrid\\\/#primaryimage\",\"url\":\"https:\\\/\\\/cerezadeljerte.org\\\/wp-content\\\/uploads\\\/2011\\\/10\\\/picotas-jerte.jpg\",\"contentUrl\":\"https:\\\/\\\/cerezadeljerte.org\\\/wp-content\\\/uploads\\\/2011\\\/10\\\/picotas-jerte.jpg\",\"width\":400,\"height\":534},{\"@type\":\"BreadcrumbList\",\"@id\":\"https:\\\/\\\/cerezadeljerte.org\\\/en\\\/degustacion-de-picotas-del-jerte-y-showcooking-en-madrid\\\/#breadcrumb\",\"itemListElement\":[{\"@type\":\"ListItem\",\"position\":1,\"name\":\"Portada\",\"item\":\"https:\\\/\\\/cerezadeljerte.org\\\/en\\\/\"},{\"@type\":\"ListItem\",\"position\":2,\"name\":\"Degustaci\u00f3n de Picotas del Jerte y Showcooking en Madrid\"}]},{\"@type\":\"WebSite\",\"@id\":\"https:\\\/\\\/cerezadeljerte.org\\\/en\\\/#website\",\"url\":\"https:\\\/\\\/cerezadeljerte.org\\\/en\\\/\",\"name\":\"cerezadeljerte.org\",\"description\":\"you\u2019re great, little one\",\"publisher\":{\"@id\":\"https:\\\/\\\/cerezadeljerte.org\\\/en\\\/#organization\"},\"alternateName\":\"Denominaci\u00f3n de Origen de Cereza del Jerte\",\"potentialAction\":[{\"@type\":\"SearchAction\",\"target\":{\"@type\":\"EntryPoint\",\"urlTemplate\":\"https:\\\/\\\/cerezadeljerte.org\\\/en\\\/?s={search_term_string}\"},\"query-input\":{\"@type\":\"PropertyValueSpecification\",\"valueRequired\":true,\"valueName\":\"search_term_string\"}}],\"inLanguage\":\"en-US\"},{\"@type\":\"Organization\",\"@id\":\"https:\\\/\\\/cerezadeljerte.org\\\/en\\\/#organization\",\"name\":\"cerezadeljerte.org\",\"alternateName\":\"Denominaci\u00f3n de Origen Cereza del Jerte\",\"url\":\"https:\\\/\\\/cerezadeljerte.org\\\/en\\\/\",\"logo\":{\"@type\":\"ImageObject\",\"inLanguage\":\"en-US\",\"@id\":\"https:\\\/\\\/cerezadeljerte.org\\\/en\\\/#\\\/schema\\\/logo\\\/image\\\/\",\"url\":\"https:\\\/\\\/cerezadeljerte.org\\\/wp-content\\\/uploads\\\/2024\\\/05\\\/CONSEJO-REGULADOR-D.O.P_p.png\",\"contentUrl\":\"https:\\\/\\\/cerezadeljerte.org\\\/wp-content\\\/uploads\\\/2024\\\/05\\\/CONSEJO-REGULADOR-D.O.P_p.png\",\"width\":550,\"height\":219,\"caption\":\"cerezadeljerte.org\"},\"image\":{\"@id\":\"https:\\\/\\\/cerezadeljerte.org\\\/en\\\/#\\\/schema\\\/logo\\\/image\\\/\"},\"sameAs\":[\"https:\\\/\\\/m.facebook.com\\\/PICOTADELJERTE\\\/\",\"https:\\\/\\\/x.com\\\/CEREZADELJERTE\"]},{\"@type\":\"Person\",\"@id\":\"https:\\\/\\\/cerezadeljerte.org\\\/en\\\/#\\\/schema\\\/person\\\/db07785007f349f8eeb003c8f96d3a63\",\"name\":\"Picota\",\"image\":{\"@type\":\"ImageObject\",\"inLanguage\":\"en-US\",\"@id\":\"https:\\\/\\\/secure.gravatar.com\\\/avatar\\\/ee24ef6a3b49d093f6bd594b1bdd386106677c83a47a3907489168695fab5834?s=96&d=mm&r=g\",\"url\":\"https:\\\/\\\/secure.gravatar.com\\\/avatar\\\/ee24ef6a3b49d093f6bd594b1bdd386106677c83a47a3907489168695fab5834?s=96&d=mm&r=g\",\"contentUrl\":\"https:\\\/\\\/secure.gravatar.com\\\/avatar\\\/ee24ef6a3b49d093f6bd594b1bdd386106677c83a47a3907489168695fab5834?s=96&d=mm&r=g\",\"caption\":\"Picota\"},\"url\":\"https:\\\/\\\/cerezadeljerte.org\\\/en\\\/author\\\/picota\\\/\"}]}<\/script>\n<!-- \/ Yoast SEO Premium plugin. -->","yoast_head_json":{"title":"Degustaci\u00f3n de Picotas del Jerte y Showcooking en Madrid","description":"El pr\u00f3ximo viernes, 26 de junio, la Picota del Jerte estar\u00e1 por partida doble en Madrid.","robots":{"index":"index","follow":"follow","max-snippet":"max-snippet:-1","max-image-preview":"max-image-preview:large","max-video-preview":"max-video-preview:-1"},"canonical":"https:\/\/cerezadeljerte.org\/en\/degustacion-de-picotas-del-jerte-y-showcooking-en-madrid\/","og_locale":"en_US","og_type":"article","og_title":"Degustaci\u00f3n de Picotas del Jerte y Showcooking en Madrid","og_description":"El pr\u00f3ximo viernes, 26 de junio, la Picota del Jerte estar\u00e1 por partida doble en Madrid.","og_url":"https:\/\/cerezadeljerte.org\/en\/degustacion-de-picotas-del-jerte-y-showcooking-en-madrid\/","og_site_name":"cerezadeljerte.org","article_publisher":"https:\/\/m.facebook.com\/PICOTADELJERTE\/","article_published_time":"2015-06-23T13:42:21+00:00","article_modified_time":"2025-02-11T22:15:07+00:00","og_image":[{"width":400,"height":534,"url":"https:\/\/cerezadeljerte.org\/wp-content\/uploads\/2011\/10\/picotas-jerte.jpg","type":"image\/jpeg"}],"author":"Picota","twitter_card":"summary_large_image","twitter_creator":"@CEREZADELJERTE","twitter_site":"@CEREZADELJERTE","schema":{"@context":"https:\/\/schema.org","@graph":[{"@type":"Article","@id":"https:\/\/cerezadeljerte.org\/en\/degustacion-de-picotas-del-jerte-y-showcooking-en-madrid\/#article","isPartOf":{"@id":"https:\/\/cerezadeljerte.org\/en\/degustacion-de-picotas-del-jerte-y-showcooking-en-madrid\/"},"author":{"name":"Picota","@id":"https:\/\/cerezadeljerte.org\/en\/#\/schema\/person\/db07785007f349f8eeb003c8f96d3a63"},"headline":"Degustaci\u00f3n de Picotas del Jerte y Showcooking en Madrid","datePublished":"2015-06-23T13:42:21+00:00","dateModified":"2025-02-11T22:15:07+00:00","mainEntityOfPage":{"@id":"https:\/\/cerezadeljerte.org\/en\/degustacion-de-picotas-del-jerte-y-showcooking-en-madrid\/"},"wordCount":103,"publisher":{"@id":"https:\/\/cerezadeljerte.org\/en\/#organization"},"image":{"@id":"https:\/\/cerezadeljerte.org\/en\/degustacion-de-picotas-del-jerte-y-showcooking-en-madrid\/#primaryimage"},"thumbnailUrl":"https:\/\/cerezadeljerte.org\/wp-content\/uploads\/2011\/10\/picotas-jerte.jpg","articleSection":["blog es"],"inLanguage":"en-US"},{"@type":"WebPage","@id":"https:\/\/cerezadeljerte.org\/en\/degustacion-de-picotas-del-jerte-y-showcooking-en-madrid\/","url":"https:\/\/cerezadeljerte.org\/en\/degustacion-de-picotas-del-jerte-y-showcooking-en-madrid\/","name":"Degustaci\u00f3n de Picotas del Jerte y Showcooking en Madrid","isPartOf":{"@id":"https:\/\/cerezadeljerte.org\/en\/#website"},"primaryImageOfPage":{"@id":"https:\/\/cerezadeljerte.org\/en\/degustacion-de-picotas-del-jerte-y-showcooking-en-madrid\/#primaryimage"},"image":{"@id":"https:\/\/cerezadeljerte.org\/en\/degustacion-de-picotas-del-jerte-y-showcooking-en-madrid\/#primaryimage"},"thumbnailUrl":"https:\/\/cerezadeljerte.org\/wp-content\/uploads\/2011\/10\/picotas-jerte.jpg","datePublished":"2015-06-23T13:42:21+00:00","dateModified":"2025-02-11T22:15:07+00:00","description":"El pr\u00f3ximo viernes, 26 de junio, la Picota del Jerte estar\u00e1 por partida doble en Madrid.","breadcrumb":{"@id":"https:\/\/cerezadeljerte.org\/en\/degustacion-de-picotas-del-jerte-y-showcooking-en-madrid\/#breadcrumb"},"inLanguage":"en-US","potentialAction":[{"@type":"ReadAction","target":["https:\/\/cerezadeljerte.org\/en\/degustacion-de-picotas-del-jerte-y-showcooking-en-madrid\/"]}]},{"@type":"ImageObject","inLanguage":"en-US","@id":"https:\/\/cerezadeljerte.org\/en\/degustacion-de-picotas-del-jerte-y-showcooking-en-madrid\/#primaryimage","url":"https:\/\/cerezadeljerte.org\/wp-content\/uploads\/2011\/10\/picotas-jerte.jpg","contentUrl":"https:\/\/cerezadeljerte.org\/wp-content\/uploads\/2011\/10\/picotas-jerte.jpg","width":400,"height":534},{"@type":"BreadcrumbList","@id":"https:\/\/cerezadeljerte.org\/en\/degustacion-de-picotas-del-jerte-y-showcooking-en-madrid\/#breadcrumb","itemListElement":[{"@type":"ListItem","position":1,"name":"Portada","item":"https:\/\/cerezadeljerte.org\/en\/"},{"@type":"ListItem","position":2,"name":"Degustaci\u00f3n de Picotas del Jerte y Showcooking en Madrid"}]},{"@type":"WebSite","@id":"https:\/\/cerezadeljerte.org\/en\/#website","url":"https:\/\/cerezadeljerte.org\/en\/","name":"cerezadeljerte.org","description":"you\u2019re great, little one","publisher":{"@id":"https:\/\/cerezadeljerte.org\/en\/#organization"},"alternateName":"Denominaci\u00f3n de Origen de Cereza del Jerte","potentialAction":[{"@type":"SearchAction","target":{"@type":"EntryPoint","urlTemplate":"https:\/\/cerezadeljerte.org\/en\/?s={search_term_string}"},"query-input":{"@type":"PropertyValueSpecification","valueRequired":true,"valueName":"search_term_string"}}],"inLanguage":"en-US"},{"@type":"Organization","@id":"https:\/\/cerezadeljerte.org\/en\/#organization","name":"cerezadeljerte.org","alternateName":"Denominaci\u00f3n de Origen Cereza del Jerte","url":"https:\/\/cerezadeljerte.org\/en\/","logo":{"@type":"ImageObject","inLanguage":"en-US","@id":"https:\/\/cerezadeljerte.org\/en\/#\/schema\/logo\/image\/","url":"https:\/\/cerezadeljerte.org\/wp-content\/uploads\/2024\/05\/CONSEJO-REGULADOR-D.O.P_p.png","contentUrl":"https:\/\/cerezadeljerte.org\/wp-content\/uploads\/2024\/05\/CONSEJO-REGULADOR-D.O.P_p.png","width":550,"height":219,"caption":"cerezadeljerte.org"},"image":{"@id":"https:\/\/cerezadeljerte.org\/en\/#\/schema\/logo\/image\/"},"sameAs":["https:\/\/m.facebook.com\/PICOTADELJERTE\/","https:\/\/x.com\/CEREZADELJERTE"]},{"@type":"Person","@id":"https:\/\/cerezadeljerte.org\/en\/#\/schema\/person\/db07785007f349f8eeb003c8f96d3a63","name":"Picota","image":{"@type":"ImageObject","inLanguage":"en-US","@id":"https:\/\/secure.gravatar.com\/avatar\/ee24ef6a3b49d093f6bd594b1bdd386106677c83a47a3907489168695fab5834?s=96&d=mm&r=g","url":"https:\/\/secure.gravatar.com\/avatar\/ee24ef6a3b49d093f6bd594b1bdd386106677c83a47a3907489168695fab5834?s=96&d=mm&r=g","contentUrl":"https:\/\/secure.gravatar.com\/avatar\/ee24ef6a3b49d093f6bd594b1bdd386106677c83a47a3907489168695fab5834?s=96&d=mm&r=g","caption":"Picota"},"url":"https:\/\/cerezadeljerte.org\/en\/author\/picota\/"}]}},"_links":{"self":[{"href":"https:\/\/cerezadeljerte.org\/en\/wp-json\/wp\/v2\/posts\/20508","targetHints":{"allow":["GET"]}}],"collection":[{"href":"https:\/\/cerezadeljerte.org\/en\/wp-json\/wp\/v2\/posts"}],"about":[{"href":"https:\/\/cerezadeljerte.org\/en\/wp-json\/wp\/v2\/types\/post"}],"author":[{"embeddable":true,"href":"https:\/\/cerezadeljerte.org\/en\/wp-json\/wp\/v2\/users\/2"}],"replies":[{"embeddable":true,"href":"https:\/\/cerezadeljerte.org\/en\/wp-json\/wp\/v2\/comments?post=20508"}],"version-history":[{"count":1,"href":"https:\/\/cerezadeljerte.org\/en\/wp-json\/wp\/v2\/posts\/20508\/revisions"}],"predecessor-version":[{"id":25230,"href":"https:\/\/cerezadeljerte.org\/en\/wp-json\/wp\/v2\/posts\/20508\/revisions\/25230"}],"wp:featuredmedia":[{"embeddable":true,"href":"https:\/\/cerezadeljerte.org\/en\/wp-json\/wp\/v2\/media\/19776"}],"wp:attachment":[{"href":"https:\/\/cerezadeljerte.org\/en\/wp-json\/wp\/v2\/media?parent=20508"}],"wp:term":[{"taxonomy":"category","embeddable":true,"href":"https:\/\/cerezadeljerte.org\/en\/wp-json\/wp\/v2\/categories?post=20508"},{"taxonomy":"post_tag","embeddable":true,"href":"https:\/\/cerezadeljerte.org\/en\/wp-json\/wp\/v2\/tags?post=20508"}],"curies":[{"name":"wp","href":"https:\/\/api.w.org\/{rel}","templated":true}]}}