{"id":20506,"date":"2015-06-24T16:56:33","date_gmt":"2015-06-24T14:56:33","guid":{"rendered":"http:\/\/cerezadeljerte.org\/?p=6806"},"modified":"2025-02-11T23:15:07","modified_gmt":"2025-02-11T22:15:07","slug":"temporada-de-picotas-y-bano-en-el-valle-del-jerte","status":"publish","type":"post","link":"https:\/\/cerezadeljerte.org\/en\/temporada-de-picotas-y-bano-en-el-valle-del-jerte\/","title":{"rendered":"Temporada de Picotas y ba\u00f1o en el Valle del Jerte"},"content":{"rendered":"<p>Con la\u00a0llegada del buen tiempo, el Valle del Jerte recibe sus e ba\u00f1os 2015 en el Valle del Jerte. La pr\u00e1ctica totalidad de sus piscinas naturales, repartidas por el r\u00edo Jerte y las gargantas ya est\u00e1n habilitadas y en funcionamiento.<\/p>\n<p>Entre las piscinas naturales ubicadas en el r\u00edo Jerte destacan charcos tan populares como \u201cLos Pingueros\u201d en Tornavacas, el \u201cNogal\u00f3n\u201d o \u201cla Tener\u00eda\u201d en Jerte, \u201cLa Pesquerona\u201d, \u201cEl Sim\u00f3n\u201d, \u201cLa Picaza\u201d o \u201cEl Vao\u201d en Cabezuela del Valle, las piscinas naturales de \u201cEl Pilar\u201d y \u201cEl Cristo\u201d en Navaconcejo, los charcos de Rebollar o \u201cEl Benidorm\u201d en Casas del Casta\u00f1ar.<\/p>\n<p>En cuanto a las zonas de ba\u00f1o habilitadas en gargantas hay que se\u00f1alar las de la Garganta Rabanillo en el municipio de Cabrero, la piscina natural de Valdastillas en la Garganta Bonal, los charcos en la garganta de las Nogaleas de Navaconcejo o la piscina natural de \u201cLas Camellas\u201d en Barrado. A ellas se une la piscina natural en la Garganta del Lugar (El Torno) recientemente reformada y conocida como \u201cLos Pozos\u201d.<\/p>\n<p>Algunos de los chiringuitos repartidos por estas zonas de ba\u00f1o ya se encuentran en funcionamiento, mientras que otros abrir\u00e1n a lo largo de la pr\u00f3xima semana.<\/p>\n<p>En el caso de las piscinas municipales existentes en diferentes municipios (Barrado, Casas del Casta\u00f1ar, Jerte, Tornavacas, El Torno, Piornal y Valdastillas) estar\u00e1n abiertas para primeros de julio. Los servicios de dinamizaci\u00f3n de la Mancomunidad de Municipios organizar\u00e1n, un a\u00f1o m\u00e1s, cursos de nataci\u00f3n en ellas.<\/p>\n<p>Menci\u00f3n aparte merecen <strong>\u201cLos Pilones\u201d<\/strong> el paraje enclavado en plena<strong> Reserva Natural de la Garganta de los Infiernos<\/strong> que el pasado a\u00f1o se alz\u00f3 con el Certificado de Excelencia TripAdvisor.<\/p>\n<p>Este Certificado premia a los lugares que reciben constantemente opiniones excepcionales de los viajeros; que impresionan continuamente a los visitantes. De hecho, el Certificado de Excelencia constituye un verdadero motivo de orgullo ya que se concede \u00edntegramente a partir de las opiniones y puntuaciones de los viajeros en TripAdvisor.<\/p>\n<p>A lo largo de los \u00faltimos a\u00f1os diversos medios han coincido en se\u00f1alar que este paraje se encuentra entre las mejores piscinas naturales del mundo. Entre otros, publicaciones especializadas como Skyscanner, Traveler o El Viajero Astuto, que han destacado su ubicaci\u00f3n, la calidad de sus aguas y la excepcionalidad de su morfolog\u00eda geol\u00f3gica como rasgos distintivos.<\/p>\n<p>La<a href=\"http:\/\/www.mancomunidadvalledeljerte.es\/\">\u00a0Mancomunidad de Municipios del Valle del Jerte<\/a> ha hecho un llamamiento a todas aquellas personas que se acerquen a disfrutar de estos enclaves naturales, para que el uso responsable, la limpieza y el respeto del entorno garanticen su buena conservaci\u00f3n para generaciones futuras.<\/p>\n","protected":false},"excerpt":{"rendered":"<p>Con la\u00a0llegada del buen tiempo, el Valle del Jerte recibe sus e ba\u00f1os 2015 en el Valle del Jerte. La pr\u00e1ctica totalidad de sus piscinas naturales, repartidas por el r\u00edo Jerte y las gargantas ya est\u00e1n habilitadas y en funcionamiento. Entre las piscinas naturales ubicadas en el r\u00edo Jerte destacan charcos tan populares como \u201cLos [&hellip;]<\/p>\n","protected":false},"author":2,"featured_media":20507,"comment_status":"closed","ping_status":"open","sticky":false,"template":"","format":"standard","meta":{"footnotes":""},"categories":[1101],"tags":[289,130,29],"class_list":["post-20506","post","type-post","status-publish","format-standard","has-post-thumbnail","hentry","category-blog-es","tag-los-pilones","tag-piscinas-naturales","tag-valle-del-jerte"],"yoast_head":"<!-- This site is optimized with the Yoast SEO Premium plugin v25.0 (Yoast SEO v27.4) - https:\/\/yoast.com\/product\/yoast-seo-premium-wordpress\/ -->\n<title>Temporada de Picotas y ba\u00f1o en el Valle del Jerte | cerezadeljerte.org<\/title>\n<meta name=\"robots\" content=\"index, follow, max-snippet:-1, max-image-preview:large, max-video-preview:-1\" \/>\n<link rel=\"canonical\" href=\"https:\/\/cerezadeljerte.org\/en\/temporada-de-picotas-y-bano-en-el-valle-del-jerte\/\" \/>\n<meta property=\"og:locale\" content=\"en_US\" \/>\n<meta property=\"og:type\" content=\"article\" \/>\n<meta property=\"og:title\" content=\"Temporada de Picotas y ba\u00f1o en el Valle del Jerte\" \/>\n<meta property=\"og:description\" content=\"Con la\u00a0llegada del buen tiempo, el Valle del Jerte recibe sus e ba\u00f1os 2015 en el Valle del Jerte. La pr\u00e1ctica totalidad de sus piscinas naturales, repartidas por el r\u00edo Jerte y las gargantas ya est\u00e1n habilitadas y en funcionamiento. Entre las piscinas naturales ubicadas en el r\u00edo Jerte destacan charcos tan populares como \u201cLos [&hellip;]\" \/>\n<meta property=\"og:url\" content=\"https:\/\/cerezadeljerte.org\/en\/temporada-de-picotas-y-bano-en-el-valle-del-jerte\/\" \/>\n<meta property=\"og:site_name\" content=\"cerezadeljerte.org\" \/>\n<meta property=\"article:publisher\" content=\"https:\/\/m.facebook.com\/PICOTADELJERTE\/\" \/>\n<meta property=\"article:published_time\" content=\"2015-06-24T14:56:33+00:00\" \/>\n<meta property=\"article:modified_time\" content=\"2025-02-11T22:15:07+00:00\" \/>\n<meta property=\"og:image\" content=\"https:\/\/cerezadeljerte.org\/wp-content\/uploads\/2015\/06\/pilones-garganta-infiernos-valle-jerte.jpg\" \/>\n\t<meta property=\"og:image:width\" content=\"1024\" \/>\n\t<meta property=\"og:image:height\" content=\"685\" \/>\n\t<meta property=\"og:image:type\" content=\"image\/jpeg\" \/>\n<meta name=\"author\" content=\"Picota\" \/>\n<meta name=\"twitter:card\" content=\"summary_large_image\" \/>\n<meta name=\"twitter:creator\" content=\"@CEREZADELJERTE\" \/>\n<meta name=\"twitter:site\" content=\"@CEREZADELJERTE\" \/>\n<script type=\"application\/ld+json\" class=\"yoast-schema-graph\">{\"@context\":\"https:\\\/\\\/schema.org\",\"@graph\":[{\"@type\":\"Article\",\"@id\":\"https:\\\/\\\/cerezadeljerte.org\\\/en\\\/temporada-de-picotas-y-bano-en-el-valle-del-jerte\\\/#article\",\"isPartOf\":{\"@id\":\"https:\\\/\\\/cerezadeljerte.org\\\/en\\\/temporada-de-picotas-y-bano-en-el-valle-del-jerte\\\/\"},\"author\":{\"name\":\"Picota\",\"@id\":\"https:\\\/\\\/cerezadeljerte.org\\\/en\\\/#\\\/schema\\\/person\\\/db07785007f349f8eeb003c8f96d3a63\"},\"headline\":\"Temporada de Picotas y ba\u00f1o en el Valle del Jerte\",\"datePublished\":\"2015-06-24T14:56:33+00:00\",\"dateModified\":\"2025-02-11T22:15:07+00:00\",\"mainEntityOfPage\":{\"@id\":\"https:\\\/\\\/cerezadeljerte.org\\\/en\\\/temporada-de-picotas-y-bano-en-el-valle-del-jerte\\\/\"},\"wordCount\":463,\"publisher\":{\"@id\":\"https:\\\/\\\/cerezadeljerte.org\\\/en\\\/#organization\"},\"image\":{\"@id\":\"https:\\\/\\\/cerezadeljerte.org\\\/en\\\/temporada-de-picotas-y-bano-en-el-valle-del-jerte\\\/#primaryimage\"},\"thumbnailUrl\":\"https:\\\/\\\/cerezadeljerte.org\\\/wp-content\\\/uploads\\\/2015\\\/06\\\/pilones-garganta-infiernos-valle-jerte.jpg\",\"keywords\":[\"Los Pilones\",\"piscinas naturales\",\"Valle del Jerte\"],\"articleSection\":[\"blog es\"],\"inLanguage\":\"en-US\"},{\"@type\":\"WebPage\",\"@id\":\"https:\\\/\\\/cerezadeljerte.org\\\/en\\\/temporada-de-picotas-y-bano-en-el-valle-del-jerte\\\/\",\"url\":\"https:\\\/\\\/cerezadeljerte.org\\\/en\\\/temporada-de-picotas-y-bano-en-el-valle-del-jerte\\\/\",\"name\":\"Temporada de Picotas y ba\u00f1o en el Valle del Jerte | cerezadeljerte.org\",\"isPartOf\":{\"@id\":\"https:\\\/\\\/cerezadeljerte.org\\\/en\\\/#website\"},\"primaryImageOfPage\":{\"@id\":\"https:\\\/\\\/cerezadeljerte.org\\\/en\\\/temporada-de-picotas-y-bano-en-el-valle-del-jerte\\\/#primaryimage\"},\"image\":{\"@id\":\"https:\\\/\\\/cerezadeljerte.org\\\/en\\\/temporada-de-picotas-y-bano-en-el-valle-del-jerte\\\/#primaryimage\"},\"thumbnailUrl\":\"https:\\\/\\\/cerezadeljerte.org\\\/wp-content\\\/uploads\\\/2015\\\/06\\\/pilones-garganta-infiernos-valle-jerte.jpg\",\"datePublished\":\"2015-06-24T14:56:33+00:00\",\"dateModified\":\"2025-02-11T22:15:07+00:00\",\"breadcrumb\":{\"@id\":\"https:\\\/\\\/cerezadeljerte.org\\\/en\\\/temporada-de-picotas-y-bano-en-el-valle-del-jerte\\\/#breadcrumb\"},\"inLanguage\":\"en-US\",\"potentialAction\":[{\"@type\":\"ReadAction\",\"target\":[\"https:\\\/\\\/cerezadeljerte.org\\\/en\\\/temporada-de-picotas-y-bano-en-el-valle-del-jerte\\\/\"]}]},{\"@type\":\"ImageObject\",\"inLanguage\":\"en-US\",\"@id\":\"https:\\\/\\\/cerezadeljerte.org\\\/en\\\/temporada-de-picotas-y-bano-en-el-valle-del-jerte\\\/#primaryimage\",\"url\":\"https:\\\/\\\/cerezadeljerte.org\\\/wp-content\\\/uploads\\\/2015\\\/06\\\/pilones-garganta-infiernos-valle-jerte.jpg\",\"contentUrl\":\"https:\\\/\\\/cerezadeljerte.org\\\/wp-content\\\/uploads\\\/2015\\\/06\\\/pilones-garganta-infiernos-valle-jerte.jpg\",\"width\":1024,\"height\":685},{\"@type\":\"BreadcrumbList\",\"@id\":\"https:\\\/\\\/cerezadeljerte.org\\\/en\\\/temporada-de-picotas-y-bano-en-el-valle-del-jerte\\\/#breadcrumb\",\"itemListElement\":[{\"@type\":\"ListItem\",\"position\":1,\"name\":\"Portada\",\"item\":\"https:\\\/\\\/cerezadeljerte.org\\\/en\\\/\"},{\"@type\":\"ListItem\",\"position\":2,\"name\":\"Temporada de Picotas y ba\u00f1o en el Valle del Jerte\"}]},{\"@type\":\"WebSite\",\"@id\":\"https:\\\/\\\/cerezadeljerte.org\\\/en\\\/#website\",\"url\":\"https:\\\/\\\/cerezadeljerte.org\\\/en\\\/\",\"name\":\"cerezadeljerte.org\",\"description\":\"you\u2019re great, little one\",\"publisher\":{\"@id\":\"https:\\\/\\\/cerezadeljerte.org\\\/en\\\/#organization\"},\"alternateName\":\"Denominaci\u00f3n de Origen de Cereza del Jerte\",\"potentialAction\":[{\"@type\":\"SearchAction\",\"target\":{\"@type\":\"EntryPoint\",\"urlTemplate\":\"https:\\\/\\\/cerezadeljerte.org\\\/en\\\/?s={search_term_string}\"},\"query-input\":{\"@type\":\"PropertyValueSpecification\",\"valueRequired\":true,\"valueName\":\"search_term_string\"}}],\"inLanguage\":\"en-US\"},{\"@type\":\"Organization\",\"@id\":\"https:\\\/\\\/cerezadeljerte.org\\\/en\\\/#organization\",\"name\":\"cerezadeljerte.org\",\"alternateName\":\"Denominaci\u00f3n de Origen Cereza del Jerte\",\"url\":\"https:\\\/\\\/cerezadeljerte.org\\\/en\\\/\",\"logo\":{\"@type\":\"ImageObject\",\"inLanguage\":\"en-US\",\"@id\":\"https:\\\/\\\/cerezadeljerte.org\\\/en\\\/#\\\/schema\\\/logo\\\/image\\\/\",\"url\":\"https:\\\/\\\/cerezadeljerte.org\\\/wp-content\\\/uploads\\\/2024\\\/05\\\/CONSEJO-REGULADOR-D.O.P_p.png\",\"contentUrl\":\"https:\\\/\\\/cerezadeljerte.org\\\/wp-content\\\/uploads\\\/2024\\\/05\\\/CONSEJO-REGULADOR-D.O.P_p.png\",\"width\":550,\"height\":219,\"caption\":\"cerezadeljerte.org\"},\"image\":{\"@id\":\"https:\\\/\\\/cerezadeljerte.org\\\/en\\\/#\\\/schema\\\/logo\\\/image\\\/\"},\"sameAs\":[\"https:\\\/\\\/m.facebook.com\\\/PICOTADELJERTE\\\/\",\"https:\\\/\\\/x.com\\\/CEREZADELJERTE\"]},{\"@type\":\"Person\",\"@id\":\"https:\\\/\\\/cerezadeljerte.org\\\/en\\\/#\\\/schema\\\/person\\\/db07785007f349f8eeb003c8f96d3a63\",\"name\":\"Picota\",\"image\":{\"@type\":\"ImageObject\",\"inLanguage\":\"en-US\",\"@id\":\"https:\\\/\\\/secure.gravatar.com\\\/avatar\\\/ee24ef6a3b49d093f6bd594b1bdd386106677c83a47a3907489168695fab5834?s=96&d=mm&r=g\",\"url\":\"https:\\\/\\\/secure.gravatar.com\\\/avatar\\\/ee24ef6a3b49d093f6bd594b1bdd386106677c83a47a3907489168695fab5834?s=96&d=mm&r=g\",\"contentUrl\":\"https:\\\/\\\/secure.gravatar.com\\\/avatar\\\/ee24ef6a3b49d093f6bd594b1bdd386106677c83a47a3907489168695fab5834?s=96&d=mm&r=g\",\"caption\":\"Picota\"},\"url\":\"https:\\\/\\\/cerezadeljerte.org\\\/en\\\/author\\\/picota\\\/\"}]}<\/script>\n<!-- \/ Yoast SEO Premium plugin. -->","yoast_head_json":{"title":"Temporada de Picotas y ba\u00f1o en el Valle del Jerte | cerezadeljerte.org","robots":{"index":"index","follow":"follow","max-snippet":"max-snippet:-1","max-image-preview":"max-image-preview:large","max-video-preview":"max-video-preview:-1"},"canonical":"https:\/\/cerezadeljerte.org\/en\/temporada-de-picotas-y-bano-en-el-valle-del-jerte\/","og_locale":"en_US","og_type":"article","og_title":"Temporada de Picotas y ba\u00f1o en el Valle del Jerte","og_description":"Con la\u00a0llegada del buen tiempo, el Valle del Jerte recibe sus e ba\u00f1os 2015 en el Valle del Jerte. La pr\u00e1ctica totalidad de sus piscinas naturales, repartidas por el r\u00edo Jerte y las gargantas ya est\u00e1n habilitadas y en funcionamiento. Entre las piscinas naturales ubicadas en el r\u00edo Jerte destacan charcos tan populares como \u201cLos [&hellip;]","og_url":"https:\/\/cerezadeljerte.org\/en\/temporada-de-picotas-y-bano-en-el-valle-del-jerte\/","og_site_name":"cerezadeljerte.org","article_publisher":"https:\/\/m.facebook.com\/PICOTADELJERTE\/","article_published_time":"2015-06-24T14:56:33+00:00","article_modified_time":"2025-02-11T22:15:07+00:00","og_image":[{"width":1024,"height":685,"url":"https:\/\/cerezadeljerte.org\/wp-content\/uploads\/2015\/06\/pilones-garganta-infiernos-valle-jerte.jpg","type":"image\/jpeg"}],"author":"Picota","twitter_card":"summary_large_image","twitter_creator":"@CEREZADELJERTE","twitter_site":"@CEREZADELJERTE","schema":{"@context":"https:\/\/schema.org","@graph":[{"@type":"Article","@id":"https:\/\/cerezadeljerte.org\/en\/temporada-de-picotas-y-bano-en-el-valle-del-jerte\/#article","isPartOf":{"@id":"https:\/\/cerezadeljerte.org\/en\/temporada-de-picotas-y-bano-en-el-valle-del-jerte\/"},"author":{"name":"Picota","@id":"https:\/\/cerezadeljerte.org\/en\/#\/schema\/person\/db07785007f349f8eeb003c8f96d3a63"},"headline":"Temporada de Picotas y ba\u00f1o en el Valle del Jerte","datePublished":"2015-06-24T14:56:33+00:00","dateModified":"2025-02-11T22:15:07+00:00","mainEntityOfPage":{"@id":"https:\/\/cerezadeljerte.org\/en\/temporada-de-picotas-y-bano-en-el-valle-del-jerte\/"},"wordCount":463,"publisher":{"@id":"https:\/\/cerezadeljerte.org\/en\/#organization"},"image":{"@id":"https:\/\/cerezadeljerte.org\/en\/temporada-de-picotas-y-bano-en-el-valle-del-jerte\/#primaryimage"},"thumbnailUrl":"https:\/\/cerezadeljerte.org\/wp-content\/uploads\/2015\/06\/pilones-garganta-infiernos-valle-jerte.jpg","keywords":["Los Pilones","piscinas naturales","Valle del Jerte"],"articleSection":["blog es"],"inLanguage":"en-US"},{"@type":"WebPage","@id":"https:\/\/cerezadeljerte.org\/en\/temporada-de-picotas-y-bano-en-el-valle-del-jerte\/","url":"https:\/\/cerezadeljerte.org\/en\/temporada-de-picotas-y-bano-en-el-valle-del-jerte\/","name":"Temporada de Picotas y ba\u00f1o en el Valle del Jerte | cerezadeljerte.org","isPartOf":{"@id":"https:\/\/cerezadeljerte.org\/en\/#website"},"primaryImageOfPage":{"@id":"https:\/\/cerezadeljerte.org\/en\/temporada-de-picotas-y-bano-en-el-valle-del-jerte\/#primaryimage"},"image":{"@id":"https:\/\/cerezadeljerte.org\/en\/temporada-de-picotas-y-bano-en-el-valle-del-jerte\/#primaryimage"},"thumbnailUrl":"https:\/\/cerezadeljerte.org\/wp-content\/uploads\/2015\/06\/pilones-garganta-infiernos-valle-jerte.jpg","datePublished":"2015-06-24T14:56:33+00:00","dateModified":"2025-02-11T22:15:07+00:00","breadcrumb":{"@id":"https:\/\/cerezadeljerte.org\/en\/temporada-de-picotas-y-bano-en-el-valle-del-jerte\/#breadcrumb"},"inLanguage":"en-US","potentialAction":[{"@type":"ReadAction","target":["https:\/\/cerezadeljerte.org\/en\/temporada-de-picotas-y-bano-en-el-valle-del-jerte\/"]}]},{"@type":"ImageObject","inLanguage":"en-US","@id":"https:\/\/cerezadeljerte.org\/en\/temporada-de-picotas-y-bano-en-el-valle-del-jerte\/#primaryimage","url":"https:\/\/cerezadeljerte.org\/wp-content\/uploads\/2015\/06\/pilones-garganta-infiernos-valle-jerte.jpg","contentUrl":"https:\/\/cerezadeljerte.org\/wp-content\/uploads\/2015\/06\/pilones-garganta-infiernos-valle-jerte.jpg","width":1024,"height":685},{"@type":"BreadcrumbList","@id":"https:\/\/cerezadeljerte.org\/en\/temporada-de-picotas-y-bano-en-el-valle-del-jerte\/#breadcrumb","itemListElement":[{"@type":"ListItem","position":1,"name":"Portada","item":"https:\/\/cerezadeljerte.org\/en\/"},{"@type":"ListItem","position":2,"name":"Temporada de Picotas y ba\u00f1o en el Valle del Jerte"}]},{"@type":"WebSite","@id":"https:\/\/cerezadeljerte.org\/en\/#website","url":"https:\/\/cerezadeljerte.org\/en\/","name":"cerezadeljerte.org","description":"you\u2019re great, little one","publisher":{"@id":"https:\/\/cerezadeljerte.org\/en\/#organization"},"alternateName":"Denominaci\u00f3n de Origen de Cereza del Jerte","potentialAction":[{"@type":"SearchAction","target":{"@type":"EntryPoint","urlTemplate":"https:\/\/cerezadeljerte.org\/en\/?s={search_term_string}"},"query-input":{"@type":"PropertyValueSpecification","valueRequired":true,"valueName":"search_term_string"}}],"inLanguage":"en-US"},{"@type":"Organization","@id":"https:\/\/cerezadeljerte.org\/en\/#organization","name":"cerezadeljerte.org","alternateName":"Denominaci\u00f3n de Origen Cereza del Jerte","url":"https:\/\/cerezadeljerte.org\/en\/","logo":{"@type":"ImageObject","inLanguage":"en-US","@id":"https:\/\/cerezadeljerte.org\/en\/#\/schema\/logo\/image\/","url":"https:\/\/cerezadeljerte.org\/wp-content\/uploads\/2024\/05\/CONSEJO-REGULADOR-D.O.P_p.png","contentUrl":"https:\/\/cerezadeljerte.org\/wp-content\/uploads\/2024\/05\/CONSEJO-REGULADOR-D.O.P_p.png","width":550,"height":219,"caption":"cerezadeljerte.org"},"image":{"@id":"https:\/\/cerezadeljerte.org\/en\/#\/schema\/logo\/image\/"},"sameAs":["https:\/\/m.facebook.com\/PICOTADELJERTE\/","https:\/\/x.com\/CEREZADELJERTE"]},{"@type":"Person","@id":"https:\/\/cerezadeljerte.org\/en\/#\/schema\/person\/db07785007f349f8eeb003c8f96d3a63","name":"Picota","image":{"@type":"ImageObject","inLanguage":"en-US","@id":"https:\/\/secure.gravatar.com\/avatar\/ee24ef6a3b49d093f6bd594b1bdd386106677c83a47a3907489168695fab5834?s=96&d=mm&r=g","url":"https:\/\/secure.gravatar.com\/avatar\/ee24ef6a3b49d093f6bd594b1bdd386106677c83a47a3907489168695fab5834?s=96&d=mm&r=g","contentUrl":"https:\/\/secure.gravatar.com\/avatar\/ee24ef6a3b49d093f6bd594b1bdd386106677c83a47a3907489168695fab5834?s=96&d=mm&r=g","caption":"Picota"},"url":"https:\/\/cerezadeljerte.org\/en\/author\/picota\/"}]}},"_links":{"self":[{"href":"https:\/\/cerezadeljerte.org\/en\/wp-json\/wp\/v2\/posts\/20506","targetHints":{"allow":["GET"]}}],"collection":[{"href":"https:\/\/cerezadeljerte.org\/en\/wp-json\/wp\/v2\/posts"}],"about":[{"href":"https:\/\/cerezadeljerte.org\/en\/wp-json\/wp\/v2\/types\/post"}],"author":[{"embeddable":true,"href":"https:\/\/cerezadeljerte.org\/en\/wp-json\/wp\/v2\/users\/2"}],"replies":[{"embeddable":true,"href":"https:\/\/cerezadeljerte.org\/en\/wp-json\/wp\/v2\/comments?post=20506"}],"version-history":[{"count":1,"href":"https:\/\/cerezadeljerte.org\/en\/wp-json\/wp\/v2\/posts\/20506\/revisions"}],"predecessor-version":[{"id":25229,"href":"https:\/\/cerezadeljerte.org\/en\/wp-json\/wp\/v2\/posts\/20506\/revisions\/25229"}],"wp:featuredmedia":[{"embeddable":true,"href":"https:\/\/cerezadeljerte.org\/en\/wp-json\/wp\/v2\/media\/20507"}],"wp:attachment":[{"href":"https:\/\/cerezadeljerte.org\/en\/wp-json\/wp\/v2\/media?parent=20506"}],"wp:term":[{"taxonomy":"category","embeddable":true,"href":"https:\/\/cerezadeljerte.org\/en\/wp-json\/wp\/v2\/categories?post=20506"},{"taxonomy":"post_tag","embeddable":true,"href":"https:\/\/cerezadeljerte.org\/en\/wp-json\/wp\/v2\/tags?post=20506"}],"curies":[{"name":"wp","href":"https:\/\/api.w.org\/{rel}","templated":true}]}}