{"id":20503,"date":"2015-06-26T16:13:32","date_gmt":"2015-06-26T14:13:32","guid":{"rendered":"http:\/\/cerezadeljerte.org\/?p=6809"},"modified":"2025-02-11T23:15:07","modified_gmt":"2025-02-11T22:15:07","slug":"las-picotas-del-jerte-en-la-alta-restauracion","status":"publish","type":"post","link":"https:\/\/cerezadeljerte.org\/en\/las-picotas-del-jerte-en-la-alta-restauracion\/","title":{"rendered":"Las Picotas del Jerte en la alta restauraci\u00f3n"},"content":{"rendered":"<p>El Consejo Regulador Denominaci\u00f3n de Origen Cereza del Jerte ha organizado un showcooking en el <a href=\"http:\/\/www.plateamadrid.com\/\">multiespacio gastron\u00f3mico Platea Madrid<\/a>, de la mano del cocinero y asesor gastron\u00f3mico de la Universidad Cat\u00f3lica San Antonio de Murcia (UCAM)<strong>, Julio Velandrino<\/strong> y en el que ha estado presente el director general de la Industria Alimentaria del Ministerio de Agricultura, Alimentaci\u00f3n y Medio Ambiente, Fernando Burgaz.<\/p>\n<p>Velandrino ha elaborado tres platos ante la presencia de los medios de comunicaci\u00f3n asistentes: un<strong> gazpacho de Picota del Jerte<\/strong>, un <strong>Picota del Jerte en encurtido con sopa de coco y berberecho<\/strong> y, por \u00faltimo, una <strong>tosta de anchoa, aguacate y Picota del Jerte. <\/strong><\/p>\n<p>Con esta acci\u00f3n se ha demostrado la importancia gastron\u00f3mica de la Picota del Jerte que adem\u00e1s de fruto, es el ingrediente perfecto para elaborar diferentes platos. Para ello y, previo al showcooking, el Consejo Regulador ha explicado en <strong>Gold Gourmet<\/strong> situado en el mismo Platea Madrid, junto a su director, Luis Pacheco, <strong>la diferencia entre cereza y picota.<\/strong> Adem\u00e1s, los clientes de Gold Gourmet han podido disfrutar de <strong>una degustaci\u00f3n gratuita<\/strong> de producto durante toda la jornada.<\/p>\n<p>Para el cocinero Julio Velandrino, \u201clo m\u00e1s importante es el sabor de los productos y en este caso, la Picota del Jerte al ser un producto de temporada tiene un sabor muy pronunciado\u201d.<\/p>\n<p>La directora de la Denominaci\u00f3n de Origen Protegida Cereza del Jerte, Pilar D\u00edaz, ha subrayado que \u201cnuestro objetivo es que el consumidor conozca las posibilidades que la Picota del Jerte tiene, adem\u00e1s de c\u00f3mo fruta fresca, para la elaboraci\u00f3n como ingrediente base en distintos platos\u201d.<\/p>\n","protected":false},"excerpt":{"rendered":"<p>El Consejo Regulador Denominaci\u00f3n de Origen Cereza del Jerte ha organizado un showcooking en el multiespacio gastron\u00f3mico Platea Madrid, de la mano del cocinero y asesor gastron\u00f3mico de la Universidad Cat\u00f3lica San Antonio de Murcia (UCAM), Julio Velandrino y en el que ha estado presente el director general de la Industria Alimentaria del Ministerio de [&hellip;]<\/p>\n","protected":false},"author":2,"featured_media":20505,"comment_status":"closed","ping_status":"open","sticky":false,"template":"","format":"standard","meta":{"footnotes":""},"categories":[1101],"tags":[95,222],"class_list":["post-20503","post","type-post","status-publish","format-standard","has-post-thumbnail","hentry","category-blog-es","tag-picota-del-jerte","tag-recetas-cereza"],"yoast_head":"<!-- This site is optimized with the Yoast SEO Premium plugin v25.0 (Yoast SEO v27.4) - https:\/\/yoast.com\/product\/yoast-seo-premium-wordpress\/ -->\n<title>Las Picotas del Jerte en la alta restauraci\u00f3n | cerezadeljerte.org<\/title>\n<meta name=\"description\" content=\"El Consejo Regulador Denominaci\u00f3n de Origen Cereza del Jerte ha organizado un showcooking en el multiespacio gastron\u00f3mico Platea Madrid, de la mano del cocinero Julio Velandrino.\" \/>\n<meta name=\"robots\" content=\"index, follow, max-snippet:-1, max-image-preview:large, max-video-preview:-1\" \/>\n<link rel=\"canonical\" href=\"https:\/\/cerezadeljerte.org\/en\/las-picotas-del-jerte-en-la-alta-restauracion\/\" \/>\n<meta property=\"og:locale\" content=\"en_US\" \/>\n<meta property=\"og:type\" content=\"article\" \/>\n<meta property=\"og:title\" content=\"Las Picotas del Jerte en la alta restauraci\u00f3n\" \/>\n<meta property=\"og:description\" content=\"El Consejo Regulador Denominaci\u00f3n de Origen Cereza del Jerte ha organizado un showcooking en el multiespacio gastron\u00f3mico Platea Madrid, de la mano del cocinero Julio Velandrino.\" \/>\n<meta property=\"og:url\" content=\"https:\/\/cerezadeljerte.org\/en\/las-picotas-del-jerte-en-la-alta-restauracion\/\" \/>\n<meta property=\"og:site_name\" content=\"cerezadeljerte.org\" \/>\n<meta property=\"article:publisher\" content=\"https:\/\/m.facebook.com\/PICOTADELJERTE\/\" \/>\n<meta property=\"article:published_time\" content=\"2015-06-26T14:13:32+00:00\" \/>\n<meta property=\"article:modified_time\" content=\"2025-02-11T22:15:07+00:00\" \/>\n<meta property=\"og:image\" content=\"https:\/\/cerezadeljerte.org\/wp-content\/uploads\/2015\/06\/Julio-Velandrino.jpg\" \/>\n\t<meta property=\"og:image:width\" content=\"1661\" \/>\n\t<meta property=\"og:image:height\" content=\"1474\" \/>\n\t<meta property=\"og:image:type\" content=\"image\/jpeg\" \/>\n<meta name=\"author\" content=\"Picota\" \/>\n<meta name=\"twitter:card\" content=\"summary_large_image\" \/>\n<meta name=\"twitter:creator\" content=\"@CEREZADELJERTE\" \/>\n<meta name=\"twitter:site\" content=\"@CEREZADELJERTE\" \/>\n<script type=\"application\/ld+json\" class=\"yoast-schema-graph\">{\"@context\":\"https:\\\/\\\/schema.org\",\"@graph\":[{\"@type\":\"Article\",\"@id\":\"https:\\\/\\\/cerezadeljerte.org\\\/en\\\/las-picotas-del-jerte-en-la-alta-restauracion\\\/#article\",\"isPartOf\":{\"@id\":\"https:\\\/\\\/cerezadeljerte.org\\\/en\\\/las-picotas-del-jerte-en-la-alta-restauracion\\\/\"},\"author\":{\"name\":\"Picota\",\"@id\":\"https:\\\/\\\/cerezadeljerte.org\\\/en\\\/#\\\/schema\\\/person\\\/db07785007f349f8eeb003c8f96d3a63\"},\"headline\":\"Las Picotas del Jerte en la alta restauraci\u00f3n\",\"datePublished\":\"2015-06-26T14:13:32+00:00\",\"dateModified\":\"2025-02-11T22:15:07+00:00\",\"mainEntityOfPage\":{\"@id\":\"https:\\\/\\\/cerezadeljerte.org\\\/en\\\/las-picotas-del-jerte-en-la-alta-restauracion\\\/\"},\"wordCount\":287,\"publisher\":{\"@id\":\"https:\\\/\\\/cerezadeljerte.org\\\/en\\\/#organization\"},\"image\":{\"@id\":\"https:\\\/\\\/cerezadeljerte.org\\\/en\\\/las-picotas-del-jerte-en-la-alta-restauracion\\\/#primaryimage\"},\"thumbnailUrl\":\"https:\\\/\\\/cerezadeljerte.org\\\/wp-content\\\/uploads\\\/2015\\\/06\\\/Julio-Velandrino.jpg\",\"keywords\":[\"picota del jerte\",\"recetas cereza\"],\"articleSection\":[\"blog es\"],\"inLanguage\":\"en-US\"},{\"@type\":\"WebPage\",\"@id\":\"https:\\\/\\\/cerezadeljerte.org\\\/en\\\/las-picotas-del-jerte-en-la-alta-restauracion\\\/\",\"url\":\"https:\\\/\\\/cerezadeljerte.org\\\/en\\\/las-picotas-del-jerte-en-la-alta-restauracion\\\/\",\"name\":\"Las Picotas del Jerte en la alta restauraci\u00f3n | cerezadeljerte.org\",\"isPartOf\":{\"@id\":\"https:\\\/\\\/cerezadeljerte.org\\\/en\\\/#website\"},\"primaryImageOfPage\":{\"@id\":\"https:\\\/\\\/cerezadeljerte.org\\\/en\\\/las-picotas-del-jerte-en-la-alta-restauracion\\\/#primaryimage\"},\"image\":{\"@id\":\"https:\\\/\\\/cerezadeljerte.org\\\/en\\\/las-picotas-del-jerte-en-la-alta-restauracion\\\/#primaryimage\"},\"thumbnailUrl\":\"https:\\\/\\\/cerezadeljerte.org\\\/wp-content\\\/uploads\\\/2015\\\/06\\\/Julio-Velandrino.jpg\",\"datePublished\":\"2015-06-26T14:13:32+00:00\",\"dateModified\":\"2025-02-11T22:15:07+00:00\",\"description\":\"El Consejo Regulador Denominaci\u00f3n de Origen Cereza del Jerte ha organizado un showcooking en el multiespacio gastron\u00f3mico Platea Madrid, de la mano del cocinero Julio Velandrino.\",\"breadcrumb\":{\"@id\":\"https:\\\/\\\/cerezadeljerte.org\\\/en\\\/las-picotas-del-jerte-en-la-alta-restauracion\\\/#breadcrumb\"},\"inLanguage\":\"en-US\",\"potentialAction\":[{\"@type\":\"ReadAction\",\"target\":[\"https:\\\/\\\/cerezadeljerte.org\\\/en\\\/las-picotas-del-jerte-en-la-alta-restauracion\\\/\"]}]},{\"@type\":\"ImageObject\",\"inLanguage\":\"en-US\",\"@id\":\"https:\\\/\\\/cerezadeljerte.org\\\/en\\\/las-picotas-del-jerte-en-la-alta-restauracion\\\/#primaryimage\",\"url\":\"https:\\\/\\\/cerezadeljerte.org\\\/wp-content\\\/uploads\\\/2015\\\/06\\\/Julio-Velandrino.jpg\",\"contentUrl\":\"https:\\\/\\\/cerezadeljerte.org\\\/wp-content\\\/uploads\\\/2015\\\/06\\\/Julio-Velandrino.jpg\",\"width\":1661,\"height\":1474},{\"@type\":\"BreadcrumbList\",\"@id\":\"https:\\\/\\\/cerezadeljerte.org\\\/en\\\/las-picotas-del-jerte-en-la-alta-restauracion\\\/#breadcrumb\",\"itemListElement\":[{\"@type\":\"ListItem\",\"position\":1,\"name\":\"Portada\",\"item\":\"https:\\\/\\\/cerezadeljerte.org\\\/en\\\/\"},{\"@type\":\"ListItem\",\"position\":2,\"name\":\"Las Picotas del Jerte en la alta restauraci\u00f3n\"}]},{\"@type\":\"WebSite\",\"@id\":\"https:\\\/\\\/cerezadeljerte.org\\\/en\\\/#website\",\"url\":\"https:\\\/\\\/cerezadeljerte.org\\\/en\\\/\",\"name\":\"cerezadeljerte.org\",\"description\":\"you\u2019re great, little one\",\"publisher\":{\"@id\":\"https:\\\/\\\/cerezadeljerte.org\\\/en\\\/#organization\"},\"alternateName\":\"Denominaci\u00f3n de Origen de Cereza del Jerte\",\"potentialAction\":[{\"@type\":\"SearchAction\",\"target\":{\"@type\":\"EntryPoint\",\"urlTemplate\":\"https:\\\/\\\/cerezadeljerte.org\\\/en\\\/?s={search_term_string}\"},\"query-input\":{\"@type\":\"PropertyValueSpecification\",\"valueRequired\":true,\"valueName\":\"search_term_string\"}}],\"inLanguage\":\"en-US\"},{\"@type\":\"Organization\",\"@id\":\"https:\\\/\\\/cerezadeljerte.org\\\/en\\\/#organization\",\"name\":\"cerezadeljerte.org\",\"alternateName\":\"Denominaci\u00f3n de Origen Cereza del Jerte\",\"url\":\"https:\\\/\\\/cerezadeljerte.org\\\/en\\\/\",\"logo\":{\"@type\":\"ImageObject\",\"inLanguage\":\"en-US\",\"@id\":\"https:\\\/\\\/cerezadeljerte.org\\\/en\\\/#\\\/schema\\\/logo\\\/image\\\/\",\"url\":\"https:\\\/\\\/cerezadeljerte.org\\\/wp-content\\\/uploads\\\/2024\\\/05\\\/CONSEJO-REGULADOR-D.O.P_p.png\",\"contentUrl\":\"https:\\\/\\\/cerezadeljerte.org\\\/wp-content\\\/uploads\\\/2024\\\/05\\\/CONSEJO-REGULADOR-D.O.P_p.png\",\"width\":550,\"height\":219,\"caption\":\"cerezadeljerte.org\"},\"image\":{\"@id\":\"https:\\\/\\\/cerezadeljerte.org\\\/en\\\/#\\\/schema\\\/logo\\\/image\\\/\"},\"sameAs\":[\"https:\\\/\\\/m.facebook.com\\\/PICOTADELJERTE\\\/\",\"https:\\\/\\\/x.com\\\/CEREZADELJERTE\"]},{\"@type\":\"Person\",\"@id\":\"https:\\\/\\\/cerezadeljerte.org\\\/en\\\/#\\\/schema\\\/person\\\/db07785007f349f8eeb003c8f96d3a63\",\"name\":\"Picota\",\"image\":{\"@type\":\"ImageObject\",\"inLanguage\":\"en-US\",\"@id\":\"https:\\\/\\\/secure.gravatar.com\\\/avatar\\\/ee24ef6a3b49d093f6bd594b1bdd386106677c83a47a3907489168695fab5834?s=96&d=mm&r=g\",\"url\":\"https:\\\/\\\/secure.gravatar.com\\\/avatar\\\/ee24ef6a3b49d093f6bd594b1bdd386106677c83a47a3907489168695fab5834?s=96&d=mm&r=g\",\"contentUrl\":\"https:\\\/\\\/secure.gravatar.com\\\/avatar\\\/ee24ef6a3b49d093f6bd594b1bdd386106677c83a47a3907489168695fab5834?s=96&d=mm&r=g\",\"caption\":\"Picota\"},\"url\":\"https:\\\/\\\/cerezadeljerte.org\\\/en\\\/author\\\/picota\\\/\"}]}<\/script>\n<!-- \/ Yoast SEO Premium plugin. -->","yoast_head_json":{"title":"Las Picotas del Jerte en la alta restauraci\u00f3n | cerezadeljerte.org","description":"El Consejo Regulador Denominaci\u00f3n de Origen Cereza del Jerte ha organizado un showcooking en el multiespacio gastron\u00f3mico Platea Madrid, de la mano del cocinero Julio Velandrino.","robots":{"index":"index","follow":"follow","max-snippet":"max-snippet:-1","max-image-preview":"max-image-preview:large","max-video-preview":"max-video-preview:-1"},"canonical":"https:\/\/cerezadeljerte.org\/en\/las-picotas-del-jerte-en-la-alta-restauracion\/","og_locale":"en_US","og_type":"article","og_title":"Las Picotas del Jerte en la alta restauraci\u00f3n","og_description":"El Consejo Regulador Denominaci\u00f3n de Origen Cereza del Jerte ha organizado un showcooking en el multiespacio gastron\u00f3mico Platea Madrid, de la mano del cocinero Julio Velandrino.","og_url":"https:\/\/cerezadeljerte.org\/en\/las-picotas-del-jerte-en-la-alta-restauracion\/","og_site_name":"cerezadeljerte.org","article_publisher":"https:\/\/m.facebook.com\/PICOTADELJERTE\/","article_published_time":"2015-06-26T14:13:32+00:00","article_modified_time":"2025-02-11T22:15:07+00:00","og_image":[{"width":1661,"height":1474,"url":"https:\/\/cerezadeljerte.org\/wp-content\/uploads\/2015\/06\/Julio-Velandrino.jpg","type":"image\/jpeg"}],"author":"Picota","twitter_card":"summary_large_image","twitter_creator":"@CEREZADELJERTE","twitter_site":"@CEREZADELJERTE","schema":{"@context":"https:\/\/schema.org","@graph":[{"@type":"Article","@id":"https:\/\/cerezadeljerte.org\/en\/las-picotas-del-jerte-en-la-alta-restauracion\/#article","isPartOf":{"@id":"https:\/\/cerezadeljerte.org\/en\/las-picotas-del-jerte-en-la-alta-restauracion\/"},"author":{"name":"Picota","@id":"https:\/\/cerezadeljerte.org\/en\/#\/schema\/person\/db07785007f349f8eeb003c8f96d3a63"},"headline":"Las Picotas del Jerte en la alta restauraci\u00f3n","datePublished":"2015-06-26T14:13:32+00:00","dateModified":"2025-02-11T22:15:07+00:00","mainEntityOfPage":{"@id":"https:\/\/cerezadeljerte.org\/en\/las-picotas-del-jerte-en-la-alta-restauracion\/"},"wordCount":287,"publisher":{"@id":"https:\/\/cerezadeljerte.org\/en\/#organization"},"image":{"@id":"https:\/\/cerezadeljerte.org\/en\/las-picotas-del-jerte-en-la-alta-restauracion\/#primaryimage"},"thumbnailUrl":"https:\/\/cerezadeljerte.org\/wp-content\/uploads\/2015\/06\/Julio-Velandrino.jpg","keywords":["picota del jerte","recetas cereza"],"articleSection":["blog es"],"inLanguage":"en-US"},{"@type":"WebPage","@id":"https:\/\/cerezadeljerte.org\/en\/las-picotas-del-jerte-en-la-alta-restauracion\/","url":"https:\/\/cerezadeljerte.org\/en\/las-picotas-del-jerte-en-la-alta-restauracion\/","name":"Las Picotas del Jerte en la alta restauraci\u00f3n | cerezadeljerte.org","isPartOf":{"@id":"https:\/\/cerezadeljerte.org\/en\/#website"},"primaryImageOfPage":{"@id":"https:\/\/cerezadeljerte.org\/en\/las-picotas-del-jerte-en-la-alta-restauracion\/#primaryimage"},"image":{"@id":"https:\/\/cerezadeljerte.org\/en\/las-picotas-del-jerte-en-la-alta-restauracion\/#primaryimage"},"thumbnailUrl":"https:\/\/cerezadeljerte.org\/wp-content\/uploads\/2015\/06\/Julio-Velandrino.jpg","datePublished":"2015-06-26T14:13:32+00:00","dateModified":"2025-02-11T22:15:07+00:00","description":"El Consejo Regulador Denominaci\u00f3n de Origen Cereza del Jerte ha organizado un showcooking en el multiespacio gastron\u00f3mico Platea Madrid, de la mano del cocinero Julio Velandrino.","breadcrumb":{"@id":"https:\/\/cerezadeljerte.org\/en\/las-picotas-del-jerte-en-la-alta-restauracion\/#breadcrumb"},"inLanguage":"en-US","potentialAction":[{"@type":"ReadAction","target":["https:\/\/cerezadeljerte.org\/en\/las-picotas-del-jerte-en-la-alta-restauracion\/"]}]},{"@type":"ImageObject","inLanguage":"en-US","@id":"https:\/\/cerezadeljerte.org\/en\/las-picotas-del-jerte-en-la-alta-restauracion\/#primaryimage","url":"https:\/\/cerezadeljerte.org\/wp-content\/uploads\/2015\/06\/Julio-Velandrino.jpg","contentUrl":"https:\/\/cerezadeljerte.org\/wp-content\/uploads\/2015\/06\/Julio-Velandrino.jpg","width":1661,"height":1474},{"@type":"BreadcrumbList","@id":"https:\/\/cerezadeljerte.org\/en\/las-picotas-del-jerte-en-la-alta-restauracion\/#breadcrumb","itemListElement":[{"@type":"ListItem","position":1,"name":"Portada","item":"https:\/\/cerezadeljerte.org\/en\/"},{"@type":"ListItem","position":2,"name":"Las Picotas del Jerte en la alta restauraci\u00f3n"}]},{"@type":"WebSite","@id":"https:\/\/cerezadeljerte.org\/en\/#website","url":"https:\/\/cerezadeljerte.org\/en\/","name":"cerezadeljerte.org","description":"you\u2019re great, little one","publisher":{"@id":"https:\/\/cerezadeljerte.org\/en\/#organization"},"alternateName":"Denominaci\u00f3n de Origen de Cereza del Jerte","potentialAction":[{"@type":"SearchAction","target":{"@type":"EntryPoint","urlTemplate":"https:\/\/cerezadeljerte.org\/en\/?s={search_term_string}"},"query-input":{"@type":"PropertyValueSpecification","valueRequired":true,"valueName":"search_term_string"}}],"inLanguage":"en-US"},{"@type":"Organization","@id":"https:\/\/cerezadeljerte.org\/en\/#organization","name":"cerezadeljerte.org","alternateName":"Denominaci\u00f3n de Origen Cereza del Jerte","url":"https:\/\/cerezadeljerte.org\/en\/","logo":{"@type":"ImageObject","inLanguage":"en-US","@id":"https:\/\/cerezadeljerte.org\/en\/#\/schema\/logo\/image\/","url":"https:\/\/cerezadeljerte.org\/wp-content\/uploads\/2024\/05\/CONSEJO-REGULADOR-D.O.P_p.png","contentUrl":"https:\/\/cerezadeljerte.org\/wp-content\/uploads\/2024\/05\/CONSEJO-REGULADOR-D.O.P_p.png","width":550,"height":219,"caption":"cerezadeljerte.org"},"image":{"@id":"https:\/\/cerezadeljerte.org\/en\/#\/schema\/logo\/image\/"},"sameAs":["https:\/\/m.facebook.com\/PICOTADELJERTE\/","https:\/\/x.com\/CEREZADELJERTE"]},{"@type":"Person","@id":"https:\/\/cerezadeljerte.org\/en\/#\/schema\/person\/db07785007f349f8eeb003c8f96d3a63","name":"Picota","image":{"@type":"ImageObject","inLanguage":"en-US","@id":"https:\/\/secure.gravatar.com\/avatar\/ee24ef6a3b49d093f6bd594b1bdd386106677c83a47a3907489168695fab5834?s=96&d=mm&r=g","url":"https:\/\/secure.gravatar.com\/avatar\/ee24ef6a3b49d093f6bd594b1bdd386106677c83a47a3907489168695fab5834?s=96&d=mm&r=g","contentUrl":"https:\/\/secure.gravatar.com\/avatar\/ee24ef6a3b49d093f6bd594b1bdd386106677c83a47a3907489168695fab5834?s=96&d=mm&r=g","caption":"Picota"},"url":"https:\/\/cerezadeljerte.org\/en\/author\/picota\/"}]}},"_links":{"self":[{"href":"https:\/\/cerezadeljerte.org\/en\/wp-json\/wp\/v2\/posts\/20503","targetHints":{"allow":["GET"]}}],"collection":[{"href":"https:\/\/cerezadeljerte.org\/en\/wp-json\/wp\/v2\/posts"}],"about":[{"href":"https:\/\/cerezadeljerte.org\/en\/wp-json\/wp\/v2\/types\/post"}],"author":[{"embeddable":true,"href":"https:\/\/cerezadeljerte.org\/en\/wp-json\/wp\/v2\/users\/2"}],"replies":[{"embeddable":true,"href":"https:\/\/cerezadeljerte.org\/en\/wp-json\/wp\/v2\/comments?post=20503"}],"version-history":[{"count":1,"href":"https:\/\/cerezadeljerte.org\/en\/wp-json\/wp\/v2\/posts\/20503\/revisions"}],"predecessor-version":[{"id":25228,"href":"https:\/\/cerezadeljerte.org\/en\/wp-json\/wp\/v2\/posts\/20503\/revisions\/25228"}],"wp:featuredmedia":[{"embeddable":true,"href":"https:\/\/cerezadeljerte.org\/en\/wp-json\/wp\/v2\/media\/20505"}],"wp:attachment":[{"href":"https:\/\/cerezadeljerte.org\/en\/wp-json\/wp\/v2\/media?parent=20503"}],"wp:term":[{"taxonomy":"category","embeddable":true,"href":"https:\/\/cerezadeljerte.org\/en\/wp-json\/wp\/v2\/categories?post=20503"},{"taxonomy":"post_tag","embeddable":true,"href":"https:\/\/cerezadeljerte.org\/en\/wp-json\/wp\/v2\/tags?post=20503"}],"curies":[{"name":"wp","href":"https:\/\/api.w.org\/{rel}","templated":true}]}}