{"id":20165,"date":"2017-05-19T12:49:14","date_gmt":"2017-05-19T10:49:14","guid":{"rendered":"http:\/\/cerezadeljerte.org\/?p=9026\/"},"modified":"2025-02-11T23:19:34","modified_gmt":"2025-02-11T22:19:34","slug":"salen-al-mercado-las-primeras-cerezas-navalinda-del-valle-del-jerte","status":"publish","type":"post","link":"https:\/\/cerezadeljerte.org\/en\/salen-al-mercado-las-primeras-cerezas-navalinda-del-valle-del-jerte\/","title":{"rendered":"Salen al mercado las primeras cerezas certificadas por el Consejo Regulador de la DOP Cereza del Jerte"},"content":{"rendered":"<p>El Consejo Regulador de la Denominaci\u00f3n de Origen Protegida Cereza del Jerte ha comenzado a certificar las primeras cerezas de la variedad Navalinda, la \u00fanica que tiene ped\u00fanculo certificada en el Valle del Jerte. Estas cerezas, que pronto se encontraran en el mercado, cuentan con la <strong>contraetiqueta que garantiza su m\u00e1xima calidad.<\/strong><\/p>\n<p>El presidente del Consejo Regulador, <strong>Ignacio Montero<\/strong>, coment\u00f3 que las previsiones de campa\u00f1a de cereza Navalinda, \u00fanica variedad amparada por la Denominaci\u00f3n de Origen,<strong> \u201coscilar\u00e1 entre 500.000- 700.000 kilos\u201d<\/strong>. Aproximadamente el<strong> 60 por ciento de la producci\u00f3n de cereza se destina al mercado exterior<\/strong>.<\/p>\n<p>En <strong>el Valle del Jerte<\/strong> el<strong> cultivo de las cerezas se desempe\u00f1a de una manera natural,<\/strong> tradicional y sin aditivos, lo que consigue que las cerezas y picotas tengan un sabor \u00fanico y un alt\u00edsimo contenido en vitaminas, oligoelementos, flavonoides, etc. Tras una cuidadosa selecci\u00f3n a pie de \u00e1rbol, de acuerdo a un riguroso control de calidad, s\u00f3lo las mejores se identifican con el sello de la Denominaci\u00f3n de Origen Cereza del Jerte.<\/p>\n<p>Existen muchos tipos diferentes de cereza, la variedad principal en la zona del Jerte es la cereza sin rabito llamada picota que llegan a partir de la primera quincena de junio y que, con la m\u00e1xima calidad garantizada por la contraetiqueta que siempre les acompa\u00f1a, estar\u00e1n en los mercados hasta la primera semana de agosto.<\/p>\n<p>La m\u00e1xima calidad que garantiza la Denominaci\u00f3n de Origen Protegida Cereza del Jerte es muy f\u00e1cil de encontrar e<strong>n cualquier fruter\u00eda<\/strong> gracias a la contraetiqueta que acompa\u00f1a cada caja de cerezas y picotas procedentes del Valle del Jerte.<\/p>\n<p>&nbsp;<\/p>\n","protected":false},"excerpt":{"rendered":"<p>El Consejo Regulador de la Denominaci\u00f3n de Origen Protegida Cereza del Jerte ha comenzado a certificar las primeras cerezas de la variedad Navalinda, la \u00fanica que tiene ped\u00fanculo certificada en el Valle del Jerte. Estas cerezas, que pronto se encontraran en el mercado, cuentan con la contraetiqueta que garantiza su m\u00e1xima calidad. El presidente del [&hellip;]<\/p>\n","protected":false},"author":2,"featured_media":20166,"comment_status":"closed","ping_status":"open","sticky":false,"template":"","format":"standard","meta":{"footnotes":""},"categories":[1101],"tags":[51,54],"class_list":["post-20165","post","type-post","status-publish","format-standard","has-post-thumbnail","hentry","category-blog-es","tag-cereza-del-jerte","tag-navalinda"],"yoast_head":"<!-- This site is optimized with the Yoast SEO Premium plugin v25.0 (Yoast SEO v27.4) - https:\/\/yoast.com\/product\/yoast-seo-premium-wordpress\/ -->\n<title>Salen al mercado las primeras cerezas Navalinda del Valle del Jerte<\/title>\n<meta name=\"description\" content=\"El Consejo Regulador de la Denominaci\u00f3n de Origen Protegida Cereza del Jerte ha comenzado a certificar las primeras cerezas de la variedad Navalinda.\" \/>\n<meta name=\"robots\" content=\"index, follow, max-snippet:-1, max-image-preview:large, max-video-preview:-1\" \/>\n<link rel=\"canonical\" href=\"https:\/\/cerezadeljerte.org\/en\/salen-al-mercado-las-primeras-cerezas-navalinda-del-valle-del-jerte\/\" \/>\n<meta property=\"og:locale\" content=\"en_US\" \/>\n<meta property=\"og:type\" content=\"article\" \/>\n<meta property=\"og:title\" content=\"Salen al mercado las primeras cerezas certificadas por el Consejo Regulador de la DOP Cereza del Jerte\" \/>\n<meta property=\"og:description\" content=\"El Consejo Regulador de la Denominaci\u00f3n de Origen Protegida Cereza del Jerte ha comenzado a certificar las primeras cerezas de la variedad Navalinda.\" \/>\n<meta property=\"og:url\" content=\"https:\/\/cerezadeljerte.org\/en\/salen-al-mercado-las-primeras-cerezas-navalinda-del-valle-del-jerte\/\" \/>\n<meta property=\"og:site_name\" content=\"cerezadeljerte.org\" \/>\n<meta property=\"article:publisher\" content=\"https:\/\/m.facebook.com\/PICOTADELJERTE\/\" \/>\n<meta property=\"article:published_time\" content=\"2017-05-19T10:49:14+00:00\" \/>\n<meta property=\"article:modified_time\" content=\"2025-02-11T22:19:34+00:00\" \/>\n<meta property=\"og:image\" content=\"https:\/\/cerezadeljerte.org\/wp-content\/uploads\/2016\/06\/recetas-de-temporada-con-cereza-del-jerte.jpg\" \/>\n\t<meta property=\"og:image:width\" content=\"540\" \/>\n\t<meta property=\"og:image:height\" content=\"428\" \/>\n\t<meta property=\"og:image:type\" content=\"image\/jpeg\" \/>\n<meta name=\"author\" content=\"Picota\" \/>\n<meta name=\"twitter:card\" content=\"summary_large_image\" \/>\n<meta name=\"twitter:creator\" content=\"@CEREZADELJERTE\" \/>\n<meta name=\"twitter:site\" content=\"@CEREZADELJERTE\" \/>\n<script type=\"application\/ld+json\" class=\"yoast-schema-graph\">{\"@context\":\"https:\\\/\\\/schema.org\",\"@graph\":[{\"@type\":\"Article\",\"@id\":\"https:\\\/\\\/cerezadeljerte.org\\\/en\\\/salen-al-mercado-las-primeras-cerezas-navalinda-del-valle-del-jerte\\\/#article\",\"isPartOf\":{\"@id\":\"https:\\\/\\\/cerezadeljerte.org\\\/en\\\/salen-al-mercado-las-primeras-cerezas-navalinda-del-valle-del-jerte\\\/\"},\"author\":{\"name\":\"Picota\",\"@id\":\"https:\\\/\\\/cerezadeljerte.org\\\/en\\\/#\\\/schema\\\/person\\\/db07785007f349f8eeb003c8f96d3a63\"},\"headline\":\"Salen al mercado las primeras cerezas certificadas por el Consejo Regulador de la DOP Cereza del Jerte\",\"datePublished\":\"2017-05-19T10:49:14+00:00\",\"dateModified\":\"2025-02-11T22:19:34+00:00\",\"mainEntityOfPage\":{\"@id\":\"https:\\\/\\\/cerezadeljerte.org\\\/en\\\/salen-al-mercado-las-primeras-cerezas-navalinda-del-valle-del-jerte\\\/\"},\"wordCount\":297,\"publisher\":{\"@id\":\"https:\\\/\\\/cerezadeljerte.org\\\/en\\\/#organization\"},\"image\":{\"@id\":\"https:\\\/\\\/cerezadeljerte.org\\\/en\\\/salen-al-mercado-las-primeras-cerezas-navalinda-del-valle-del-jerte\\\/#primaryimage\"},\"thumbnailUrl\":\"https:\\\/\\\/cerezadeljerte.org\\\/wp-content\\\/uploads\\\/2016\\\/06\\\/recetas-de-temporada-con-cereza-del-jerte.jpg\",\"keywords\":[\"cereza del jerte\",\"Navalinda\"],\"articleSection\":[\"blog es\"],\"inLanguage\":\"en-US\"},{\"@type\":\"WebPage\",\"@id\":\"https:\\\/\\\/cerezadeljerte.org\\\/en\\\/salen-al-mercado-las-primeras-cerezas-navalinda-del-valle-del-jerte\\\/\",\"url\":\"https:\\\/\\\/cerezadeljerte.org\\\/en\\\/salen-al-mercado-las-primeras-cerezas-navalinda-del-valle-del-jerte\\\/\",\"name\":\"Salen al mercado las primeras cerezas Navalinda del Valle del Jerte\",\"isPartOf\":{\"@id\":\"https:\\\/\\\/cerezadeljerte.org\\\/en\\\/#website\"},\"primaryImageOfPage\":{\"@id\":\"https:\\\/\\\/cerezadeljerte.org\\\/en\\\/salen-al-mercado-las-primeras-cerezas-navalinda-del-valle-del-jerte\\\/#primaryimage\"},\"image\":{\"@id\":\"https:\\\/\\\/cerezadeljerte.org\\\/en\\\/salen-al-mercado-las-primeras-cerezas-navalinda-del-valle-del-jerte\\\/#primaryimage\"},\"thumbnailUrl\":\"https:\\\/\\\/cerezadeljerte.org\\\/wp-content\\\/uploads\\\/2016\\\/06\\\/recetas-de-temporada-con-cereza-del-jerte.jpg\",\"datePublished\":\"2017-05-19T10:49:14+00:00\",\"dateModified\":\"2025-02-11T22:19:34+00:00\",\"description\":\"El Consejo Regulador de la Denominaci\u00f3n de Origen Protegida Cereza del Jerte ha comenzado a certificar las primeras cerezas de la variedad Navalinda.\",\"breadcrumb\":{\"@id\":\"https:\\\/\\\/cerezadeljerte.org\\\/en\\\/salen-al-mercado-las-primeras-cerezas-navalinda-del-valle-del-jerte\\\/#breadcrumb\"},\"inLanguage\":\"en-US\",\"potentialAction\":[{\"@type\":\"ReadAction\",\"target\":[\"https:\\\/\\\/cerezadeljerte.org\\\/en\\\/salen-al-mercado-las-primeras-cerezas-navalinda-del-valle-del-jerte\\\/\"]}]},{\"@type\":\"ImageObject\",\"inLanguage\":\"en-US\",\"@id\":\"https:\\\/\\\/cerezadeljerte.org\\\/en\\\/salen-al-mercado-las-primeras-cerezas-navalinda-del-valle-del-jerte\\\/#primaryimage\",\"url\":\"https:\\\/\\\/cerezadeljerte.org\\\/wp-content\\\/uploads\\\/2016\\\/06\\\/recetas-de-temporada-con-cereza-del-jerte.jpg\",\"contentUrl\":\"https:\\\/\\\/cerezadeljerte.org\\\/wp-content\\\/uploads\\\/2016\\\/06\\\/recetas-de-temporada-con-cereza-del-jerte.jpg\",\"width\":540,\"height\":428},{\"@type\":\"BreadcrumbList\",\"@id\":\"https:\\\/\\\/cerezadeljerte.org\\\/en\\\/salen-al-mercado-las-primeras-cerezas-navalinda-del-valle-del-jerte\\\/#breadcrumb\",\"itemListElement\":[{\"@type\":\"ListItem\",\"position\":1,\"name\":\"Portada\",\"item\":\"https:\\\/\\\/cerezadeljerte.org\\\/en\\\/\"},{\"@type\":\"ListItem\",\"position\":2,\"name\":\"Salen al mercado las primeras cerezas certificadas por el Consejo Regulador de la DOP Cereza del Jerte\"}]},{\"@type\":\"WebSite\",\"@id\":\"https:\\\/\\\/cerezadeljerte.org\\\/en\\\/#website\",\"url\":\"https:\\\/\\\/cerezadeljerte.org\\\/en\\\/\",\"name\":\"cerezadeljerte.org\",\"description\":\"you\u2019re great, little one\",\"publisher\":{\"@id\":\"https:\\\/\\\/cerezadeljerte.org\\\/en\\\/#organization\"},\"alternateName\":\"Denominaci\u00f3n de Origen de Cereza del Jerte\",\"potentialAction\":[{\"@type\":\"SearchAction\",\"target\":{\"@type\":\"EntryPoint\",\"urlTemplate\":\"https:\\\/\\\/cerezadeljerte.org\\\/en\\\/?s={search_term_string}\"},\"query-input\":{\"@type\":\"PropertyValueSpecification\",\"valueRequired\":true,\"valueName\":\"search_term_string\"}}],\"inLanguage\":\"en-US\"},{\"@type\":\"Organization\",\"@id\":\"https:\\\/\\\/cerezadeljerte.org\\\/en\\\/#organization\",\"name\":\"cerezadeljerte.org\",\"alternateName\":\"Denominaci\u00f3n de Origen Cereza del Jerte\",\"url\":\"https:\\\/\\\/cerezadeljerte.org\\\/en\\\/\",\"logo\":{\"@type\":\"ImageObject\",\"inLanguage\":\"en-US\",\"@id\":\"https:\\\/\\\/cerezadeljerte.org\\\/en\\\/#\\\/schema\\\/logo\\\/image\\\/\",\"url\":\"https:\\\/\\\/cerezadeljerte.org\\\/wp-content\\\/uploads\\\/2024\\\/05\\\/CONSEJO-REGULADOR-D.O.P_p.png\",\"contentUrl\":\"https:\\\/\\\/cerezadeljerte.org\\\/wp-content\\\/uploads\\\/2024\\\/05\\\/CONSEJO-REGULADOR-D.O.P_p.png\",\"width\":550,\"height\":219,\"caption\":\"cerezadeljerte.org\"},\"image\":{\"@id\":\"https:\\\/\\\/cerezadeljerte.org\\\/en\\\/#\\\/schema\\\/logo\\\/image\\\/\"},\"sameAs\":[\"https:\\\/\\\/m.facebook.com\\\/PICOTADELJERTE\\\/\",\"https:\\\/\\\/x.com\\\/CEREZADELJERTE\"]},{\"@type\":\"Person\",\"@id\":\"https:\\\/\\\/cerezadeljerte.org\\\/en\\\/#\\\/schema\\\/person\\\/db07785007f349f8eeb003c8f96d3a63\",\"name\":\"Picota\",\"image\":{\"@type\":\"ImageObject\",\"inLanguage\":\"en-US\",\"@id\":\"https:\\\/\\\/secure.gravatar.com\\\/avatar\\\/ee24ef6a3b49d093f6bd594b1bdd386106677c83a47a3907489168695fab5834?s=96&d=mm&r=g\",\"url\":\"https:\\\/\\\/secure.gravatar.com\\\/avatar\\\/ee24ef6a3b49d093f6bd594b1bdd386106677c83a47a3907489168695fab5834?s=96&d=mm&r=g\",\"contentUrl\":\"https:\\\/\\\/secure.gravatar.com\\\/avatar\\\/ee24ef6a3b49d093f6bd594b1bdd386106677c83a47a3907489168695fab5834?s=96&d=mm&r=g\",\"caption\":\"Picota\"},\"url\":\"https:\\\/\\\/cerezadeljerte.org\\\/en\\\/author\\\/picota\\\/\"}]}<\/script>\n<!-- \/ Yoast SEO Premium plugin. -->","yoast_head_json":{"title":"Salen al mercado las primeras cerezas Navalinda del Valle del Jerte","description":"El Consejo Regulador de la Denominaci\u00f3n de Origen Protegida Cereza del Jerte ha comenzado a certificar las primeras cerezas de la variedad Navalinda.","robots":{"index":"index","follow":"follow","max-snippet":"max-snippet:-1","max-image-preview":"max-image-preview:large","max-video-preview":"max-video-preview:-1"},"canonical":"https:\/\/cerezadeljerte.org\/en\/salen-al-mercado-las-primeras-cerezas-navalinda-del-valle-del-jerte\/","og_locale":"en_US","og_type":"article","og_title":"Salen al mercado las primeras cerezas certificadas por el Consejo Regulador de la DOP Cereza del Jerte","og_description":"El Consejo Regulador de la Denominaci\u00f3n de Origen Protegida Cereza del Jerte ha comenzado a certificar las primeras cerezas de la variedad Navalinda.","og_url":"https:\/\/cerezadeljerte.org\/en\/salen-al-mercado-las-primeras-cerezas-navalinda-del-valle-del-jerte\/","og_site_name":"cerezadeljerte.org","article_publisher":"https:\/\/m.facebook.com\/PICOTADELJERTE\/","article_published_time":"2017-05-19T10:49:14+00:00","article_modified_time":"2025-02-11T22:19:34+00:00","og_image":[{"width":540,"height":428,"url":"https:\/\/cerezadeljerte.org\/wp-content\/uploads\/2016\/06\/recetas-de-temporada-con-cereza-del-jerte.jpg","type":"image\/jpeg"}],"author":"Picota","twitter_card":"summary_large_image","twitter_creator":"@CEREZADELJERTE","twitter_site":"@CEREZADELJERTE","schema":{"@context":"https:\/\/schema.org","@graph":[{"@type":"Article","@id":"https:\/\/cerezadeljerte.org\/en\/salen-al-mercado-las-primeras-cerezas-navalinda-del-valle-del-jerte\/#article","isPartOf":{"@id":"https:\/\/cerezadeljerte.org\/en\/salen-al-mercado-las-primeras-cerezas-navalinda-del-valle-del-jerte\/"},"author":{"name":"Picota","@id":"https:\/\/cerezadeljerte.org\/en\/#\/schema\/person\/db07785007f349f8eeb003c8f96d3a63"},"headline":"Salen al mercado las primeras cerezas certificadas por el Consejo Regulador de la DOP Cereza del Jerte","datePublished":"2017-05-19T10:49:14+00:00","dateModified":"2025-02-11T22:19:34+00:00","mainEntityOfPage":{"@id":"https:\/\/cerezadeljerte.org\/en\/salen-al-mercado-las-primeras-cerezas-navalinda-del-valle-del-jerte\/"},"wordCount":297,"publisher":{"@id":"https:\/\/cerezadeljerte.org\/en\/#organization"},"image":{"@id":"https:\/\/cerezadeljerte.org\/en\/salen-al-mercado-las-primeras-cerezas-navalinda-del-valle-del-jerte\/#primaryimage"},"thumbnailUrl":"https:\/\/cerezadeljerte.org\/wp-content\/uploads\/2016\/06\/recetas-de-temporada-con-cereza-del-jerte.jpg","keywords":["cereza del jerte","Navalinda"],"articleSection":["blog es"],"inLanguage":"en-US"},{"@type":"WebPage","@id":"https:\/\/cerezadeljerte.org\/en\/salen-al-mercado-las-primeras-cerezas-navalinda-del-valle-del-jerte\/","url":"https:\/\/cerezadeljerte.org\/en\/salen-al-mercado-las-primeras-cerezas-navalinda-del-valle-del-jerte\/","name":"Salen al mercado las primeras cerezas Navalinda del Valle del Jerte","isPartOf":{"@id":"https:\/\/cerezadeljerte.org\/en\/#website"},"primaryImageOfPage":{"@id":"https:\/\/cerezadeljerte.org\/en\/salen-al-mercado-las-primeras-cerezas-navalinda-del-valle-del-jerte\/#primaryimage"},"image":{"@id":"https:\/\/cerezadeljerte.org\/en\/salen-al-mercado-las-primeras-cerezas-navalinda-del-valle-del-jerte\/#primaryimage"},"thumbnailUrl":"https:\/\/cerezadeljerte.org\/wp-content\/uploads\/2016\/06\/recetas-de-temporada-con-cereza-del-jerte.jpg","datePublished":"2017-05-19T10:49:14+00:00","dateModified":"2025-02-11T22:19:34+00:00","description":"El Consejo Regulador de la Denominaci\u00f3n de Origen Protegida Cereza del Jerte ha comenzado a certificar las primeras cerezas de la variedad Navalinda.","breadcrumb":{"@id":"https:\/\/cerezadeljerte.org\/en\/salen-al-mercado-las-primeras-cerezas-navalinda-del-valle-del-jerte\/#breadcrumb"},"inLanguage":"en-US","potentialAction":[{"@type":"ReadAction","target":["https:\/\/cerezadeljerte.org\/en\/salen-al-mercado-las-primeras-cerezas-navalinda-del-valle-del-jerte\/"]}]},{"@type":"ImageObject","inLanguage":"en-US","@id":"https:\/\/cerezadeljerte.org\/en\/salen-al-mercado-las-primeras-cerezas-navalinda-del-valle-del-jerte\/#primaryimage","url":"https:\/\/cerezadeljerte.org\/wp-content\/uploads\/2016\/06\/recetas-de-temporada-con-cereza-del-jerte.jpg","contentUrl":"https:\/\/cerezadeljerte.org\/wp-content\/uploads\/2016\/06\/recetas-de-temporada-con-cereza-del-jerte.jpg","width":540,"height":428},{"@type":"BreadcrumbList","@id":"https:\/\/cerezadeljerte.org\/en\/salen-al-mercado-las-primeras-cerezas-navalinda-del-valle-del-jerte\/#breadcrumb","itemListElement":[{"@type":"ListItem","position":1,"name":"Portada","item":"https:\/\/cerezadeljerte.org\/en\/"},{"@type":"ListItem","position":2,"name":"Salen al mercado las primeras cerezas certificadas por el Consejo Regulador de la DOP Cereza del Jerte"}]},{"@type":"WebSite","@id":"https:\/\/cerezadeljerte.org\/en\/#website","url":"https:\/\/cerezadeljerte.org\/en\/","name":"cerezadeljerte.org","description":"you\u2019re great, little one","publisher":{"@id":"https:\/\/cerezadeljerte.org\/en\/#organization"},"alternateName":"Denominaci\u00f3n de Origen de Cereza del Jerte","potentialAction":[{"@type":"SearchAction","target":{"@type":"EntryPoint","urlTemplate":"https:\/\/cerezadeljerte.org\/en\/?s={search_term_string}"},"query-input":{"@type":"PropertyValueSpecification","valueRequired":true,"valueName":"search_term_string"}}],"inLanguage":"en-US"},{"@type":"Organization","@id":"https:\/\/cerezadeljerte.org\/en\/#organization","name":"cerezadeljerte.org","alternateName":"Denominaci\u00f3n de Origen Cereza del Jerte","url":"https:\/\/cerezadeljerte.org\/en\/","logo":{"@type":"ImageObject","inLanguage":"en-US","@id":"https:\/\/cerezadeljerte.org\/en\/#\/schema\/logo\/image\/","url":"https:\/\/cerezadeljerte.org\/wp-content\/uploads\/2024\/05\/CONSEJO-REGULADOR-D.O.P_p.png","contentUrl":"https:\/\/cerezadeljerte.org\/wp-content\/uploads\/2024\/05\/CONSEJO-REGULADOR-D.O.P_p.png","width":550,"height":219,"caption":"cerezadeljerte.org"},"image":{"@id":"https:\/\/cerezadeljerte.org\/en\/#\/schema\/logo\/image\/"},"sameAs":["https:\/\/m.facebook.com\/PICOTADELJERTE\/","https:\/\/x.com\/CEREZADELJERTE"]},{"@type":"Person","@id":"https:\/\/cerezadeljerte.org\/en\/#\/schema\/person\/db07785007f349f8eeb003c8f96d3a63","name":"Picota","image":{"@type":"ImageObject","inLanguage":"en-US","@id":"https:\/\/secure.gravatar.com\/avatar\/ee24ef6a3b49d093f6bd594b1bdd386106677c83a47a3907489168695fab5834?s=96&d=mm&r=g","url":"https:\/\/secure.gravatar.com\/avatar\/ee24ef6a3b49d093f6bd594b1bdd386106677c83a47a3907489168695fab5834?s=96&d=mm&r=g","contentUrl":"https:\/\/secure.gravatar.com\/avatar\/ee24ef6a3b49d093f6bd594b1bdd386106677c83a47a3907489168695fab5834?s=96&d=mm&r=g","caption":"Picota"},"url":"https:\/\/cerezadeljerte.org\/en\/author\/picota\/"}]}},"_links":{"self":[{"href":"https:\/\/cerezadeljerte.org\/en\/wp-json\/wp\/v2\/posts\/20165","targetHints":{"allow":["GET"]}}],"collection":[{"href":"https:\/\/cerezadeljerte.org\/en\/wp-json\/wp\/v2\/posts"}],"about":[{"href":"https:\/\/cerezadeljerte.org\/en\/wp-json\/wp\/v2\/types\/post"}],"author":[{"embeddable":true,"href":"https:\/\/cerezadeljerte.org\/en\/wp-json\/wp\/v2\/users\/2"}],"replies":[{"embeddable":true,"href":"https:\/\/cerezadeljerte.org\/en\/wp-json\/wp\/v2\/comments?post=20165"}],"version-history":[{"count":1,"href":"https:\/\/cerezadeljerte.org\/en\/wp-json\/wp\/v2\/posts\/20165\/revisions"}],"predecessor-version":[{"id":25083,"href":"https:\/\/cerezadeljerte.org\/en\/wp-json\/wp\/v2\/posts\/20165\/revisions\/25083"}],"wp:featuredmedia":[{"embeddable":true,"href":"https:\/\/cerezadeljerte.org\/en\/wp-json\/wp\/v2\/media\/20166"}],"wp:attachment":[{"href":"https:\/\/cerezadeljerte.org\/en\/wp-json\/wp\/v2\/media?parent=20165"}],"wp:term":[{"taxonomy":"category","embeddable":true,"href":"https:\/\/cerezadeljerte.org\/en\/wp-json\/wp\/v2\/categories?post=20165"},{"taxonomy":"post_tag","embeddable":true,"href":"https:\/\/cerezadeljerte.org\/en\/wp-json\/wp\/v2\/tags?post=20165"}],"curies":[{"name":"wp","href":"https:\/\/api.w.org\/{rel}","templated":true}]}}