{"id":20164,"date":"2017-05-21T14:26:14","date_gmt":"2017-05-21T12:26:14","guid":{"rendered":"http:\/\/cerezadeljerte.org\/?p=9038\/"},"modified":"2025-02-11T23:19:34","modified_gmt":"2025-02-11T22:19:34","slug":"agroturismo-en-extremadura-visita-el-jerte","status":"publish","type":"post","link":"https:\/\/cerezadeljerte.org\/en\/agroturismo-en-extremadura-visita-el-jerte\/","title":{"rendered":"Agroturismo en Extremadura. Visita las cooperativas del Jerte"},"content":{"rendered":"<p>El Valle del Jerte es uno de los principales enclaves para disfrutar de actividades de agroturismo En Extremadura. La <a href=\"\/?p=8996\"><strong>Cerecera<\/strong><\/a> atrae cada a\u00f1o a cientos de visitantes, que pueden visitar a fincas, hacer senderismo,\u00a0excursiones y actividades de aventura, o disfrutar de jornadas de puertas abiertas en las cooperativas de la comarca, donde se realizan catas de cerezas y se muestra el ciclo del producto desde el campo a la mesa.<\/p>\n<p>La oferta de actividades y la demanda de los visitantes crecen a\u00f1o tras a\u00f1o en el Valle del Jerte. El comienzo del buen tiempo y la tranquilidad del campo hacen que esta \u00e9poca sea estupenda para visitar la zona. Si a esto se le a\u00f1ade que comienza la Cerecera, la \u00e9poca de recogida de las cerezas, todo ello se convierte en un c\u00f3ctel irresistible para los amantes de la naturaleza, de la tranquilidad y\u00a0las cerezas.<\/p>\n<p>Como alternativa de agroturismo en Extremadura, las propuestas del valle son muy variadas. Durante la Cerecera, el principal atractivo de la comarca es la<a href=\"http:\/\/www.vallecereza.com\/ofertas-exclusivas-en-el-valle-del-jerte\/agroturismo-ven-coger-cerezas-al-jerte\"> <strong>recogida de cerezas en fincas<\/strong><\/a>, una actividad a trav\u00e9s de la cual los visitantes se acercan a la agricultura tradicional del Jerte y al principal producto de estas tierras, la picota.<\/p>\n<p>&nbsp;<\/p>\n<h3>Jornadas de Puertas Abiertas<\/h3>\n<p>Los fines de semana de junio y julio, la oferta se centra en las cooperativas del Valle del Jerte, en donde se celebran jornadas de puertas abiertas. Estas cooperativas est\u00e1n formadas por peque\u00f1os agricultores que entregan la fruta poco despu\u00e9s de ser recogidas. Podr\u00e1n visitarse <strong>de 11h a 13h<\/strong>, con cata de cereza incluida:<\/p>\n<ul>\n<li>4\/6. Coop. Agraria Coadena de Navaconcejo<\/li>\n<li>17\/6. Coop. Santa Luc\u00eda de Valdastillas<\/li>\n<li>24\/6. Coop. San Miguel de Cabrero<\/li>\n<li>1\/7. Coop. Nuestra Se\u00f1ora de Pe\u00f1as Albas de Cabezuela<\/li>\n<li>8\/7. Coop. Agraria Tornavalle en Tornavacas<\/li>\n<\/ul>\n<p>Estas sociedades y otras once m\u00e1s se unen en la Agrupaci\u00f3n de Cooperativas del Valle del Jerte, <a href=\"http:\/\/www.picotasjerte.es\/quienes-somos\/\">formada por cerca de 3.500 socios<\/a>. Naci\u00f3 en la d\u00e9cada de los a\u00f1os sesenta, convirti\u00e9ndose en una de las pioneras del asociacionismo agrario en la historia de Extremadura. Adem\u00e1s de la cereza, cuya cosecha media es de 15.000 tm, tambi\u00e9n comercializan otros productos como aceitunas, casta\u00f1as o frambuesas.<\/p>\n<p><strong>Los domingos 11, 18 y 25 de junio y 2, 9, 16 y 23 de julio<\/strong> se podr\u00e1n realizar visitas guiadas a la Agrupaci\u00f3n de Cooperativas del Valle del Jerte.<\/p>\n<p>Durante estos meses en los que el clima permite realizar m\u00faltiples actividades y fiestas al aire libre, y tambi\u00e9n conocer los parajes extreme\u00f1os y descubrir\u00a0la picota del Jerte y sus variedades,\u00a0la Mancomunidad del Valle del Jerte organizan<a href=\"http:\/\/soprodevaje.blogspot.com.es\/2017\/05\/cerecera-2017-valle-del-jerte.html\"> actividades<\/a> de aventuras, senderismo y BTT para atraer a los amantes de la naturaleza y a los visitantes m\u00e1s atrevidos, otro de los elementos que refuerzan al Valle del Jerte como una de las comarcas ideales para quienes busquen alternativas de agroturismo en Extremadura.<\/p>\n","protected":false},"excerpt":{"rendered":"<p>El Valle del Jerte es uno de los principales enclaves para disfrutar de actividades de agroturismo En Extremadura. La Cerecera atrae cada a\u00f1o a cientos de visitantes, que pueden visitar a fincas, hacer senderismo,\u00a0excursiones y actividades de aventura, o disfrutar de jornadas de puertas abiertas en las cooperativas de la comarca, donde se realizan catas [&hellip;]<\/p>\n","protected":false},"author":2,"featured_media":20024,"comment_status":"closed","ping_status":"open","sticky":false,"template":"","format":"standard","meta":{"footnotes":""},"categories":[1101],"tags":[33,964,710,941],"class_list":["post-20164","post","type-post","status-publish","format-standard","has-post-thumbnail","hentry","category-blog-es","tag-cerecera","tag-cerecera-2017","tag-ecoturismo","tag-turismo-activo"],"yoast_head":"<!-- This site is optimized with the Yoast SEO Premium plugin v25.0 (Yoast SEO v27.4) - https:\/\/yoast.com\/product\/yoast-seo-premium-wordpress\/ -->\n<title>Agroturismo en Extremadura. Visita las cooperativas del Jerte<\/title>\n<meta name=\"description\" content=\"\u00bfBuscas alternativas de agroturismo en Extremadura? visita el Valle del Jerte durante la Cerecera. Catas, visitas a fincas y cooperativas, senderismo y m\u00e1s.\" \/>\n<meta name=\"robots\" content=\"index, follow, max-snippet:-1, max-image-preview:large, max-video-preview:-1\" \/>\n<link rel=\"canonical\" href=\"https:\/\/cerezadeljerte.org\/en\/agroturismo-en-extremadura-visita-el-jerte\/\" \/>\n<meta property=\"og:locale\" content=\"en_US\" \/>\n<meta property=\"og:type\" content=\"article\" \/>\n<meta property=\"og:title\" content=\"Agroturismo en Extremadura. Visita las cooperativas del Jerte\" \/>\n<meta property=\"og:description\" content=\"\u00bfBuscas alternativas de agroturismo en Extremadura? visita el Valle del Jerte durante la Cerecera. Catas, visitas a fincas y cooperativas, senderismo y m\u00e1s.\" \/>\n<meta property=\"og:url\" content=\"https:\/\/cerezadeljerte.org\/en\/agroturismo-en-extremadura-visita-el-jerte\/\" \/>\n<meta property=\"og:site_name\" content=\"cerezadeljerte.org\" \/>\n<meta property=\"article:publisher\" content=\"https:\/\/m.facebook.com\/PICOTADELJERTE\/\" \/>\n<meta property=\"article:published_time\" content=\"2017-05-21T12:26:14+00:00\" \/>\n<meta property=\"article:modified_time\" content=\"2025-02-11T22:19:34+00:00\" \/>\n<meta property=\"og:image\" content=\"https:\/\/cerezadeljerte.org\/wp-content\/uploads\/2015\/06\/picota01.jpg\" \/>\n\t<meta property=\"og:image:width\" content=\"938\" \/>\n\t<meta property=\"og:image:height\" content=\"308\" \/>\n\t<meta property=\"og:image:type\" content=\"image\/jpeg\" \/>\n<meta name=\"author\" content=\"Picota\" \/>\n<meta name=\"twitter:card\" content=\"summary_large_image\" \/>\n<meta name=\"twitter:creator\" content=\"@CEREZADELJERTE\" \/>\n<meta name=\"twitter:site\" content=\"@CEREZADELJERTE\" \/>\n<script type=\"application\/ld+json\" class=\"yoast-schema-graph\">{\"@context\":\"https:\\\/\\\/schema.org\",\"@graph\":[{\"@type\":\"Article\",\"@id\":\"https:\\\/\\\/cerezadeljerte.org\\\/en\\\/agroturismo-en-extremadura-visita-el-jerte\\\/#article\",\"isPartOf\":{\"@id\":\"https:\\\/\\\/cerezadeljerte.org\\\/en\\\/agroturismo-en-extremadura-visita-el-jerte\\\/\"},\"author\":{\"name\":\"Picota\",\"@id\":\"https:\\\/\\\/cerezadeljerte.org\\\/en\\\/#\\\/schema\\\/person\\\/db07785007f349f8eeb003c8f96d3a63\"},\"headline\":\"Agroturismo en Extremadura. Visita las cooperativas del Jerte\",\"datePublished\":\"2017-05-21T12:26:14+00:00\",\"dateModified\":\"2025-02-11T22:19:34+00:00\",\"mainEntityOfPage\":{\"@id\":\"https:\\\/\\\/cerezadeljerte.org\\\/en\\\/agroturismo-en-extremadura-visita-el-jerte\\\/\"},\"wordCount\":493,\"publisher\":{\"@id\":\"https:\\\/\\\/cerezadeljerte.org\\\/en\\\/#organization\"},\"image\":{\"@id\":\"https:\\\/\\\/cerezadeljerte.org\\\/en\\\/agroturismo-en-extremadura-visita-el-jerte\\\/#primaryimage\"},\"thumbnailUrl\":\"https:\\\/\\\/cerezadeljerte.org\\\/wp-content\\\/uploads\\\/2015\\\/06\\\/picota01.jpg\",\"keywords\":[\"Cerecera\",\"Cerecera 2017\",\"ecoturismo\",\"turismo activo\"],\"articleSection\":[\"blog es\"],\"inLanguage\":\"en-US\"},{\"@type\":\"WebPage\",\"@id\":\"https:\\\/\\\/cerezadeljerte.org\\\/en\\\/agroturismo-en-extremadura-visita-el-jerte\\\/\",\"url\":\"https:\\\/\\\/cerezadeljerte.org\\\/en\\\/agroturismo-en-extremadura-visita-el-jerte\\\/\",\"name\":\"Agroturismo en Extremadura. Visita las cooperativas del Jerte\",\"isPartOf\":{\"@id\":\"https:\\\/\\\/cerezadeljerte.org\\\/en\\\/#website\"},\"primaryImageOfPage\":{\"@id\":\"https:\\\/\\\/cerezadeljerte.org\\\/en\\\/agroturismo-en-extremadura-visita-el-jerte\\\/#primaryimage\"},\"image\":{\"@id\":\"https:\\\/\\\/cerezadeljerte.org\\\/en\\\/agroturismo-en-extremadura-visita-el-jerte\\\/#primaryimage\"},\"thumbnailUrl\":\"https:\\\/\\\/cerezadeljerte.org\\\/wp-content\\\/uploads\\\/2015\\\/06\\\/picota01.jpg\",\"datePublished\":\"2017-05-21T12:26:14+00:00\",\"dateModified\":\"2025-02-11T22:19:34+00:00\",\"description\":\"\u00bfBuscas alternativas de agroturismo en Extremadura? visita el Valle del Jerte durante la Cerecera. Catas, visitas a fincas y cooperativas, senderismo y m\u00e1s.\",\"breadcrumb\":{\"@id\":\"https:\\\/\\\/cerezadeljerte.org\\\/en\\\/agroturismo-en-extremadura-visita-el-jerte\\\/#breadcrumb\"},\"inLanguage\":\"en-US\",\"potentialAction\":[{\"@type\":\"ReadAction\",\"target\":[\"https:\\\/\\\/cerezadeljerte.org\\\/en\\\/agroturismo-en-extremadura-visita-el-jerte\\\/\"]}]},{\"@type\":\"ImageObject\",\"inLanguage\":\"en-US\",\"@id\":\"https:\\\/\\\/cerezadeljerte.org\\\/en\\\/agroturismo-en-extremadura-visita-el-jerte\\\/#primaryimage\",\"url\":\"https:\\\/\\\/cerezadeljerte.org\\\/wp-content\\\/uploads\\\/2015\\\/06\\\/picota01.jpg\",\"contentUrl\":\"https:\\\/\\\/cerezadeljerte.org\\\/wp-content\\\/uploads\\\/2015\\\/06\\\/picota01.jpg\",\"width\":938,\"height\":308},{\"@type\":\"BreadcrumbList\",\"@id\":\"https:\\\/\\\/cerezadeljerte.org\\\/en\\\/agroturismo-en-extremadura-visita-el-jerte\\\/#breadcrumb\",\"itemListElement\":[{\"@type\":\"ListItem\",\"position\":1,\"name\":\"Portada\",\"item\":\"https:\\\/\\\/cerezadeljerte.org\\\/en\\\/\"},{\"@type\":\"ListItem\",\"position\":2,\"name\":\"Agroturismo en Extremadura. Visita las cooperativas del Jerte\"}]},{\"@type\":\"WebSite\",\"@id\":\"https:\\\/\\\/cerezadeljerte.org\\\/en\\\/#website\",\"url\":\"https:\\\/\\\/cerezadeljerte.org\\\/en\\\/\",\"name\":\"cerezadeljerte.org\",\"description\":\"you\u2019re great, little one\",\"publisher\":{\"@id\":\"https:\\\/\\\/cerezadeljerte.org\\\/en\\\/#organization\"},\"alternateName\":\"Denominaci\u00f3n de Origen de Cereza del Jerte\",\"potentialAction\":[{\"@type\":\"SearchAction\",\"target\":{\"@type\":\"EntryPoint\",\"urlTemplate\":\"https:\\\/\\\/cerezadeljerte.org\\\/en\\\/?s={search_term_string}\"},\"query-input\":{\"@type\":\"PropertyValueSpecification\",\"valueRequired\":true,\"valueName\":\"search_term_string\"}}],\"inLanguage\":\"en-US\"},{\"@type\":\"Organization\",\"@id\":\"https:\\\/\\\/cerezadeljerte.org\\\/en\\\/#organization\",\"name\":\"cerezadeljerte.org\",\"alternateName\":\"Denominaci\u00f3n de Origen Cereza del Jerte\",\"url\":\"https:\\\/\\\/cerezadeljerte.org\\\/en\\\/\",\"logo\":{\"@type\":\"ImageObject\",\"inLanguage\":\"en-US\",\"@id\":\"https:\\\/\\\/cerezadeljerte.org\\\/en\\\/#\\\/schema\\\/logo\\\/image\\\/\",\"url\":\"https:\\\/\\\/cerezadeljerte.org\\\/wp-content\\\/uploads\\\/2024\\\/05\\\/CONSEJO-REGULADOR-D.O.P_p.png\",\"contentUrl\":\"https:\\\/\\\/cerezadeljerte.org\\\/wp-content\\\/uploads\\\/2024\\\/05\\\/CONSEJO-REGULADOR-D.O.P_p.png\",\"width\":550,\"height\":219,\"caption\":\"cerezadeljerte.org\"},\"image\":{\"@id\":\"https:\\\/\\\/cerezadeljerte.org\\\/en\\\/#\\\/schema\\\/logo\\\/image\\\/\"},\"sameAs\":[\"https:\\\/\\\/m.facebook.com\\\/PICOTADELJERTE\\\/\",\"https:\\\/\\\/x.com\\\/CEREZADELJERTE\"]},{\"@type\":\"Person\",\"@id\":\"https:\\\/\\\/cerezadeljerte.org\\\/en\\\/#\\\/schema\\\/person\\\/db07785007f349f8eeb003c8f96d3a63\",\"name\":\"Picota\",\"image\":{\"@type\":\"ImageObject\",\"inLanguage\":\"en-US\",\"@id\":\"https:\\\/\\\/secure.gravatar.com\\\/avatar\\\/ee24ef6a3b49d093f6bd594b1bdd386106677c83a47a3907489168695fab5834?s=96&d=mm&r=g\",\"url\":\"https:\\\/\\\/secure.gravatar.com\\\/avatar\\\/ee24ef6a3b49d093f6bd594b1bdd386106677c83a47a3907489168695fab5834?s=96&d=mm&r=g\",\"contentUrl\":\"https:\\\/\\\/secure.gravatar.com\\\/avatar\\\/ee24ef6a3b49d093f6bd594b1bdd386106677c83a47a3907489168695fab5834?s=96&d=mm&r=g\",\"caption\":\"Picota\"},\"url\":\"https:\\\/\\\/cerezadeljerte.org\\\/en\\\/author\\\/picota\\\/\"}]}<\/script>\n<!-- \/ Yoast SEO Premium plugin. -->","yoast_head_json":{"title":"Agroturismo en Extremadura. Visita las cooperativas del Jerte","description":"\u00bfBuscas alternativas de agroturismo en Extremadura? visita el Valle del Jerte durante la Cerecera. Catas, visitas a fincas y cooperativas, senderismo y m\u00e1s.","robots":{"index":"index","follow":"follow","max-snippet":"max-snippet:-1","max-image-preview":"max-image-preview:large","max-video-preview":"max-video-preview:-1"},"canonical":"https:\/\/cerezadeljerte.org\/en\/agroturismo-en-extremadura-visita-el-jerte\/","og_locale":"en_US","og_type":"article","og_title":"Agroturismo en Extremadura. Visita las cooperativas del Jerte","og_description":"\u00bfBuscas alternativas de agroturismo en Extremadura? visita el Valle del Jerte durante la Cerecera. Catas, visitas a fincas y cooperativas, senderismo y m\u00e1s.","og_url":"https:\/\/cerezadeljerte.org\/en\/agroturismo-en-extremadura-visita-el-jerte\/","og_site_name":"cerezadeljerte.org","article_publisher":"https:\/\/m.facebook.com\/PICOTADELJERTE\/","article_published_time":"2017-05-21T12:26:14+00:00","article_modified_time":"2025-02-11T22:19:34+00:00","og_image":[{"width":938,"height":308,"url":"https:\/\/cerezadeljerte.org\/wp-content\/uploads\/2015\/06\/picota01.jpg","type":"image\/jpeg"}],"author":"Picota","twitter_card":"summary_large_image","twitter_creator":"@CEREZADELJERTE","twitter_site":"@CEREZADELJERTE","schema":{"@context":"https:\/\/schema.org","@graph":[{"@type":"Article","@id":"https:\/\/cerezadeljerte.org\/en\/agroturismo-en-extremadura-visita-el-jerte\/#article","isPartOf":{"@id":"https:\/\/cerezadeljerte.org\/en\/agroturismo-en-extremadura-visita-el-jerte\/"},"author":{"name":"Picota","@id":"https:\/\/cerezadeljerte.org\/en\/#\/schema\/person\/db07785007f349f8eeb003c8f96d3a63"},"headline":"Agroturismo en Extremadura. Visita las cooperativas del Jerte","datePublished":"2017-05-21T12:26:14+00:00","dateModified":"2025-02-11T22:19:34+00:00","mainEntityOfPage":{"@id":"https:\/\/cerezadeljerte.org\/en\/agroturismo-en-extremadura-visita-el-jerte\/"},"wordCount":493,"publisher":{"@id":"https:\/\/cerezadeljerte.org\/en\/#organization"},"image":{"@id":"https:\/\/cerezadeljerte.org\/en\/agroturismo-en-extremadura-visita-el-jerte\/#primaryimage"},"thumbnailUrl":"https:\/\/cerezadeljerte.org\/wp-content\/uploads\/2015\/06\/picota01.jpg","keywords":["Cerecera","Cerecera 2017","ecoturismo","turismo activo"],"articleSection":["blog es"],"inLanguage":"en-US"},{"@type":"WebPage","@id":"https:\/\/cerezadeljerte.org\/en\/agroturismo-en-extremadura-visita-el-jerte\/","url":"https:\/\/cerezadeljerte.org\/en\/agroturismo-en-extremadura-visita-el-jerte\/","name":"Agroturismo en Extremadura. Visita las cooperativas del Jerte","isPartOf":{"@id":"https:\/\/cerezadeljerte.org\/en\/#website"},"primaryImageOfPage":{"@id":"https:\/\/cerezadeljerte.org\/en\/agroturismo-en-extremadura-visita-el-jerte\/#primaryimage"},"image":{"@id":"https:\/\/cerezadeljerte.org\/en\/agroturismo-en-extremadura-visita-el-jerte\/#primaryimage"},"thumbnailUrl":"https:\/\/cerezadeljerte.org\/wp-content\/uploads\/2015\/06\/picota01.jpg","datePublished":"2017-05-21T12:26:14+00:00","dateModified":"2025-02-11T22:19:34+00:00","description":"\u00bfBuscas alternativas de agroturismo en Extremadura? visita el Valle del Jerte durante la Cerecera. Catas, visitas a fincas y cooperativas, senderismo y m\u00e1s.","breadcrumb":{"@id":"https:\/\/cerezadeljerte.org\/en\/agroturismo-en-extremadura-visita-el-jerte\/#breadcrumb"},"inLanguage":"en-US","potentialAction":[{"@type":"ReadAction","target":["https:\/\/cerezadeljerte.org\/en\/agroturismo-en-extremadura-visita-el-jerte\/"]}]},{"@type":"ImageObject","inLanguage":"en-US","@id":"https:\/\/cerezadeljerte.org\/en\/agroturismo-en-extremadura-visita-el-jerte\/#primaryimage","url":"https:\/\/cerezadeljerte.org\/wp-content\/uploads\/2015\/06\/picota01.jpg","contentUrl":"https:\/\/cerezadeljerte.org\/wp-content\/uploads\/2015\/06\/picota01.jpg","width":938,"height":308},{"@type":"BreadcrumbList","@id":"https:\/\/cerezadeljerte.org\/en\/agroturismo-en-extremadura-visita-el-jerte\/#breadcrumb","itemListElement":[{"@type":"ListItem","position":1,"name":"Portada","item":"https:\/\/cerezadeljerte.org\/en\/"},{"@type":"ListItem","position":2,"name":"Agroturismo en Extremadura. Visita las cooperativas del Jerte"}]},{"@type":"WebSite","@id":"https:\/\/cerezadeljerte.org\/en\/#website","url":"https:\/\/cerezadeljerte.org\/en\/","name":"cerezadeljerte.org","description":"you\u2019re great, little one","publisher":{"@id":"https:\/\/cerezadeljerte.org\/en\/#organization"},"alternateName":"Denominaci\u00f3n de Origen de Cereza del Jerte","potentialAction":[{"@type":"SearchAction","target":{"@type":"EntryPoint","urlTemplate":"https:\/\/cerezadeljerte.org\/en\/?s={search_term_string}"},"query-input":{"@type":"PropertyValueSpecification","valueRequired":true,"valueName":"search_term_string"}}],"inLanguage":"en-US"},{"@type":"Organization","@id":"https:\/\/cerezadeljerte.org\/en\/#organization","name":"cerezadeljerte.org","alternateName":"Denominaci\u00f3n de Origen Cereza del Jerte","url":"https:\/\/cerezadeljerte.org\/en\/","logo":{"@type":"ImageObject","inLanguage":"en-US","@id":"https:\/\/cerezadeljerte.org\/en\/#\/schema\/logo\/image\/","url":"https:\/\/cerezadeljerte.org\/wp-content\/uploads\/2024\/05\/CONSEJO-REGULADOR-D.O.P_p.png","contentUrl":"https:\/\/cerezadeljerte.org\/wp-content\/uploads\/2024\/05\/CONSEJO-REGULADOR-D.O.P_p.png","width":550,"height":219,"caption":"cerezadeljerte.org"},"image":{"@id":"https:\/\/cerezadeljerte.org\/en\/#\/schema\/logo\/image\/"},"sameAs":["https:\/\/m.facebook.com\/PICOTADELJERTE\/","https:\/\/x.com\/CEREZADELJERTE"]},{"@type":"Person","@id":"https:\/\/cerezadeljerte.org\/en\/#\/schema\/person\/db07785007f349f8eeb003c8f96d3a63","name":"Picota","image":{"@type":"ImageObject","inLanguage":"en-US","@id":"https:\/\/secure.gravatar.com\/avatar\/ee24ef6a3b49d093f6bd594b1bdd386106677c83a47a3907489168695fab5834?s=96&d=mm&r=g","url":"https:\/\/secure.gravatar.com\/avatar\/ee24ef6a3b49d093f6bd594b1bdd386106677c83a47a3907489168695fab5834?s=96&d=mm&r=g","contentUrl":"https:\/\/secure.gravatar.com\/avatar\/ee24ef6a3b49d093f6bd594b1bdd386106677c83a47a3907489168695fab5834?s=96&d=mm&r=g","caption":"Picota"},"url":"https:\/\/cerezadeljerte.org\/en\/author\/picota\/"}]}},"_links":{"self":[{"href":"https:\/\/cerezadeljerte.org\/en\/wp-json\/wp\/v2\/posts\/20164","targetHints":{"allow":["GET"]}}],"collection":[{"href":"https:\/\/cerezadeljerte.org\/en\/wp-json\/wp\/v2\/posts"}],"about":[{"href":"https:\/\/cerezadeljerte.org\/en\/wp-json\/wp\/v2\/types\/post"}],"author":[{"embeddable":true,"href":"https:\/\/cerezadeljerte.org\/en\/wp-json\/wp\/v2\/users\/2"}],"replies":[{"embeddable":true,"href":"https:\/\/cerezadeljerte.org\/en\/wp-json\/wp\/v2\/comments?post=20164"}],"version-history":[{"count":1,"href":"https:\/\/cerezadeljerte.org\/en\/wp-json\/wp\/v2\/posts\/20164\/revisions"}],"predecessor-version":[{"id":25082,"href":"https:\/\/cerezadeljerte.org\/en\/wp-json\/wp\/v2\/posts\/20164\/revisions\/25082"}],"wp:featuredmedia":[{"embeddable":true,"href":"https:\/\/cerezadeljerte.org\/en\/wp-json\/wp\/v2\/media\/20024"}],"wp:attachment":[{"href":"https:\/\/cerezadeljerte.org\/en\/wp-json\/wp\/v2\/media?parent=20164"}],"wp:term":[{"taxonomy":"category","embeddable":true,"href":"https:\/\/cerezadeljerte.org\/en\/wp-json\/wp\/v2\/categories?post=20164"},{"taxonomy":"post_tag","embeddable":true,"href":"https:\/\/cerezadeljerte.org\/en\/wp-json\/wp\/v2\/tags?post=20164"}],"curies":[{"name":"wp","href":"https:\/\/api.w.org\/{rel}","templated":true}]}}