{"id":20161,"date":"2017-05-24T19:45:53","date_gmt":"2017-05-24T17:45:53","guid":{"rendered":"http:\/\/cerezadeljerte.org\/?p=9047\/"},"modified":"2025-02-11T23:19:34","modified_gmt":"2025-02-11T22:19:34","slug":"nos-vemos-viernes-26-la-fruteria-gold-gourmet-platea-madrid","status":"publish","type":"post","link":"https:\/\/cerezadeljerte.org\/en\/nos-vemos-viernes-26-la-fruteria-gold-gourmet-platea-madrid\/","title":{"rendered":"Nos vemos el viernes 26 en la fruter\u00eda Gold Gourmet de Platea Madrid"},"content":{"rendered":"<p>Con la cocina moderna la degustaci\u00f3n y preparaci\u00f3n de productos se est\u00e1 transformando en una experiencia que va m\u00e1s all\u00e1 del saborear alimentos. Algo tan pegado a la tierra, y en concreto a la comarca del Jerte, como son sus cerezas puede evocar intensas emociones y estimular diferentes sentidos, no solo el gusto.<img fetchpriority=\"high\" decoding=\"async\" class=\"alignright wp-image-9048 size-medium\" src=\"https:\/\/cerezadeljerte.org\/wp-content\/uploads\/2024\/02\/CEREZA-GOLD-300x300.jpg\" alt='' width=\"300\" height=\"300\" \/><\/p>\n<p>Coincidiendo con el arranque de temporada de cereza en el Valle del Jerte, el Consejo Regulador de la Denominaci\u00f3n de Origen Cereza del Jerte organiza este viernes 26 un acto abierto al p\u00fablico en la fruter\u00eda <a href=\"http:\/\/www.goldgourmet.es\/\">Gold Gourmet<\/a> en el que los consumidores descubrir\u00e1n otra forma de degustar la cereza del Jerte.<\/p>\n<p>El acto contar\u00e1 adem\u00e1s con la intervenci\u00f3n de la directora t\u00e9cnica de la Denominaci\u00f3n de Origen Cereza del Jerte, <strong>Pilar D\u00edaz Flores<\/strong>, que presentar\u00e1 los principales datos de campa\u00f1a, y con<strong> Luis Pacheco<\/strong>, propietario de Gold Gourmet, que hablar\u00e1 sobre lo que debe buscar el consumidor a la hora de comprar cerezas.<\/p>\n<p><span style=\"border-radius: 2px; text-indent: 20px; width: auto; padding: 0px 4px 0px 0px; text-align: center; font: bold 11px\/20px 'Helvetica Neue',Helvetica,sans-serif; color: #ffffff; background: #bd081c  no-repeat scroll 3px 50% \/ 14px 14px; position: absolute; opacity: 1; z-index: 8675309; display: none; cursor: pointer;\">Guardar<\/span><\/p>\n","protected":false},"excerpt":{"rendered":"<p>Con la cocina moderna la degustaci\u00f3n y preparaci\u00f3n de productos se est\u00e1 transformando en una experiencia que va m\u00e1s all\u00e1 del saborear alimentos. Algo tan pegado a la tierra, y en concreto a la comarca del Jerte, como son sus cerezas puede evocar intensas emociones y estimular diferentes sentidos, no solo el gusto. Coincidiendo con [&hellip;]<\/p>\n","protected":false},"author":2,"featured_media":20163,"comment_status":"closed","ping_status":"open","sticky":false,"template":"","format":"standard","meta":{"footnotes":""},"categories":[1101],"tags":[],"class_list":["post-20161","post","type-post","status-publish","format-standard","has-post-thumbnail","hentry","category-blog-es"],"yoast_head":"<!-- This site is optimized with the Yoast SEO Premium plugin v25.0 (Yoast SEO v27.4) - https:\/\/yoast.com\/product\/yoast-seo-premium-wordpress\/ -->\n<title>Nos vemos el viernes 26 en la fruter\u00eda Gold Gourmet de Platea Madrid<\/title>\n<meta name=\"description\" content=\"Este viernes organizamos una degustaci\u00f3n de Cereza del Jerte, las primeras de la temporada, en la fruter\u00eda Gold Gourmet, de Madrid.\" \/>\n<meta name=\"robots\" content=\"index, follow, max-snippet:-1, max-image-preview:large, max-video-preview:-1\" \/>\n<link rel=\"canonical\" href=\"https:\/\/cerezadeljerte.org\/en\/nos-vemos-viernes-26-la-fruteria-gold-gourmet-platea-madrid\/\" \/>\n<meta property=\"og:locale\" content=\"en_US\" \/>\n<meta property=\"og:type\" content=\"article\" \/>\n<meta property=\"og:title\" content=\"Nos vemos el viernes 26 en la fruter\u00eda Gold Gourmet de Platea Madrid\" \/>\n<meta property=\"og:description\" content=\"Este viernes organizamos una degustaci\u00f3n de Cereza del Jerte, las primeras de la temporada, en la fruter\u00eda Gold Gourmet, de Madrid.\" \/>\n<meta property=\"og:url\" content=\"https:\/\/cerezadeljerte.org\/en\/nos-vemos-viernes-26-la-fruteria-gold-gourmet-platea-madrid\/\" \/>\n<meta property=\"og:site_name\" content=\"cerezadeljerte.org\" \/>\n<meta property=\"article:publisher\" content=\"https:\/\/m.facebook.com\/PICOTADELJERTE\/\" \/>\n<meta property=\"article:published_time\" content=\"2017-05-24T17:45:53+00:00\" \/>\n<meta property=\"article:modified_time\" content=\"2025-02-11T22:19:34+00:00\" \/>\n<meta property=\"og:image\" content=\"https:\/\/cerezadeljerte.org\/wp-content\/uploads\/2016\/05\/Cerezas-del-Jerte-DOP-3.jpg\" \/>\n\t<meta property=\"og:image:width\" content=\"1990\" \/>\n\t<meta property=\"og:image:height\" content=\"1328\" \/>\n\t<meta property=\"og:image:type\" content=\"image\/jpeg\" \/>\n<meta name=\"author\" content=\"Picota\" \/>\n<meta name=\"twitter:card\" content=\"summary_large_image\" \/>\n<meta name=\"twitter:creator\" content=\"@CEREZADELJERTE\" \/>\n<meta name=\"twitter:site\" content=\"@CEREZADELJERTE\" \/>\n<script type=\"application\/ld+json\" class=\"yoast-schema-graph\">{\"@context\":\"https:\\\/\\\/schema.org\",\"@graph\":[{\"@type\":\"Article\",\"@id\":\"https:\\\/\\\/cerezadeljerte.org\\\/en\\\/nos-vemos-viernes-26-la-fruteria-gold-gourmet-platea-madrid\\\/#article\",\"isPartOf\":{\"@id\":\"https:\\\/\\\/cerezadeljerte.org\\\/en\\\/nos-vemos-viernes-26-la-fruteria-gold-gourmet-platea-madrid\\\/\"},\"author\":{\"name\":\"Picota\",\"@id\":\"https:\\\/\\\/cerezadeljerte.org\\\/en\\\/#\\\/schema\\\/person\\\/db07785007f349f8eeb003c8f96d3a63\"},\"headline\":\"Nos vemos el viernes 26 en la fruter\u00eda Gold Gourmet de Platea Madrid\",\"datePublished\":\"2017-05-24T17:45:53+00:00\",\"dateModified\":\"2025-02-11T22:19:34+00:00\",\"mainEntityOfPage\":{\"@id\":\"https:\\\/\\\/cerezadeljerte.org\\\/en\\\/nos-vemos-viernes-26-la-fruteria-gold-gourmet-platea-madrid\\\/\"},\"wordCount\":183,\"publisher\":{\"@id\":\"https:\\\/\\\/cerezadeljerte.org\\\/en\\\/#organization\"},\"image\":{\"@id\":\"https:\\\/\\\/cerezadeljerte.org\\\/en\\\/nos-vemos-viernes-26-la-fruteria-gold-gourmet-platea-madrid\\\/#primaryimage\"},\"thumbnailUrl\":\"https:\\\/\\\/cerezadeljerte.org\\\/wp-content\\\/uploads\\\/2016\\\/05\\\/Cerezas-del-Jerte-DOP-3.jpg\",\"articleSection\":[\"blog es\"],\"inLanguage\":\"en-US\"},{\"@type\":\"WebPage\",\"@id\":\"https:\\\/\\\/cerezadeljerte.org\\\/en\\\/nos-vemos-viernes-26-la-fruteria-gold-gourmet-platea-madrid\\\/\",\"url\":\"https:\\\/\\\/cerezadeljerte.org\\\/en\\\/nos-vemos-viernes-26-la-fruteria-gold-gourmet-platea-madrid\\\/\",\"name\":\"Nos vemos el viernes 26 en la fruter\u00eda Gold Gourmet de Platea Madrid\",\"isPartOf\":{\"@id\":\"https:\\\/\\\/cerezadeljerte.org\\\/en\\\/#website\"},\"primaryImageOfPage\":{\"@id\":\"https:\\\/\\\/cerezadeljerte.org\\\/en\\\/nos-vemos-viernes-26-la-fruteria-gold-gourmet-platea-madrid\\\/#primaryimage\"},\"image\":{\"@id\":\"https:\\\/\\\/cerezadeljerte.org\\\/en\\\/nos-vemos-viernes-26-la-fruteria-gold-gourmet-platea-madrid\\\/#primaryimage\"},\"thumbnailUrl\":\"https:\\\/\\\/cerezadeljerte.org\\\/wp-content\\\/uploads\\\/2016\\\/05\\\/Cerezas-del-Jerte-DOP-3.jpg\",\"datePublished\":\"2017-05-24T17:45:53+00:00\",\"dateModified\":\"2025-02-11T22:19:34+00:00\",\"description\":\"Este viernes organizamos una degustaci\u00f3n de Cereza del Jerte, las primeras de la temporada, en la fruter\u00eda Gold Gourmet, de Madrid.\",\"breadcrumb\":{\"@id\":\"https:\\\/\\\/cerezadeljerte.org\\\/en\\\/nos-vemos-viernes-26-la-fruteria-gold-gourmet-platea-madrid\\\/#breadcrumb\"},\"inLanguage\":\"en-US\",\"potentialAction\":[{\"@type\":\"ReadAction\",\"target\":[\"https:\\\/\\\/cerezadeljerte.org\\\/en\\\/nos-vemos-viernes-26-la-fruteria-gold-gourmet-platea-madrid\\\/\"]}]},{\"@type\":\"ImageObject\",\"inLanguage\":\"en-US\",\"@id\":\"https:\\\/\\\/cerezadeljerte.org\\\/en\\\/nos-vemos-viernes-26-la-fruteria-gold-gourmet-platea-madrid\\\/#primaryimage\",\"url\":\"https:\\\/\\\/cerezadeljerte.org\\\/wp-content\\\/uploads\\\/2016\\\/05\\\/Cerezas-del-Jerte-DOP-3.jpg\",\"contentUrl\":\"https:\\\/\\\/cerezadeljerte.org\\\/wp-content\\\/uploads\\\/2016\\\/05\\\/Cerezas-del-Jerte-DOP-3.jpg\",\"width\":1990,\"height\":1328},{\"@type\":\"BreadcrumbList\",\"@id\":\"https:\\\/\\\/cerezadeljerte.org\\\/en\\\/nos-vemos-viernes-26-la-fruteria-gold-gourmet-platea-madrid\\\/#breadcrumb\",\"itemListElement\":[{\"@type\":\"ListItem\",\"position\":1,\"name\":\"Portada\",\"item\":\"https:\\\/\\\/cerezadeljerte.org\\\/en\\\/\"},{\"@type\":\"ListItem\",\"position\":2,\"name\":\"Nos vemos el viernes 26 en la fruter\u00eda Gold Gourmet de Platea Madrid\"}]},{\"@type\":\"WebSite\",\"@id\":\"https:\\\/\\\/cerezadeljerte.org\\\/en\\\/#website\",\"url\":\"https:\\\/\\\/cerezadeljerte.org\\\/en\\\/\",\"name\":\"cerezadeljerte.org\",\"description\":\"you\u2019re great, little one\",\"publisher\":{\"@id\":\"https:\\\/\\\/cerezadeljerte.org\\\/en\\\/#organization\"},\"alternateName\":\"Denominaci\u00f3n de Origen de Cereza del Jerte\",\"potentialAction\":[{\"@type\":\"SearchAction\",\"target\":{\"@type\":\"EntryPoint\",\"urlTemplate\":\"https:\\\/\\\/cerezadeljerte.org\\\/en\\\/?s={search_term_string}\"},\"query-input\":{\"@type\":\"PropertyValueSpecification\",\"valueRequired\":true,\"valueName\":\"search_term_string\"}}],\"inLanguage\":\"en-US\"},{\"@type\":\"Organization\",\"@id\":\"https:\\\/\\\/cerezadeljerte.org\\\/en\\\/#organization\",\"name\":\"cerezadeljerte.org\",\"alternateName\":\"Denominaci\u00f3n de Origen Cereza del Jerte\",\"url\":\"https:\\\/\\\/cerezadeljerte.org\\\/en\\\/\",\"logo\":{\"@type\":\"ImageObject\",\"inLanguage\":\"en-US\",\"@id\":\"https:\\\/\\\/cerezadeljerte.org\\\/en\\\/#\\\/schema\\\/logo\\\/image\\\/\",\"url\":\"https:\\\/\\\/cerezadeljerte.org\\\/wp-content\\\/uploads\\\/2024\\\/05\\\/CONSEJO-REGULADOR-D.O.P_p.png\",\"contentUrl\":\"https:\\\/\\\/cerezadeljerte.org\\\/wp-content\\\/uploads\\\/2024\\\/05\\\/CONSEJO-REGULADOR-D.O.P_p.png\",\"width\":550,\"height\":219,\"caption\":\"cerezadeljerte.org\"},\"image\":{\"@id\":\"https:\\\/\\\/cerezadeljerte.org\\\/en\\\/#\\\/schema\\\/logo\\\/image\\\/\"},\"sameAs\":[\"https:\\\/\\\/m.facebook.com\\\/PICOTADELJERTE\\\/\",\"https:\\\/\\\/x.com\\\/CEREZADELJERTE\"]},{\"@type\":\"Person\",\"@id\":\"https:\\\/\\\/cerezadeljerte.org\\\/en\\\/#\\\/schema\\\/person\\\/db07785007f349f8eeb003c8f96d3a63\",\"name\":\"Picota\",\"image\":{\"@type\":\"ImageObject\",\"inLanguage\":\"en-US\",\"@id\":\"https:\\\/\\\/secure.gravatar.com\\\/avatar\\\/ee24ef6a3b49d093f6bd594b1bdd386106677c83a47a3907489168695fab5834?s=96&d=mm&r=g\",\"url\":\"https:\\\/\\\/secure.gravatar.com\\\/avatar\\\/ee24ef6a3b49d093f6bd594b1bdd386106677c83a47a3907489168695fab5834?s=96&d=mm&r=g\",\"contentUrl\":\"https:\\\/\\\/secure.gravatar.com\\\/avatar\\\/ee24ef6a3b49d093f6bd594b1bdd386106677c83a47a3907489168695fab5834?s=96&d=mm&r=g\",\"caption\":\"Picota\"},\"url\":\"https:\\\/\\\/cerezadeljerte.org\\\/en\\\/author\\\/picota\\\/\"}]}<\/script>\n<!-- \/ Yoast SEO Premium plugin. -->","yoast_head_json":{"title":"Nos vemos el viernes 26 en la fruter\u00eda Gold Gourmet de Platea Madrid","description":"Este viernes organizamos una degustaci\u00f3n de Cereza del Jerte, las primeras de la temporada, en la fruter\u00eda Gold Gourmet, de Madrid.","robots":{"index":"index","follow":"follow","max-snippet":"max-snippet:-1","max-image-preview":"max-image-preview:large","max-video-preview":"max-video-preview:-1"},"canonical":"https:\/\/cerezadeljerte.org\/en\/nos-vemos-viernes-26-la-fruteria-gold-gourmet-platea-madrid\/","og_locale":"en_US","og_type":"article","og_title":"Nos vemos el viernes 26 en la fruter\u00eda Gold Gourmet de Platea Madrid","og_description":"Este viernes organizamos una degustaci\u00f3n de Cereza del Jerte, las primeras de la temporada, en la fruter\u00eda Gold Gourmet, de Madrid.","og_url":"https:\/\/cerezadeljerte.org\/en\/nos-vemos-viernes-26-la-fruteria-gold-gourmet-platea-madrid\/","og_site_name":"cerezadeljerte.org","article_publisher":"https:\/\/m.facebook.com\/PICOTADELJERTE\/","article_published_time":"2017-05-24T17:45:53+00:00","article_modified_time":"2025-02-11T22:19:34+00:00","og_image":[{"width":1990,"height":1328,"url":"https:\/\/cerezadeljerte.org\/wp-content\/uploads\/2016\/05\/Cerezas-del-Jerte-DOP-3.jpg","type":"image\/jpeg"}],"author":"Picota","twitter_card":"summary_large_image","twitter_creator":"@CEREZADELJERTE","twitter_site":"@CEREZADELJERTE","schema":{"@context":"https:\/\/schema.org","@graph":[{"@type":"Article","@id":"https:\/\/cerezadeljerte.org\/en\/nos-vemos-viernes-26-la-fruteria-gold-gourmet-platea-madrid\/#article","isPartOf":{"@id":"https:\/\/cerezadeljerte.org\/en\/nos-vemos-viernes-26-la-fruteria-gold-gourmet-platea-madrid\/"},"author":{"name":"Picota","@id":"https:\/\/cerezadeljerte.org\/en\/#\/schema\/person\/db07785007f349f8eeb003c8f96d3a63"},"headline":"Nos vemos el viernes 26 en la fruter\u00eda Gold Gourmet de Platea Madrid","datePublished":"2017-05-24T17:45:53+00:00","dateModified":"2025-02-11T22:19:34+00:00","mainEntityOfPage":{"@id":"https:\/\/cerezadeljerte.org\/en\/nos-vemos-viernes-26-la-fruteria-gold-gourmet-platea-madrid\/"},"wordCount":183,"publisher":{"@id":"https:\/\/cerezadeljerte.org\/en\/#organization"},"image":{"@id":"https:\/\/cerezadeljerte.org\/en\/nos-vemos-viernes-26-la-fruteria-gold-gourmet-platea-madrid\/#primaryimage"},"thumbnailUrl":"https:\/\/cerezadeljerte.org\/wp-content\/uploads\/2016\/05\/Cerezas-del-Jerte-DOP-3.jpg","articleSection":["blog es"],"inLanguage":"en-US"},{"@type":"WebPage","@id":"https:\/\/cerezadeljerte.org\/en\/nos-vemos-viernes-26-la-fruteria-gold-gourmet-platea-madrid\/","url":"https:\/\/cerezadeljerte.org\/en\/nos-vemos-viernes-26-la-fruteria-gold-gourmet-platea-madrid\/","name":"Nos vemos el viernes 26 en la fruter\u00eda Gold Gourmet de Platea Madrid","isPartOf":{"@id":"https:\/\/cerezadeljerte.org\/en\/#website"},"primaryImageOfPage":{"@id":"https:\/\/cerezadeljerte.org\/en\/nos-vemos-viernes-26-la-fruteria-gold-gourmet-platea-madrid\/#primaryimage"},"image":{"@id":"https:\/\/cerezadeljerte.org\/en\/nos-vemos-viernes-26-la-fruteria-gold-gourmet-platea-madrid\/#primaryimage"},"thumbnailUrl":"https:\/\/cerezadeljerte.org\/wp-content\/uploads\/2016\/05\/Cerezas-del-Jerte-DOP-3.jpg","datePublished":"2017-05-24T17:45:53+00:00","dateModified":"2025-02-11T22:19:34+00:00","description":"Este viernes organizamos una degustaci\u00f3n de Cereza del Jerte, las primeras de la temporada, en la fruter\u00eda Gold Gourmet, de Madrid.","breadcrumb":{"@id":"https:\/\/cerezadeljerte.org\/en\/nos-vemos-viernes-26-la-fruteria-gold-gourmet-platea-madrid\/#breadcrumb"},"inLanguage":"en-US","potentialAction":[{"@type":"ReadAction","target":["https:\/\/cerezadeljerte.org\/en\/nos-vemos-viernes-26-la-fruteria-gold-gourmet-platea-madrid\/"]}]},{"@type":"ImageObject","inLanguage":"en-US","@id":"https:\/\/cerezadeljerte.org\/en\/nos-vemos-viernes-26-la-fruteria-gold-gourmet-platea-madrid\/#primaryimage","url":"https:\/\/cerezadeljerte.org\/wp-content\/uploads\/2016\/05\/Cerezas-del-Jerte-DOP-3.jpg","contentUrl":"https:\/\/cerezadeljerte.org\/wp-content\/uploads\/2016\/05\/Cerezas-del-Jerte-DOP-3.jpg","width":1990,"height":1328},{"@type":"BreadcrumbList","@id":"https:\/\/cerezadeljerte.org\/en\/nos-vemos-viernes-26-la-fruteria-gold-gourmet-platea-madrid\/#breadcrumb","itemListElement":[{"@type":"ListItem","position":1,"name":"Portada","item":"https:\/\/cerezadeljerte.org\/en\/"},{"@type":"ListItem","position":2,"name":"Nos vemos el viernes 26 en la fruter\u00eda Gold Gourmet de Platea Madrid"}]},{"@type":"WebSite","@id":"https:\/\/cerezadeljerte.org\/en\/#website","url":"https:\/\/cerezadeljerte.org\/en\/","name":"cerezadeljerte.org","description":"you\u2019re great, little one","publisher":{"@id":"https:\/\/cerezadeljerte.org\/en\/#organization"},"alternateName":"Denominaci\u00f3n de Origen de Cereza del Jerte","potentialAction":[{"@type":"SearchAction","target":{"@type":"EntryPoint","urlTemplate":"https:\/\/cerezadeljerte.org\/en\/?s={search_term_string}"},"query-input":{"@type":"PropertyValueSpecification","valueRequired":true,"valueName":"search_term_string"}}],"inLanguage":"en-US"},{"@type":"Organization","@id":"https:\/\/cerezadeljerte.org\/en\/#organization","name":"cerezadeljerte.org","alternateName":"Denominaci\u00f3n de Origen Cereza del Jerte","url":"https:\/\/cerezadeljerte.org\/en\/","logo":{"@type":"ImageObject","inLanguage":"en-US","@id":"https:\/\/cerezadeljerte.org\/en\/#\/schema\/logo\/image\/","url":"https:\/\/cerezadeljerte.org\/wp-content\/uploads\/2024\/05\/CONSEJO-REGULADOR-D.O.P_p.png","contentUrl":"https:\/\/cerezadeljerte.org\/wp-content\/uploads\/2024\/05\/CONSEJO-REGULADOR-D.O.P_p.png","width":550,"height":219,"caption":"cerezadeljerte.org"},"image":{"@id":"https:\/\/cerezadeljerte.org\/en\/#\/schema\/logo\/image\/"},"sameAs":["https:\/\/m.facebook.com\/PICOTADELJERTE\/","https:\/\/x.com\/CEREZADELJERTE"]},{"@type":"Person","@id":"https:\/\/cerezadeljerte.org\/en\/#\/schema\/person\/db07785007f349f8eeb003c8f96d3a63","name":"Picota","image":{"@type":"ImageObject","inLanguage":"en-US","@id":"https:\/\/secure.gravatar.com\/avatar\/ee24ef6a3b49d093f6bd594b1bdd386106677c83a47a3907489168695fab5834?s=96&d=mm&r=g","url":"https:\/\/secure.gravatar.com\/avatar\/ee24ef6a3b49d093f6bd594b1bdd386106677c83a47a3907489168695fab5834?s=96&d=mm&r=g","contentUrl":"https:\/\/secure.gravatar.com\/avatar\/ee24ef6a3b49d093f6bd594b1bdd386106677c83a47a3907489168695fab5834?s=96&d=mm&r=g","caption":"Picota"},"url":"https:\/\/cerezadeljerte.org\/en\/author\/picota\/"}]}},"_links":{"self":[{"href":"https:\/\/cerezadeljerte.org\/en\/wp-json\/wp\/v2\/posts\/20161","targetHints":{"allow":["GET"]}}],"collection":[{"href":"https:\/\/cerezadeljerte.org\/en\/wp-json\/wp\/v2\/posts"}],"about":[{"href":"https:\/\/cerezadeljerte.org\/en\/wp-json\/wp\/v2\/types\/post"}],"author":[{"embeddable":true,"href":"https:\/\/cerezadeljerte.org\/en\/wp-json\/wp\/v2\/users\/2"}],"replies":[{"embeddable":true,"href":"https:\/\/cerezadeljerte.org\/en\/wp-json\/wp\/v2\/comments?post=20161"}],"version-history":[{"count":1,"href":"https:\/\/cerezadeljerte.org\/en\/wp-json\/wp\/v2\/posts\/20161\/revisions"}],"predecessor-version":[{"id":25081,"href":"https:\/\/cerezadeljerte.org\/en\/wp-json\/wp\/v2\/posts\/20161\/revisions\/25081"}],"wp:featuredmedia":[{"embeddable":true,"href":"https:\/\/cerezadeljerte.org\/en\/wp-json\/wp\/v2\/media\/20163"}],"wp:attachment":[{"href":"https:\/\/cerezadeljerte.org\/en\/wp-json\/wp\/v2\/media?parent=20161"}],"wp:term":[{"taxonomy":"category","embeddable":true,"href":"https:\/\/cerezadeljerte.org\/en\/wp-json\/wp\/v2\/categories?post=20161"},{"taxonomy":"post_tag","embeddable":true,"href":"https:\/\/cerezadeljerte.org\/en\/wp-json\/wp\/v2\/tags?post=20161"}],"curies":[{"name":"wp","href":"https:\/\/api.w.org\/{rel}","templated":true}]}}