{"id":20155,"date":"2017-05-26T16:21:32","date_gmt":"2017-05-26T14:21:32","guid":{"rendered":"http:\/\/cerezadeljerte.org\/?p=9060\/"},"modified":"2025-02-11T23:19:34","modified_gmt":"2025-02-11T22:19:34","slug":"la-dop-cereza-del-jerte-celebra-el-arranque-de-temporada-con-un-concierto-sorpresa-en-la-fruteria-gold-gourmet","status":"publish","type":"post","link":"https:\/\/cerezadeljerte.org\/en\/la-dop-cereza-del-jerte-celebra-el-arranque-de-temporada-con-un-concierto-sorpresa-en-la-fruteria-gold-gourmet\/","title":{"rendered":"La DOP Cereza del Jerte celebra el arranque de temporada con un concierto sorpresa en la fruter\u00eda Gold Gourmet"},"content":{"rendered":"<p><strong>El violinista Ra\u00fal M\u00e1rquez acompa\u00f1\u00f3 a los consumidores durante una degustaci\u00f3n en la que descubrieron nuevas formas de saborear la fruta<\/strong><\/p>\n<p>El reputado violinista <a href=\"http:\/\/www.raulmarquez.com\/\"><strong>Ra\u00fal M\u00e1rquez<\/strong>,<\/a> miembro de la <strong>Swing Machine orquesta<\/strong> y colaborador de figuras del flamenco como Sara Varas, Dieg\u00a0<em>El Cigala<\/em> o Joaqu\u00edn Cort\u00e9s, sorprendi\u00f3 hoy a los compradores de la fruter\u00eda <a href=\"http:\/\/www.goldgourmet.es\/\">Gold Gourmet <\/a>de <a href=\"http:\/\/plateamadrid.com\/\">Platea Madrid<\/a> con un espect\u00e1culo en directo. En una sesi\u00f3n de degustaci\u00f3n organizada por el Consejo Regulador de la Denominaci\u00f3n de Origen Protegida Cereza del Jerte, el m\u00fasico interpret\u00f3 distintas melod\u00edas mientras incorporaba a la composici\u00f3n sonidos ambiente que recog\u00eda de modo simult\u00e1neo y que quedar\u00e1n plasmados en un v\u00eddeo promocional.<\/p>\n<p><img fetchpriority=\"high\" decoding=\"async\" class=\"alignright wp-image-9062\" src=\"https:\/\/cerezadeljerte.org\/wp-content\/uploads\/2024\/02\/IMG_5140-1024x683.jpg\" alt='' width=\"396\" height=\"264\" \/>Con esta experiencia, el Consejo Regulador de la DOP Cereza del Jerte quiso dar la bienvenida con sus consumidores a un producto natural, saludable, de temporada y con sello de calidad. Las cerezas del Jerte son <strong>un alimento rico en vitaminas, minerales y oligoelementos<\/strong>, y muy vers\u00e1til. Pueden consumirse frescas, pero tambi\u00e9n en elaboradas recetas, un formato que crece en aceptaci\u00f3n. Precisamente, la cocina moderna ha abierto camino a la hora de crear experiencias en torno a la degustaci\u00f3n de alimentos. Algo tan pegado a la tierra, y en concreto a la comarca del Jerte, como sus cerezas puede evocar <strong>una gran variedad de sensaciones<\/strong> y estimular diferentes sentidos, como se demostr\u00f3 en el concierto celebrado este viernes, que se prolong\u00f3 durante casi dos horas, congregando a compradores y viandantes.<\/p>\n<p>&nbsp;<\/p>\n<p><iframe src=\"https:\/\/www.youtube.com\/embed\/96t35DS-iGM\" width=\"860\" height=\"615\" frameborder=\"20\"><\/iframe><\/p>\n<p>&nbsp;<\/p>\n<p>La directora t\u00e9cnica de la DOP Cereza del Jerte, <strong>Pilar D\u00edaz<\/strong>, explic\u00f3 antes de que comenzase la sesi\u00f3n musical, que, a pesar de las dificultades climatol\u00f3gicas, este a\u00f1o se espera superar una producci\u00f3n de ocho millones de kilos con una excelente calidad, &#8220;como hace tiempo que no se recordaba&#8221;, apostill\u00f3.<\/p>\n<p>Por su parte, <strong>Luis Pacheco<\/strong>, due\u00f1o del establecimiento y colaborador habitual en diferentes espacios televisivos, en los que contribuye a la divulgaci\u00f3n de los beneficios del consumo de fruta, comparti\u00f3 con los asistentes algunos consejos a la hora de seleccionar e incluir productos de primera calidad en la cesta de la compra.<\/p>\n","protected":false},"excerpt":{"rendered":"<p>El violinista Ra\u00fal M\u00e1rquez acompa\u00f1\u00f3 a los consumidores durante una degustaci\u00f3n en la que descubrieron nuevas formas de saborear la fruta El reputado violinista Ra\u00fal M\u00e1rquez, miembro de la Swing Machine orquesta y colaborador de figuras del flamenco como Sara Varas, Dieg\u00a0El Cigala o Joaqu\u00edn Cort\u00e9s, sorprendi\u00f3 hoy a los compradores de la fruter\u00eda Gold [&hellip;]<\/p>\n","protected":false},"author":2,"featured_media":20157,"comment_status":"closed","ping_status":"open","sticky":false,"template":"","format":"standard","meta":{"footnotes":""},"categories":[1101],"tags":[],"class_list":["post-20155","post","type-post","status-publish","format-standard","has-post-thumbnail","hentry","category-blog-es"],"yoast_head":"<!-- This site is optimized with the Yoast SEO Premium plugin v25.0 (Yoast SEO v27.4) - https:\/\/yoast.com\/product\/yoast-seo-premium-wordpress\/ -->\n<title>La DOP Cereza del Jerte celebra el arranque de temporada con un concierto sorpresa en la fruter\u00eda Gold Gourmet<\/title>\n<meta name=\"description\" content=\"El violinista Ra\u00fal M\u00e1rquez acompa\u00f1\u00f3 a los consumidores durante una degustaci\u00f3n en la que descubrieron nuevas formas de saborear la fruta\" \/>\n<meta name=\"robots\" content=\"index, follow, max-snippet:-1, max-image-preview:large, max-video-preview:-1\" \/>\n<link rel=\"canonical\" href=\"https:\/\/cerezadeljerte.org\/en\/la-dop-cereza-del-jerte-celebra-el-arranque-de-temporada-con-un-concierto-sorpresa-en-la-fruteria-gold-gourmet\/\" \/>\n<meta property=\"og:locale\" content=\"en_US\" \/>\n<meta property=\"og:type\" content=\"article\" \/>\n<meta property=\"og:title\" content=\"La DOP Cereza del Jerte celebra el arranque de temporada con un concierto sorpresa en la fruter\u00eda Gold Gourmet\" \/>\n<meta property=\"og:description\" content=\"El violinista Ra\u00fal M\u00e1rquez acompa\u00f1\u00f3 a los consumidores durante una degustaci\u00f3n en la que descubrieron nuevas formas de saborear la fruta\" \/>\n<meta property=\"og:url\" content=\"https:\/\/cerezadeljerte.org\/en\/la-dop-cereza-del-jerte-celebra-el-arranque-de-temporada-con-un-concierto-sorpresa-en-la-fruteria-gold-gourmet\/\" \/>\n<meta property=\"og:site_name\" content=\"cerezadeljerte.org\" \/>\n<meta property=\"article:publisher\" content=\"https:\/\/m.facebook.com\/PICOTADELJERTE\/\" \/>\n<meta property=\"article:published_time\" content=\"2017-05-26T14:21:32+00:00\" \/>\n<meta property=\"article:modified_time\" content=\"2025-02-11T22:19:34+00:00\" \/>\n<meta property=\"og:image\" content=\"https:\/\/cerezadeljerte.org\/wp-content\/uploads\/2017\/05\/El-violinista-Ra\u00fal-M\u00e1rquez-e-Gold-Gourmet-Platea-Madrid.jpg\" \/>\n\t<meta property=\"og:image:width\" content=\"1920\" \/>\n\t<meta property=\"og:image:height\" content=\"1280\" \/>\n\t<meta property=\"og:image:type\" content=\"image\/jpeg\" \/>\n<meta name=\"author\" content=\"Picota\" \/>\n<meta name=\"twitter:card\" content=\"summary_large_image\" \/>\n<meta name=\"twitter:creator\" content=\"@CEREZADELJERTE\" \/>\n<meta name=\"twitter:site\" content=\"@CEREZADELJERTE\" \/>\n<script type=\"application\/ld+json\" class=\"yoast-schema-graph\">{\"@context\":\"https:\\\/\\\/schema.org\",\"@graph\":[{\"@type\":\"Article\",\"@id\":\"https:\\\/\\\/cerezadeljerte.org\\\/en\\\/la-dop-cereza-del-jerte-celebra-el-arranque-de-temporada-con-un-concierto-sorpresa-en-la-fruteria-gold-gourmet\\\/#article\",\"isPartOf\":{\"@id\":\"https:\\\/\\\/cerezadeljerte.org\\\/en\\\/la-dop-cereza-del-jerte-celebra-el-arranque-de-temporada-con-un-concierto-sorpresa-en-la-fruteria-gold-gourmet\\\/\"},\"author\":{\"name\":\"Picota\",\"@id\":\"https:\\\/\\\/cerezadeljerte.org\\\/en\\\/#\\\/schema\\\/person\\\/db07785007f349f8eeb003c8f96d3a63\"},\"headline\":\"La DOP Cereza del Jerte celebra el arranque de temporada con un concierto sorpresa en la fruter\u00eda Gold Gourmet\",\"datePublished\":\"2017-05-26T14:21:32+00:00\",\"dateModified\":\"2025-02-11T22:19:34+00:00\",\"mainEntityOfPage\":{\"@id\":\"https:\\\/\\\/cerezadeljerte.org\\\/en\\\/la-dop-cereza-del-jerte-celebra-el-arranque-de-temporada-con-un-concierto-sorpresa-en-la-fruteria-gold-gourmet\\\/\"},\"wordCount\":394,\"publisher\":{\"@id\":\"https:\\\/\\\/cerezadeljerte.org\\\/en\\\/#organization\"},\"image\":{\"@id\":\"https:\\\/\\\/cerezadeljerte.org\\\/en\\\/la-dop-cereza-del-jerte-celebra-el-arranque-de-temporada-con-un-concierto-sorpresa-en-la-fruteria-gold-gourmet\\\/#primaryimage\"},\"thumbnailUrl\":\"https:\\\/\\\/cerezadeljerte.org\\\/wp-content\\\/uploads\\\/2017\\\/05\\\/El-violinista-Ra\u00fal-M\u00e1rquez-e-Gold-Gourmet-Platea-Madrid.jpg\",\"articleSection\":[\"blog es\"],\"inLanguage\":\"en-US\"},{\"@type\":\"WebPage\",\"@id\":\"https:\\\/\\\/cerezadeljerte.org\\\/en\\\/la-dop-cereza-del-jerte-celebra-el-arranque-de-temporada-con-un-concierto-sorpresa-en-la-fruteria-gold-gourmet\\\/\",\"url\":\"https:\\\/\\\/cerezadeljerte.org\\\/en\\\/la-dop-cereza-del-jerte-celebra-el-arranque-de-temporada-con-un-concierto-sorpresa-en-la-fruteria-gold-gourmet\\\/\",\"name\":\"La DOP Cereza del Jerte celebra el arranque de temporada con un concierto sorpresa en la fruter\u00eda Gold Gourmet\",\"isPartOf\":{\"@id\":\"https:\\\/\\\/cerezadeljerte.org\\\/en\\\/#website\"},\"primaryImageOfPage\":{\"@id\":\"https:\\\/\\\/cerezadeljerte.org\\\/en\\\/la-dop-cereza-del-jerte-celebra-el-arranque-de-temporada-con-un-concierto-sorpresa-en-la-fruteria-gold-gourmet\\\/#primaryimage\"},\"image\":{\"@id\":\"https:\\\/\\\/cerezadeljerte.org\\\/en\\\/la-dop-cereza-del-jerte-celebra-el-arranque-de-temporada-con-un-concierto-sorpresa-en-la-fruteria-gold-gourmet\\\/#primaryimage\"},\"thumbnailUrl\":\"https:\\\/\\\/cerezadeljerte.org\\\/wp-content\\\/uploads\\\/2017\\\/05\\\/El-violinista-Ra\u00fal-M\u00e1rquez-e-Gold-Gourmet-Platea-Madrid.jpg\",\"datePublished\":\"2017-05-26T14:21:32+00:00\",\"dateModified\":\"2025-02-11T22:19:34+00:00\",\"description\":\"El violinista Ra\u00fal M\u00e1rquez acompa\u00f1\u00f3 a los consumidores durante una degustaci\u00f3n en la que descubrieron nuevas formas de saborear la fruta\",\"breadcrumb\":{\"@id\":\"https:\\\/\\\/cerezadeljerte.org\\\/en\\\/la-dop-cereza-del-jerte-celebra-el-arranque-de-temporada-con-un-concierto-sorpresa-en-la-fruteria-gold-gourmet\\\/#breadcrumb\"},\"inLanguage\":\"en-US\",\"potentialAction\":[{\"@type\":\"ReadAction\",\"target\":[\"https:\\\/\\\/cerezadeljerte.org\\\/en\\\/la-dop-cereza-del-jerte-celebra-el-arranque-de-temporada-con-un-concierto-sorpresa-en-la-fruteria-gold-gourmet\\\/\"]}]},{\"@type\":\"ImageObject\",\"inLanguage\":\"en-US\",\"@id\":\"https:\\\/\\\/cerezadeljerte.org\\\/en\\\/la-dop-cereza-del-jerte-celebra-el-arranque-de-temporada-con-un-concierto-sorpresa-en-la-fruteria-gold-gourmet\\\/#primaryimage\",\"url\":\"https:\\\/\\\/cerezadeljerte.org\\\/wp-content\\\/uploads\\\/2017\\\/05\\\/El-violinista-Ra\u00fal-M\u00e1rquez-e-Gold-Gourmet-Platea-Madrid.jpg\",\"contentUrl\":\"https:\\\/\\\/cerezadeljerte.org\\\/wp-content\\\/uploads\\\/2017\\\/05\\\/El-violinista-Ra\u00fal-M\u00e1rquez-e-Gold-Gourmet-Platea-Madrid.jpg\",\"width\":1920,\"height\":1280},{\"@type\":\"BreadcrumbList\",\"@id\":\"https:\\\/\\\/cerezadeljerte.org\\\/en\\\/la-dop-cereza-del-jerte-celebra-el-arranque-de-temporada-con-un-concierto-sorpresa-en-la-fruteria-gold-gourmet\\\/#breadcrumb\",\"itemListElement\":[{\"@type\":\"ListItem\",\"position\":1,\"name\":\"Portada\",\"item\":\"https:\\\/\\\/cerezadeljerte.org\\\/en\\\/\"},{\"@type\":\"ListItem\",\"position\":2,\"name\":\"La DOP Cereza del Jerte celebra el arranque de temporada con un concierto sorpresa en la fruter\u00eda Gold Gourmet\"}]},{\"@type\":\"WebSite\",\"@id\":\"https:\\\/\\\/cerezadeljerte.org\\\/en\\\/#website\",\"url\":\"https:\\\/\\\/cerezadeljerte.org\\\/en\\\/\",\"name\":\"cerezadeljerte.org\",\"description\":\"you\u2019re great, little one\",\"publisher\":{\"@id\":\"https:\\\/\\\/cerezadeljerte.org\\\/en\\\/#organization\"},\"alternateName\":\"Denominaci\u00f3n de Origen de Cereza del Jerte\",\"potentialAction\":[{\"@type\":\"SearchAction\",\"target\":{\"@type\":\"EntryPoint\",\"urlTemplate\":\"https:\\\/\\\/cerezadeljerte.org\\\/en\\\/?s={search_term_string}\"},\"query-input\":{\"@type\":\"PropertyValueSpecification\",\"valueRequired\":true,\"valueName\":\"search_term_string\"}}],\"inLanguage\":\"en-US\"},{\"@type\":\"Organization\",\"@id\":\"https:\\\/\\\/cerezadeljerte.org\\\/en\\\/#organization\",\"name\":\"cerezadeljerte.org\",\"alternateName\":\"Denominaci\u00f3n de Origen Cereza del Jerte\",\"url\":\"https:\\\/\\\/cerezadeljerte.org\\\/en\\\/\",\"logo\":{\"@type\":\"ImageObject\",\"inLanguage\":\"en-US\",\"@id\":\"https:\\\/\\\/cerezadeljerte.org\\\/en\\\/#\\\/schema\\\/logo\\\/image\\\/\",\"url\":\"https:\\\/\\\/cerezadeljerte.org\\\/wp-content\\\/uploads\\\/2024\\\/05\\\/CONSEJO-REGULADOR-D.O.P_p.png\",\"contentUrl\":\"https:\\\/\\\/cerezadeljerte.org\\\/wp-content\\\/uploads\\\/2024\\\/05\\\/CONSEJO-REGULADOR-D.O.P_p.png\",\"width\":550,\"height\":219,\"caption\":\"cerezadeljerte.org\"},\"image\":{\"@id\":\"https:\\\/\\\/cerezadeljerte.org\\\/en\\\/#\\\/schema\\\/logo\\\/image\\\/\"},\"sameAs\":[\"https:\\\/\\\/m.facebook.com\\\/PICOTADELJERTE\\\/\",\"https:\\\/\\\/x.com\\\/CEREZADELJERTE\"]},{\"@type\":\"Person\",\"@id\":\"https:\\\/\\\/cerezadeljerte.org\\\/en\\\/#\\\/schema\\\/person\\\/db07785007f349f8eeb003c8f96d3a63\",\"name\":\"Picota\",\"image\":{\"@type\":\"ImageObject\",\"inLanguage\":\"en-US\",\"@id\":\"https:\\\/\\\/secure.gravatar.com\\\/avatar\\\/ee24ef6a3b49d093f6bd594b1bdd386106677c83a47a3907489168695fab5834?s=96&d=mm&r=g\",\"url\":\"https:\\\/\\\/secure.gravatar.com\\\/avatar\\\/ee24ef6a3b49d093f6bd594b1bdd386106677c83a47a3907489168695fab5834?s=96&d=mm&r=g\",\"contentUrl\":\"https:\\\/\\\/secure.gravatar.com\\\/avatar\\\/ee24ef6a3b49d093f6bd594b1bdd386106677c83a47a3907489168695fab5834?s=96&d=mm&r=g\",\"caption\":\"Picota\"},\"url\":\"https:\\\/\\\/cerezadeljerte.org\\\/en\\\/author\\\/picota\\\/\"}]}<\/script>\n<!-- \/ Yoast SEO Premium plugin. -->","yoast_head_json":{"title":"La DOP Cereza del Jerte celebra el arranque de temporada con un concierto sorpresa en la fruter\u00eda Gold Gourmet","description":"El violinista Ra\u00fal M\u00e1rquez acompa\u00f1\u00f3 a los consumidores durante una degustaci\u00f3n en la que descubrieron nuevas formas de saborear la fruta","robots":{"index":"index","follow":"follow","max-snippet":"max-snippet:-1","max-image-preview":"max-image-preview:large","max-video-preview":"max-video-preview:-1"},"canonical":"https:\/\/cerezadeljerte.org\/en\/la-dop-cereza-del-jerte-celebra-el-arranque-de-temporada-con-un-concierto-sorpresa-en-la-fruteria-gold-gourmet\/","og_locale":"en_US","og_type":"article","og_title":"La DOP Cereza del Jerte celebra el arranque de temporada con un concierto sorpresa en la fruter\u00eda Gold Gourmet","og_description":"El violinista Ra\u00fal M\u00e1rquez acompa\u00f1\u00f3 a los consumidores durante una degustaci\u00f3n en la que descubrieron nuevas formas de saborear la fruta","og_url":"https:\/\/cerezadeljerte.org\/en\/la-dop-cereza-del-jerte-celebra-el-arranque-de-temporada-con-un-concierto-sorpresa-en-la-fruteria-gold-gourmet\/","og_site_name":"cerezadeljerte.org","article_publisher":"https:\/\/m.facebook.com\/PICOTADELJERTE\/","article_published_time":"2017-05-26T14:21:32+00:00","article_modified_time":"2025-02-11T22:19:34+00:00","og_image":[{"width":1920,"height":1280,"url":"https:\/\/cerezadeljerte.org\/wp-content\/uploads\/2017\/05\/El-violinista-Ra\u00fal-M\u00e1rquez-e-Gold-Gourmet-Platea-Madrid.jpg","type":"image\/jpeg"}],"author":"Picota","twitter_card":"summary_large_image","twitter_creator":"@CEREZADELJERTE","twitter_site":"@CEREZADELJERTE","schema":{"@context":"https:\/\/schema.org","@graph":[{"@type":"Article","@id":"https:\/\/cerezadeljerte.org\/en\/la-dop-cereza-del-jerte-celebra-el-arranque-de-temporada-con-un-concierto-sorpresa-en-la-fruteria-gold-gourmet\/#article","isPartOf":{"@id":"https:\/\/cerezadeljerte.org\/en\/la-dop-cereza-del-jerte-celebra-el-arranque-de-temporada-con-un-concierto-sorpresa-en-la-fruteria-gold-gourmet\/"},"author":{"name":"Picota","@id":"https:\/\/cerezadeljerte.org\/en\/#\/schema\/person\/db07785007f349f8eeb003c8f96d3a63"},"headline":"La DOP Cereza del Jerte celebra el arranque de temporada con un concierto sorpresa en la fruter\u00eda Gold Gourmet","datePublished":"2017-05-26T14:21:32+00:00","dateModified":"2025-02-11T22:19:34+00:00","mainEntityOfPage":{"@id":"https:\/\/cerezadeljerte.org\/en\/la-dop-cereza-del-jerte-celebra-el-arranque-de-temporada-con-un-concierto-sorpresa-en-la-fruteria-gold-gourmet\/"},"wordCount":394,"publisher":{"@id":"https:\/\/cerezadeljerte.org\/en\/#organization"},"image":{"@id":"https:\/\/cerezadeljerte.org\/en\/la-dop-cereza-del-jerte-celebra-el-arranque-de-temporada-con-un-concierto-sorpresa-en-la-fruteria-gold-gourmet\/#primaryimage"},"thumbnailUrl":"https:\/\/cerezadeljerte.org\/wp-content\/uploads\/2017\/05\/El-violinista-Ra\u00fal-M\u00e1rquez-e-Gold-Gourmet-Platea-Madrid.jpg","articleSection":["blog es"],"inLanguage":"en-US"},{"@type":"WebPage","@id":"https:\/\/cerezadeljerte.org\/en\/la-dop-cereza-del-jerte-celebra-el-arranque-de-temporada-con-un-concierto-sorpresa-en-la-fruteria-gold-gourmet\/","url":"https:\/\/cerezadeljerte.org\/en\/la-dop-cereza-del-jerte-celebra-el-arranque-de-temporada-con-un-concierto-sorpresa-en-la-fruteria-gold-gourmet\/","name":"La DOP Cereza del Jerte celebra el arranque de temporada con un concierto sorpresa en la fruter\u00eda Gold Gourmet","isPartOf":{"@id":"https:\/\/cerezadeljerte.org\/en\/#website"},"primaryImageOfPage":{"@id":"https:\/\/cerezadeljerte.org\/en\/la-dop-cereza-del-jerte-celebra-el-arranque-de-temporada-con-un-concierto-sorpresa-en-la-fruteria-gold-gourmet\/#primaryimage"},"image":{"@id":"https:\/\/cerezadeljerte.org\/en\/la-dop-cereza-del-jerte-celebra-el-arranque-de-temporada-con-un-concierto-sorpresa-en-la-fruteria-gold-gourmet\/#primaryimage"},"thumbnailUrl":"https:\/\/cerezadeljerte.org\/wp-content\/uploads\/2017\/05\/El-violinista-Ra\u00fal-M\u00e1rquez-e-Gold-Gourmet-Platea-Madrid.jpg","datePublished":"2017-05-26T14:21:32+00:00","dateModified":"2025-02-11T22:19:34+00:00","description":"El violinista Ra\u00fal M\u00e1rquez acompa\u00f1\u00f3 a los consumidores durante una degustaci\u00f3n en la que descubrieron nuevas formas de saborear la fruta","breadcrumb":{"@id":"https:\/\/cerezadeljerte.org\/en\/la-dop-cereza-del-jerte-celebra-el-arranque-de-temporada-con-un-concierto-sorpresa-en-la-fruteria-gold-gourmet\/#breadcrumb"},"inLanguage":"en-US","potentialAction":[{"@type":"ReadAction","target":["https:\/\/cerezadeljerte.org\/en\/la-dop-cereza-del-jerte-celebra-el-arranque-de-temporada-con-un-concierto-sorpresa-en-la-fruteria-gold-gourmet\/"]}]},{"@type":"ImageObject","inLanguage":"en-US","@id":"https:\/\/cerezadeljerte.org\/en\/la-dop-cereza-del-jerte-celebra-el-arranque-de-temporada-con-un-concierto-sorpresa-en-la-fruteria-gold-gourmet\/#primaryimage","url":"https:\/\/cerezadeljerte.org\/wp-content\/uploads\/2017\/05\/El-violinista-Ra\u00fal-M\u00e1rquez-e-Gold-Gourmet-Platea-Madrid.jpg","contentUrl":"https:\/\/cerezadeljerte.org\/wp-content\/uploads\/2017\/05\/El-violinista-Ra\u00fal-M\u00e1rquez-e-Gold-Gourmet-Platea-Madrid.jpg","width":1920,"height":1280},{"@type":"BreadcrumbList","@id":"https:\/\/cerezadeljerte.org\/en\/la-dop-cereza-del-jerte-celebra-el-arranque-de-temporada-con-un-concierto-sorpresa-en-la-fruteria-gold-gourmet\/#breadcrumb","itemListElement":[{"@type":"ListItem","position":1,"name":"Portada","item":"https:\/\/cerezadeljerte.org\/en\/"},{"@type":"ListItem","position":2,"name":"La DOP Cereza del Jerte celebra el arranque de temporada con un concierto sorpresa en la fruter\u00eda Gold Gourmet"}]},{"@type":"WebSite","@id":"https:\/\/cerezadeljerte.org\/en\/#website","url":"https:\/\/cerezadeljerte.org\/en\/","name":"cerezadeljerte.org","description":"you\u2019re great, little one","publisher":{"@id":"https:\/\/cerezadeljerte.org\/en\/#organization"},"alternateName":"Denominaci\u00f3n de Origen de Cereza del Jerte","potentialAction":[{"@type":"SearchAction","target":{"@type":"EntryPoint","urlTemplate":"https:\/\/cerezadeljerte.org\/en\/?s={search_term_string}"},"query-input":{"@type":"PropertyValueSpecification","valueRequired":true,"valueName":"search_term_string"}}],"inLanguage":"en-US"},{"@type":"Organization","@id":"https:\/\/cerezadeljerte.org\/en\/#organization","name":"cerezadeljerte.org","alternateName":"Denominaci\u00f3n de Origen Cereza del Jerte","url":"https:\/\/cerezadeljerte.org\/en\/","logo":{"@type":"ImageObject","inLanguage":"en-US","@id":"https:\/\/cerezadeljerte.org\/en\/#\/schema\/logo\/image\/","url":"https:\/\/cerezadeljerte.org\/wp-content\/uploads\/2024\/05\/CONSEJO-REGULADOR-D.O.P_p.png","contentUrl":"https:\/\/cerezadeljerte.org\/wp-content\/uploads\/2024\/05\/CONSEJO-REGULADOR-D.O.P_p.png","width":550,"height":219,"caption":"cerezadeljerte.org"},"image":{"@id":"https:\/\/cerezadeljerte.org\/en\/#\/schema\/logo\/image\/"},"sameAs":["https:\/\/m.facebook.com\/PICOTADELJERTE\/","https:\/\/x.com\/CEREZADELJERTE"]},{"@type":"Person","@id":"https:\/\/cerezadeljerte.org\/en\/#\/schema\/person\/db07785007f349f8eeb003c8f96d3a63","name":"Picota","image":{"@type":"ImageObject","inLanguage":"en-US","@id":"https:\/\/secure.gravatar.com\/avatar\/ee24ef6a3b49d093f6bd594b1bdd386106677c83a47a3907489168695fab5834?s=96&d=mm&r=g","url":"https:\/\/secure.gravatar.com\/avatar\/ee24ef6a3b49d093f6bd594b1bdd386106677c83a47a3907489168695fab5834?s=96&d=mm&r=g","contentUrl":"https:\/\/secure.gravatar.com\/avatar\/ee24ef6a3b49d093f6bd594b1bdd386106677c83a47a3907489168695fab5834?s=96&d=mm&r=g","caption":"Picota"},"url":"https:\/\/cerezadeljerte.org\/en\/author\/picota\/"}]}},"_links":{"self":[{"href":"https:\/\/cerezadeljerte.org\/en\/wp-json\/wp\/v2\/posts\/20155","targetHints":{"allow":["GET"]}}],"collection":[{"href":"https:\/\/cerezadeljerte.org\/en\/wp-json\/wp\/v2\/posts"}],"about":[{"href":"https:\/\/cerezadeljerte.org\/en\/wp-json\/wp\/v2\/types\/post"}],"author":[{"embeddable":true,"href":"https:\/\/cerezadeljerte.org\/en\/wp-json\/wp\/v2\/users\/2"}],"replies":[{"embeddable":true,"href":"https:\/\/cerezadeljerte.org\/en\/wp-json\/wp\/v2\/comments?post=20155"}],"version-history":[{"count":1,"href":"https:\/\/cerezadeljerte.org\/en\/wp-json\/wp\/v2\/posts\/20155\/revisions"}],"predecessor-version":[{"id":25080,"href":"https:\/\/cerezadeljerte.org\/en\/wp-json\/wp\/v2\/posts\/20155\/revisions\/25080"}],"wp:featuredmedia":[{"embeddable":true,"href":"https:\/\/cerezadeljerte.org\/en\/wp-json\/wp\/v2\/media\/20157"}],"wp:attachment":[{"href":"https:\/\/cerezadeljerte.org\/en\/wp-json\/wp\/v2\/media?parent=20155"}],"wp:term":[{"taxonomy":"category","embeddable":true,"href":"https:\/\/cerezadeljerte.org\/en\/wp-json\/wp\/v2\/categories?post=20155"},{"taxonomy":"post_tag","embeddable":true,"href":"https:\/\/cerezadeljerte.org\/en\/wp-json\/wp\/v2\/tags?post=20155"}],"curies":[{"name":"wp","href":"https:\/\/api.w.org\/{rel}","templated":true}]}}