{"id":20150,"date":"2017-06-01T11:35:15","date_gmt":"2017-06-01T09:35:15","guid":{"rendered":"http:\/\/cerezadeljerte.org\/?p=9105\/"},"modified":"2025-02-11T23:19:34","modified_gmt":"2025-02-11T22:19:34","slug":"la-dop-cereza-del-jerte-colabora-con-la-aecc-en-su-campana-esfumate-del-tabaco-cerezas-por-cigarrillos","status":"publish","type":"post","link":"https:\/\/cerezadeljerte.org\/en\/la-dop-cereza-del-jerte-colabora-con-la-aecc-en-su-campana-esfumate-del-tabaco-cerezas-por-cigarrillos\/","title":{"rendered":"La DOP Cereza del Jerte colabora con la AECC en su campa\u00f1a \u201cEsf\u00famate del tabaco\u201d. \u00a1Cerezas por cigarrillos!"},"content":{"rendered":"<p>La DOP Cereza del Jerte se ha unido a la Asociaci\u00f3n Espa\u00f1ola contra el C\u00e1ncer en su proyecto <a href=\"https:\/\/www.aecc.es\/TeAyudamos\/informaryconcienciar\/Campa%C3%B1as\/Paginas\/Diamundialsintabaco2014.aspx\"><strong>\u201cEsf\u00famate del Tabaco\u201d<\/strong><\/a>, una iniciativa para frenar el tabaquismo y animar a los fumadores que quieren dejar su adicci\u00f3n, puesta en marcha coincidiendo con el <strong>D\u00eda Mundial Sin Tabaco<\/strong>. La campa\u00f1a consisti\u00f3 en el intercambio de cigarrillos por cerezas del Jerte, <strong>un trueque sabroso, saludable y con el que siempre se gana<\/strong>. La cereza es una <a href=\"\/?p=5071\">fruta saludable<\/a> con m\u00faltiples beneficios y puede convertirse en un estupendo aliado para ayudar al fumador a dejar el h\u00e1bito, ya que pueden consumirse de una en una, llevarse a cualquier lado como un snack y ayudar a reducir la ansiedad por la falta de nicotina. <strong>En lugar de un cigarro, una cereza<\/strong> en esas situaciones.<img fetchpriority=\"high\" decoding=\"async\" class=\"alignright wp-image-9107\" src=\"https:\/\/cerezadeljerte.org\/wp-content\/uploads\/2024\/02\/IMG-20170602-WA0007.jpg\" alt='' width=\"476\" height=\"358\" \/><\/p>\n<p>Las cerezas del Jerte ayudan a <strong>combatir el estr\u00e9s y el insomnio.<\/strong> Son ricas en melatonina, tript\u00f3fano y serotonina, por lo que ayudan a regular el estado de \u00e1nimo y el ciclo del sue\u00f1o.<\/p>\n<p><strong>Disminuir el consumo de tabaco<\/strong> ayuda a disminuir la presi\u00f3n arterial y la concentraci\u00f3n de mon\u00f3xido de carbono. En solo un d\u00eda, el riesgo de sufrir un infarto card\u00edaco tambi\u00e9n se reduce y, en un par de semanas, mejora la circulaci\u00f3n y la funci\u00f3n pulmonar. Si a esto se le suma una alimentaci\u00f3n saludable, los beneficios son mayores. Las cerezas contienen antocianina, un pigmento que les otorga el color rojizo y que previene las cardiopat\u00edas.<\/p>\n<p><strong>Una de las peores consecuencias del tabaquismo<\/strong> es el c\u00e1ncer de pulm\u00f3n. No llega a reducirse el riesgo de padecerlo hasta 15 a\u00f1os despu\u00e9s de haber dejado de fumar. La cereza del Jerte tiene tambi\u00e9n \u00e1cido el\u00e1gico y antioxidantes, buenos aliados en la prevenci\u00f3n de la dolencia. Adem\u00e1s, las cerezas frenan el envejecimiento de las c\u00e9lulas y la piel, que, por el contrario, el tabaco acelera. Esto se debe a sus propiedades antioxidantes y su alto contenido en Vitamina A y C.<\/p>\n<p>Y otro aliciente para dejar el tabaco. <strong>En solo 48 horas, un ex-fumador aumenta su agudeza del olfato y gusto<\/strong>, y puede volver a disfrutar del intenso sabor de las cerezas como cualquier no fumador.<\/p>\n<p>La cereza puede ser una buena aliada en otros muchos aspectos relacionados con el abandono del tabaco, por ejemplo, ayuda a eliminar toxinas y, por su contenido en flavonoides y postasio es diur\u00e9tica, por lo que puede ayudar con ese peso\u00a0que siempre se adquiere al dejar el tabaco.<\/p>\n<p>Con cerezas del Jerte y fuerza de voluntad, dejar de fumar es m\u00e1s sencillo.<\/p>\n","protected":false},"excerpt":{"rendered":"<p>La DOP Cereza del Jerte se ha unido a la Asociaci\u00f3n Espa\u00f1ola contra el C\u00e1ncer en su proyecto \u201cEsf\u00famate del Tabaco\u201d, una iniciativa para frenar el tabaquismo y animar a los fumadores que quieren dejar su adicci\u00f3n, puesta en marcha coincidiendo con el D\u00eda Mundial Sin Tabaco. La campa\u00f1a consisti\u00f3 en el intercambio de cigarrillos [&hellip;]<\/p>\n","protected":false},"author":2,"featured_media":20152,"comment_status":"closed","ping_status":"open","sticky":false,"template":"","format":"standard","meta":{"footnotes":""},"categories":[1101],"tags":[27],"class_list":["post-20150","post","type-post","status-publish","format-standard","has-post-thumbnail","hentry","category-blog-es","tag-salud"],"yoast_head":"<!-- This site is optimized with the Yoast SEO Premium plugin v25.0 (Yoast SEO v27.4) - https:\/\/yoast.com\/product\/yoast-seo-premium-wordpress\/ -->\n<title>Colaboramos con la AECC en su campa\u00f1a \u201cEsf\u00famate del tabaco\u201d<\/title>\n<meta name=\"robots\" content=\"index, follow, max-snippet:-1, max-image-preview:large, max-video-preview:-1\" \/>\n<link rel=\"canonical\" href=\"https:\/\/cerezadeljerte.org\/en\/la-dop-cereza-del-jerte-colabora-con-la-aecc-en-su-campana-esfumate-del-tabaco-cerezas-por-cigarrillos\/\" \/>\n<meta property=\"og:locale\" content=\"en_US\" \/>\n<meta property=\"og:type\" content=\"article\" \/>\n<meta property=\"og:title\" content=\"La DOP Cereza del Jerte colabora con la AECC en su campa\u00f1a \u201cEsf\u00famate del tabaco\u201d. \u00a1Cerezas por cigarrillos!\" \/>\n<meta property=\"og:description\" content=\"La DOP Cereza del Jerte se ha unido a la Asociaci\u00f3n Espa\u00f1ola contra el C\u00e1ncer en su proyecto \u201cEsf\u00famate del Tabaco\u201d, una iniciativa para frenar el tabaquismo y animar a los fumadores que quieren dejar su adicci\u00f3n, puesta en marcha coincidiendo con el D\u00eda Mundial Sin Tabaco. La campa\u00f1a consisti\u00f3 en el intercambio de cigarrillos [&hellip;]\" \/>\n<meta property=\"og:url\" content=\"https:\/\/cerezadeljerte.org\/en\/la-dop-cereza-del-jerte-colabora-con-la-aecc-en-su-campana-esfumate-del-tabaco-cerezas-por-cigarrillos\/\" \/>\n<meta property=\"og:site_name\" content=\"cerezadeljerte.org\" \/>\n<meta property=\"article:publisher\" content=\"https:\/\/m.facebook.com\/PICOTADELJERTE\/\" \/>\n<meta property=\"article:published_time\" content=\"2017-06-01T09:35:15+00:00\" \/>\n<meta property=\"article:modified_time\" content=\"2025-02-11T22:19:34+00:00\" \/>\n<meta property=\"og:image\" content=\"https:\/\/cerezadeljerte.org\/wp-content\/uploads\/2017\/06\/IMG-20170602-WA0008.jpg\" \/>\n\t<meta property=\"og:image:width\" content=\"1600\" \/>\n\t<meta property=\"og:image:height\" content=\"1200\" \/>\n\t<meta property=\"og:image:type\" content=\"image\/jpeg\" \/>\n<meta name=\"author\" content=\"Picota\" \/>\n<meta name=\"twitter:card\" content=\"summary_large_image\" \/>\n<meta name=\"twitter:creator\" content=\"@CEREZADELJERTE\" \/>\n<meta name=\"twitter:site\" content=\"@CEREZADELJERTE\" \/>\n<script type=\"application\/ld+json\" class=\"yoast-schema-graph\">{\"@context\":\"https:\\\/\\\/schema.org\",\"@graph\":[{\"@type\":\"Article\",\"@id\":\"https:\\\/\\\/cerezadeljerte.org\\\/en\\\/la-dop-cereza-del-jerte-colabora-con-la-aecc-en-su-campana-esfumate-del-tabaco-cerezas-por-cigarrillos\\\/#article\",\"isPartOf\":{\"@id\":\"https:\\\/\\\/cerezadeljerte.org\\\/en\\\/la-dop-cereza-del-jerte-colabora-con-la-aecc-en-su-campana-esfumate-del-tabaco-cerezas-por-cigarrillos\\\/\"},\"author\":{\"name\":\"Picota\",\"@id\":\"https:\\\/\\\/cerezadeljerte.org\\\/en\\\/#\\\/schema\\\/person\\\/db07785007f349f8eeb003c8f96d3a63\"},\"headline\":\"La DOP Cereza del Jerte colabora con la AECC en su campa\u00f1a \u201cEsf\u00famate del tabaco\u201d. \u00a1Cerezas por cigarrillos!\",\"datePublished\":\"2017-06-01T09:35:15+00:00\",\"dateModified\":\"2025-02-11T22:19:34+00:00\",\"mainEntityOfPage\":{\"@id\":\"https:\\\/\\\/cerezadeljerte.org\\\/en\\\/la-dop-cereza-del-jerte-colabora-con-la-aecc-en-su-campana-esfumate-del-tabaco-cerezas-por-cigarrillos\\\/\"},\"wordCount\":470,\"publisher\":{\"@id\":\"https:\\\/\\\/cerezadeljerte.org\\\/en\\\/#organization\"},\"image\":{\"@id\":\"https:\\\/\\\/cerezadeljerte.org\\\/en\\\/la-dop-cereza-del-jerte-colabora-con-la-aecc-en-su-campana-esfumate-del-tabaco-cerezas-por-cigarrillos\\\/#primaryimage\"},\"thumbnailUrl\":\"https:\\\/\\\/cerezadeljerte.org\\\/wp-content\\\/uploads\\\/2017\\\/06\\\/IMG-20170602-WA0008.jpg\",\"keywords\":[\"salud\"],\"articleSection\":[\"blog es\"],\"inLanguage\":\"en-US\"},{\"@type\":\"WebPage\",\"@id\":\"https:\\\/\\\/cerezadeljerte.org\\\/en\\\/la-dop-cereza-del-jerte-colabora-con-la-aecc-en-su-campana-esfumate-del-tabaco-cerezas-por-cigarrillos\\\/\",\"url\":\"https:\\\/\\\/cerezadeljerte.org\\\/en\\\/la-dop-cereza-del-jerte-colabora-con-la-aecc-en-su-campana-esfumate-del-tabaco-cerezas-por-cigarrillos\\\/\",\"name\":\"Colaboramos con la AECC en su campa\u00f1a \u201cEsf\u00famate del tabaco\u201d\",\"isPartOf\":{\"@id\":\"https:\\\/\\\/cerezadeljerte.org\\\/en\\\/#website\"},\"primaryImageOfPage\":{\"@id\":\"https:\\\/\\\/cerezadeljerte.org\\\/en\\\/la-dop-cereza-del-jerte-colabora-con-la-aecc-en-su-campana-esfumate-del-tabaco-cerezas-por-cigarrillos\\\/#primaryimage\"},\"image\":{\"@id\":\"https:\\\/\\\/cerezadeljerte.org\\\/en\\\/la-dop-cereza-del-jerte-colabora-con-la-aecc-en-su-campana-esfumate-del-tabaco-cerezas-por-cigarrillos\\\/#primaryimage\"},\"thumbnailUrl\":\"https:\\\/\\\/cerezadeljerte.org\\\/wp-content\\\/uploads\\\/2017\\\/06\\\/IMG-20170602-WA0008.jpg\",\"datePublished\":\"2017-06-01T09:35:15+00:00\",\"dateModified\":\"2025-02-11T22:19:34+00:00\",\"breadcrumb\":{\"@id\":\"https:\\\/\\\/cerezadeljerte.org\\\/en\\\/la-dop-cereza-del-jerte-colabora-con-la-aecc-en-su-campana-esfumate-del-tabaco-cerezas-por-cigarrillos\\\/#breadcrumb\"},\"inLanguage\":\"en-US\",\"potentialAction\":[{\"@type\":\"ReadAction\",\"target\":[\"https:\\\/\\\/cerezadeljerte.org\\\/en\\\/la-dop-cereza-del-jerte-colabora-con-la-aecc-en-su-campana-esfumate-del-tabaco-cerezas-por-cigarrillos\\\/\"]}]},{\"@type\":\"ImageObject\",\"inLanguage\":\"en-US\",\"@id\":\"https:\\\/\\\/cerezadeljerte.org\\\/en\\\/la-dop-cereza-del-jerte-colabora-con-la-aecc-en-su-campana-esfumate-del-tabaco-cerezas-por-cigarrillos\\\/#primaryimage\",\"url\":\"https:\\\/\\\/cerezadeljerte.org\\\/wp-content\\\/uploads\\\/2017\\\/06\\\/IMG-20170602-WA0008.jpg\",\"contentUrl\":\"https:\\\/\\\/cerezadeljerte.org\\\/wp-content\\\/uploads\\\/2017\\\/06\\\/IMG-20170602-WA0008.jpg\",\"width\":1600,\"height\":1200},{\"@type\":\"BreadcrumbList\",\"@id\":\"https:\\\/\\\/cerezadeljerte.org\\\/en\\\/la-dop-cereza-del-jerte-colabora-con-la-aecc-en-su-campana-esfumate-del-tabaco-cerezas-por-cigarrillos\\\/#breadcrumb\",\"itemListElement\":[{\"@type\":\"ListItem\",\"position\":1,\"name\":\"Portada\",\"item\":\"https:\\\/\\\/cerezadeljerte.org\\\/en\\\/\"},{\"@type\":\"ListItem\",\"position\":2,\"name\":\"La DOP Cereza del Jerte colabora con la AECC en su campa\u00f1a \u201cEsf\u00famate del tabaco\u201d. \u00a1Cerezas por cigarrillos!\"}]},{\"@type\":\"WebSite\",\"@id\":\"https:\\\/\\\/cerezadeljerte.org\\\/en\\\/#website\",\"url\":\"https:\\\/\\\/cerezadeljerte.org\\\/en\\\/\",\"name\":\"cerezadeljerte.org\",\"description\":\"you\u2019re great, little one\",\"publisher\":{\"@id\":\"https:\\\/\\\/cerezadeljerte.org\\\/en\\\/#organization\"},\"alternateName\":\"Denominaci\u00f3n de Origen de Cereza del Jerte\",\"potentialAction\":[{\"@type\":\"SearchAction\",\"target\":{\"@type\":\"EntryPoint\",\"urlTemplate\":\"https:\\\/\\\/cerezadeljerte.org\\\/en\\\/?s={search_term_string}\"},\"query-input\":{\"@type\":\"PropertyValueSpecification\",\"valueRequired\":true,\"valueName\":\"search_term_string\"}}],\"inLanguage\":\"en-US\"},{\"@type\":\"Organization\",\"@id\":\"https:\\\/\\\/cerezadeljerte.org\\\/en\\\/#organization\",\"name\":\"cerezadeljerte.org\",\"alternateName\":\"Denominaci\u00f3n de Origen Cereza del Jerte\",\"url\":\"https:\\\/\\\/cerezadeljerte.org\\\/en\\\/\",\"logo\":{\"@type\":\"ImageObject\",\"inLanguage\":\"en-US\",\"@id\":\"https:\\\/\\\/cerezadeljerte.org\\\/en\\\/#\\\/schema\\\/logo\\\/image\\\/\",\"url\":\"https:\\\/\\\/cerezadeljerte.org\\\/wp-content\\\/uploads\\\/2024\\\/05\\\/CONSEJO-REGULADOR-D.O.P_p.png\",\"contentUrl\":\"https:\\\/\\\/cerezadeljerte.org\\\/wp-content\\\/uploads\\\/2024\\\/05\\\/CONSEJO-REGULADOR-D.O.P_p.png\",\"width\":550,\"height\":219,\"caption\":\"cerezadeljerte.org\"},\"image\":{\"@id\":\"https:\\\/\\\/cerezadeljerte.org\\\/en\\\/#\\\/schema\\\/logo\\\/image\\\/\"},\"sameAs\":[\"https:\\\/\\\/m.facebook.com\\\/PICOTADELJERTE\\\/\",\"https:\\\/\\\/x.com\\\/CEREZADELJERTE\"]},{\"@type\":\"Person\",\"@id\":\"https:\\\/\\\/cerezadeljerte.org\\\/en\\\/#\\\/schema\\\/person\\\/db07785007f349f8eeb003c8f96d3a63\",\"name\":\"Picota\",\"image\":{\"@type\":\"ImageObject\",\"inLanguage\":\"en-US\",\"@id\":\"https:\\\/\\\/secure.gravatar.com\\\/avatar\\\/ee24ef6a3b49d093f6bd594b1bdd386106677c83a47a3907489168695fab5834?s=96&d=mm&r=g\",\"url\":\"https:\\\/\\\/secure.gravatar.com\\\/avatar\\\/ee24ef6a3b49d093f6bd594b1bdd386106677c83a47a3907489168695fab5834?s=96&d=mm&r=g\",\"contentUrl\":\"https:\\\/\\\/secure.gravatar.com\\\/avatar\\\/ee24ef6a3b49d093f6bd594b1bdd386106677c83a47a3907489168695fab5834?s=96&d=mm&r=g\",\"caption\":\"Picota\"},\"url\":\"https:\\\/\\\/cerezadeljerte.org\\\/en\\\/author\\\/picota\\\/\"}]}<\/script>\n<!-- \/ Yoast SEO Premium plugin. -->","yoast_head_json":{"title":"Colaboramos con la AECC en su campa\u00f1a \u201cEsf\u00famate del tabaco\u201d","robots":{"index":"index","follow":"follow","max-snippet":"max-snippet:-1","max-image-preview":"max-image-preview:large","max-video-preview":"max-video-preview:-1"},"canonical":"https:\/\/cerezadeljerte.org\/en\/la-dop-cereza-del-jerte-colabora-con-la-aecc-en-su-campana-esfumate-del-tabaco-cerezas-por-cigarrillos\/","og_locale":"en_US","og_type":"article","og_title":"La DOP Cereza del Jerte colabora con la AECC en su campa\u00f1a \u201cEsf\u00famate del tabaco\u201d. \u00a1Cerezas por cigarrillos!","og_description":"La DOP Cereza del Jerte se ha unido a la Asociaci\u00f3n Espa\u00f1ola contra el C\u00e1ncer en su proyecto \u201cEsf\u00famate del Tabaco\u201d, una iniciativa para frenar el tabaquismo y animar a los fumadores que quieren dejar su adicci\u00f3n, puesta en marcha coincidiendo con el D\u00eda Mundial Sin Tabaco. La campa\u00f1a consisti\u00f3 en el intercambio de cigarrillos [&hellip;]","og_url":"https:\/\/cerezadeljerte.org\/en\/la-dop-cereza-del-jerte-colabora-con-la-aecc-en-su-campana-esfumate-del-tabaco-cerezas-por-cigarrillos\/","og_site_name":"cerezadeljerte.org","article_publisher":"https:\/\/m.facebook.com\/PICOTADELJERTE\/","article_published_time":"2017-06-01T09:35:15+00:00","article_modified_time":"2025-02-11T22:19:34+00:00","og_image":[{"width":1600,"height":1200,"url":"https:\/\/cerezadeljerte.org\/wp-content\/uploads\/2017\/06\/IMG-20170602-WA0008.jpg","type":"image\/jpeg"}],"author":"Picota","twitter_card":"summary_large_image","twitter_creator":"@CEREZADELJERTE","twitter_site":"@CEREZADELJERTE","schema":{"@context":"https:\/\/schema.org","@graph":[{"@type":"Article","@id":"https:\/\/cerezadeljerte.org\/en\/la-dop-cereza-del-jerte-colabora-con-la-aecc-en-su-campana-esfumate-del-tabaco-cerezas-por-cigarrillos\/#article","isPartOf":{"@id":"https:\/\/cerezadeljerte.org\/en\/la-dop-cereza-del-jerte-colabora-con-la-aecc-en-su-campana-esfumate-del-tabaco-cerezas-por-cigarrillos\/"},"author":{"name":"Picota","@id":"https:\/\/cerezadeljerte.org\/en\/#\/schema\/person\/db07785007f349f8eeb003c8f96d3a63"},"headline":"La DOP Cereza del Jerte colabora con la AECC en su campa\u00f1a \u201cEsf\u00famate del tabaco\u201d. \u00a1Cerezas por cigarrillos!","datePublished":"2017-06-01T09:35:15+00:00","dateModified":"2025-02-11T22:19:34+00:00","mainEntityOfPage":{"@id":"https:\/\/cerezadeljerte.org\/en\/la-dop-cereza-del-jerte-colabora-con-la-aecc-en-su-campana-esfumate-del-tabaco-cerezas-por-cigarrillos\/"},"wordCount":470,"publisher":{"@id":"https:\/\/cerezadeljerte.org\/en\/#organization"},"image":{"@id":"https:\/\/cerezadeljerte.org\/en\/la-dop-cereza-del-jerte-colabora-con-la-aecc-en-su-campana-esfumate-del-tabaco-cerezas-por-cigarrillos\/#primaryimage"},"thumbnailUrl":"https:\/\/cerezadeljerte.org\/wp-content\/uploads\/2017\/06\/IMG-20170602-WA0008.jpg","keywords":["salud"],"articleSection":["blog es"],"inLanguage":"en-US"},{"@type":"WebPage","@id":"https:\/\/cerezadeljerte.org\/en\/la-dop-cereza-del-jerte-colabora-con-la-aecc-en-su-campana-esfumate-del-tabaco-cerezas-por-cigarrillos\/","url":"https:\/\/cerezadeljerte.org\/en\/la-dop-cereza-del-jerte-colabora-con-la-aecc-en-su-campana-esfumate-del-tabaco-cerezas-por-cigarrillos\/","name":"Colaboramos con la AECC en su campa\u00f1a \u201cEsf\u00famate del tabaco\u201d","isPartOf":{"@id":"https:\/\/cerezadeljerte.org\/en\/#website"},"primaryImageOfPage":{"@id":"https:\/\/cerezadeljerte.org\/en\/la-dop-cereza-del-jerte-colabora-con-la-aecc-en-su-campana-esfumate-del-tabaco-cerezas-por-cigarrillos\/#primaryimage"},"image":{"@id":"https:\/\/cerezadeljerte.org\/en\/la-dop-cereza-del-jerte-colabora-con-la-aecc-en-su-campana-esfumate-del-tabaco-cerezas-por-cigarrillos\/#primaryimage"},"thumbnailUrl":"https:\/\/cerezadeljerte.org\/wp-content\/uploads\/2017\/06\/IMG-20170602-WA0008.jpg","datePublished":"2017-06-01T09:35:15+00:00","dateModified":"2025-02-11T22:19:34+00:00","breadcrumb":{"@id":"https:\/\/cerezadeljerte.org\/en\/la-dop-cereza-del-jerte-colabora-con-la-aecc-en-su-campana-esfumate-del-tabaco-cerezas-por-cigarrillos\/#breadcrumb"},"inLanguage":"en-US","potentialAction":[{"@type":"ReadAction","target":["https:\/\/cerezadeljerte.org\/en\/la-dop-cereza-del-jerte-colabora-con-la-aecc-en-su-campana-esfumate-del-tabaco-cerezas-por-cigarrillos\/"]}]},{"@type":"ImageObject","inLanguage":"en-US","@id":"https:\/\/cerezadeljerte.org\/en\/la-dop-cereza-del-jerte-colabora-con-la-aecc-en-su-campana-esfumate-del-tabaco-cerezas-por-cigarrillos\/#primaryimage","url":"https:\/\/cerezadeljerte.org\/wp-content\/uploads\/2017\/06\/IMG-20170602-WA0008.jpg","contentUrl":"https:\/\/cerezadeljerte.org\/wp-content\/uploads\/2017\/06\/IMG-20170602-WA0008.jpg","width":1600,"height":1200},{"@type":"BreadcrumbList","@id":"https:\/\/cerezadeljerte.org\/en\/la-dop-cereza-del-jerte-colabora-con-la-aecc-en-su-campana-esfumate-del-tabaco-cerezas-por-cigarrillos\/#breadcrumb","itemListElement":[{"@type":"ListItem","position":1,"name":"Portada","item":"https:\/\/cerezadeljerte.org\/en\/"},{"@type":"ListItem","position":2,"name":"La DOP Cereza del Jerte colabora con la AECC en su campa\u00f1a \u201cEsf\u00famate del tabaco\u201d. \u00a1Cerezas por cigarrillos!"}]},{"@type":"WebSite","@id":"https:\/\/cerezadeljerte.org\/en\/#website","url":"https:\/\/cerezadeljerte.org\/en\/","name":"cerezadeljerte.org","description":"you\u2019re great, little one","publisher":{"@id":"https:\/\/cerezadeljerte.org\/en\/#organization"},"alternateName":"Denominaci\u00f3n de Origen de Cereza del Jerte","potentialAction":[{"@type":"SearchAction","target":{"@type":"EntryPoint","urlTemplate":"https:\/\/cerezadeljerte.org\/en\/?s={search_term_string}"},"query-input":{"@type":"PropertyValueSpecification","valueRequired":true,"valueName":"search_term_string"}}],"inLanguage":"en-US"},{"@type":"Organization","@id":"https:\/\/cerezadeljerte.org\/en\/#organization","name":"cerezadeljerte.org","alternateName":"Denominaci\u00f3n de Origen Cereza del Jerte","url":"https:\/\/cerezadeljerte.org\/en\/","logo":{"@type":"ImageObject","inLanguage":"en-US","@id":"https:\/\/cerezadeljerte.org\/en\/#\/schema\/logo\/image\/","url":"https:\/\/cerezadeljerte.org\/wp-content\/uploads\/2024\/05\/CONSEJO-REGULADOR-D.O.P_p.png","contentUrl":"https:\/\/cerezadeljerte.org\/wp-content\/uploads\/2024\/05\/CONSEJO-REGULADOR-D.O.P_p.png","width":550,"height":219,"caption":"cerezadeljerte.org"},"image":{"@id":"https:\/\/cerezadeljerte.org\/en\/#\/schema\/logo\/image\/"},"sameAs":["https:\/\/m.facebook.com\/PICOTADELJERTE\/","https:\/\/x.com\/CEREZADELJERTE"]},{"@type":"Person","@id":"https:\/\/cerezadeljerte.org\/en\/#\/schema\/person\/db07785007f349f8eeb003c8f96d3a63","name":"Picota","image":{"@type":"ImageObject","inLanguage":"en-US","@id":"https:\/\/secure.gravatar.com\/avatar\/ee24ef6a3b49d093f6bd594b1bdd386106677c83a47a3907489168695fab5834?s=96&d=mm&r=g","url":"https:\/\/secure.gravatar.com\/avatar\/ee24ef6a3b49d093f6bd594b1bdd386106677c83a47a3907489168695fab5834?s=96&d=mm&r=g","contentUrl":"https:\/\/secure.gravatar.com\/avatar\/ee24ef6a3b49d093f6bd594b1bdd386106677c83a47a3907489168695fab5834?s=96&d=mm&r=g","caption":"Picota"},"url":"https:\/\/cerezadeljerte.org\/en\/author\/picota\/"}]}},"_links":{"self":[{"href":"https:\/\/cerezadeljerte.org\/en\/wp-json\/wp\/v2\/posts\/20150","targetHints":{"allow":["GET"]}}],"collection":[{"href":"https:\/\/cerezadeljerte.org\/en\/wp-json\/wp\/v2\/posts"}],"about":[{"href":"https:\/\/cerezadeljerte.org\/en\/wp-json\/wp\/v2\/types\/post"}],"author":[{"embeddable":true,"href":"https:\/\/cerezadeljerte.org\/en\/wp-json\/wp\/v2\/users\/2"}],"replies":[{"embeddable":true,"href":"https:\/\/cerezadeljerte.org\/en\/wp-json\/wp\/v2\/comments?post=20150"}],"version-history":[{"count":1,"href":"https:\/\/cerezadeljerte.org\/en\/wp-json\/wp\/v2\/posts\/20150\/revisions"}],"predecessor-version":[{"id":25078,"href":"https:\/\/cerezadeljerte.org\/en\/wp-json\/wp\/v2\/posts\/20150\/revisions\/25078"}],"wp:featuredmedia":[{"embeddable":true,"href":"https:\/\/cerezadeljerte.org\/en\/wp-json\/wp\/v2\/media\/20152"}],"wp:attachment":[{"href":"https:\/\/cerezadeljerte.org\/en\/wp-json\/wp\/v2\/media?parent=20150"}],"wp:term":[{"taxonomy":"category","embeddable":true,"href":"https:\/\/cerezadeljerte.org\/en\/wp-json\/wp\/v2\/categories?post=20150"},{"taxonomy":"post_tag","embeddable":true,"href":"https:\/\/cerezadeljerte.org\/en\/wp-json\/wp\/v2\/tags?post=20150"}],"curies":[{"name":"wp","href":"https:\/\/api.w.org\/{rel}","templated":true}]}}