{"id":20147,"date":"2017-06-01T21:14:55","date_gmt":"2017-06-01T19:14:55","guid":{"rendered":"http:\/\/cerezadeljerte.org\/?p=9093\/"},"modified":"2025-02-11T23:19:34","modified_gmt":"2025-02-11T22:19:34","slug":"comienzan-las-xii-jornadas-gastronomicas-de-la-cereza-picota","status":"publish","type":"post","link":"https:\/\/cerezadeljerte.org\/en\/comienzan-las-xii-jornadas-gastronomicas-de-la-cereza-picota\/","title":{"rendered":"Comienzan las XII Jornadas Gastron\u00f3micas de la Cereza Picota. Men\u00fas con mucho sabor"},"content":{"rendered":"<p>Contin\u00faa la <a href=\"\/?p=8996\"><strong>Cerecera 2017<\/strong><\/a> y el Valle del Jerte est\u00e1 en plena efervescencia gracias a las actividades organizadas para aprovechar el verano, la mejor \u00e9poca para disfrutar de las cerezas. Todos los fines de semana desde el <strong>1 de junio hasta el 23 de julio<\/strong>, el Valle del Jerte celebra la llegada de su cereza m\u00e1s famosa, la picota. Durante este periodo se tendr\u00e1n lugar las \u00a0<strong>XII Jornadas Gastron\u00f3micas de la Cereza Picota. <\/strong><\/p>\n<p>Otro a\u00f1o m\u00e1s, los restaurantes de la comarca\u00a0ofrecer\u00e1n a los visitantes distintos men\u00fas protagonizados por la cereza picota, demostrando de nuevo la versatilidad de esta fruta en la cocina. Los comensales podr\u00e1n comprobar que la picota es perfecta para cualquier ocasi\u00f3n, en forma de <strong>aperitivos<\/strong>, <strong>mousses,<\/strong> <strong>c\u00f3cteles<\/strong>, <strong>postres<\/strong> o <strong>acompa\u00f1amient<\/strong>o para carnes y pescados.<\/p>\n<p>Este a\u00f1o participar\u00e1n en las \u00a0XII Jornadas Gastron\u00f3micas de la Cereza Picota <strong>doce restaurantes<\/strong> de la comarca extreme\u00f1a \u2013<a href=\"http:\/\/www.garzareal.com\/\">Restaurante Garza Real<\/a>,<a href=\"https:\/\/www.tripadvisor.es\/Restaurant_Review-g1941042-d7993437-Reviews-Restaurante_La_Cabana-Jerte_Province_of_Caceres_Extremadura.html\"> La Caba\u00f1a del Jerte<\/a>, <a href=\"https:\/\/www.tripadvisor.es\/Restaurant_Review-g1941042-d8753432-Reviews-Restaurante_Las_Palomas-Jerte_Province_of_Caceres_Extremadura.html\">Restaurante Las Palomas<\/a>, <a href=\"https:\/\/www.tripadvisor.es\/Restaurant_Review-g1941042-d3371534-Reviews-Restaurante_Valle_del_Jerte_Los_Arenales-Jerte_Province_of_Caceres_Extremadura.html\">Restaurante Los Arenales<\/a>, <a href=\"http:\/\/napoleonvalledeljerte.blogspot.com.es\/\">Restaurante Napole\u00f3n<\/a>, <a href=\"http:\/\/restaurantepiconegro.es\/\">Piconegro<\/a>,<a href=\"https:\/\/www.tripadvisor.es\/Hotel_Review-g2572004-d4147066-Reviews-Hostal_Restaurante_Puerto_de_Tornavacas-Tornavacas_Province_of_Caceres_Extremadura.html\"> Restaurante Hostal Puerto de Tornavacas<\/a>, <a href=\"http:\/\/www.alberjerte.com\/galeria-informativa\/alberjerte\/restaurante-sabores-del-jerte\">Sabores del Jerte<\/a>, <a href=\"http:\/\/www.turnat.com\/restaurantes\">Restaurante Turnat<\/a>, <a href=\"https:\/\/www.tripadvisor.es\/Restaurant_Review-g2439435-d10158045-Reviews-Abrasador_Rio_Jerte-Navaconcejo_Province_of_Caceres_Extremadura.html\">Restaurante Abrasador R\u00edo Jerte<\/a>,<a href=\"https:\/\/www.extremadura.com\/paginas\/restaurante-la-pradera-del-valle\"> La Pradera del Valle<\/a> y<a href=\"https:\/\/www.tripadvisor.es\/RestaurantsNear-g1941042-d573859-Hospederia_Valle_del_Jerte-Jerte_Province_of_Caceres_Extremadura.html\"> Restaurante Juder\u00eda Valle del Jerte<\/a> \u2013 un n\u00famero que superar\u00e1 al de las \u00faltimas jornadas.<\/p>\n<p>Estos establecimientos ofrecer\u00e1n men\u00fas especiales, <strong>desde 20 hasta 38 euros<\/strong>, en los que reinar\u00e1 la picota en sus diferentes formas, sean frescas, confitadas, en salsa, en gazpacho e incluso en vinagreta. Los visitantes podr\u00e1n atreverse con <strong>llamativos platos<\/strong> como piruletas de codorniz marinadas sobre pintura de cereza o lagarto ib\u00e9rico caramelizado con salteado agridulce de cereza y boletus; o bien elegir <strong>platos m\u00e1s tradicionales<\/strong> como un delicioso solomillo de ternera con salsa de picotas. Los amantes de la<strong> cocina internacional<\/strong> tambi\u00e9n tendr\u00e1n una cita en el Jerte, donde se pueden deleitar con un yakitori de pollo de corral con salsa teriyaki de cerezas, un suculento plato inspirado en la cocina japonesa.<\/p>\n<p>Durante las \u00a0XII Jornadas Gastron\u00f3micas de la Cereza Picotaa, los restaurantes del Valle se convierten en junio y julio en los lugares ideales para saborear las picotas. Sus cuatro variedades \u2013Pico Negro, Pico Lim\u00f3n Negro, Pico Colorado y Ambrun\u00e9s \u2013 est\u00e1n en el punto \u00f3ptimo de maduraci\u00f3n y sabor para ser recogidas y llevadas a tu plato.<\/p>\n<p>Si vas a visitar el Valle del Jerte durante esta \u00e9poca, te proponemos que complementes las XII Jornadas Gastron\u00f3micas de la Cereza Picota con las distintas propuestas de <a href=\"\/?p=9038\"><strong>agroturismo<\/strong><\/a> que ofrece el valle en esta \u00e9poca. Por otro lado, aqu\u00ed te dejamos <a href=\"http:\/\/www.vallecereza.com\/noticias\/xii-jornadas-gastronomicas-de-la-cereza-picota\">una lista de los restaurantes con el men\u00fa especial<\/a> que ofrecen al p\u00fablico durante las \u00a0XII Jornadas Gastron\u00f3micas de la Cereza Picota. Elige el que m\u00e1s te guste y disfruta de la picota en su mejor \u00e9poca. <strong>\u00bfTe lo vas a perder?<\/strong><\/p>\n","protected":false},"excerpt":{"rendered":"<p>Contin\u00faa la Cerecera 2017 y el Valle del Jerte est\u00e1 en plena efervescencia gracias a las actividades organizadas para aprovechar el verano, la mejor \u00e9poca para disfrutar de las cerezas. Todos los fines de semana desde el 1 de junio hasta el 23 de julio, el Valle del Jerte celebra la llegada de su cereza [&hellip;]<\/p>\n","protected":false},"author":2,"featured_media":20148,"comment_status":"closed","ping_status":"open","sticky":false,"template":"","format":"standard","meta":{"footnotes":""},"categories":[1101],"tags":[33,964,730],"class_list":["post-20147","post","type-post","status-publish","format-standard","has-post-thumbnail","hentry","category-blog-es","tag-cerecera","tag-cerecera-2017","tag-jornadas-gastronomicas-de-la-cereza-picota-2"],"yoast_head":"<!-- This site is optimized with the Yoast SEO Premium plugin v25.0 (Yoast SEO v27.4) - https:\/\/yoast.com\/product\/yoast-seo-premium-wordpress\/ -->\n<title>Comienzan las XII Jornadas Gastron\u00f3micas de la Cereza Picota<\/title>\n<meta name=\"description\" content=\"Comienzan las XII Jornadas Gastron\u00f3micas de la Cereza Picota. Te hablamos de los men\u00fas y restaurantes que participan este a\u00f1o 2017.\" \/>\n<meta name=\"robots\" content=\"index, follow, max-snippet:-1, max-image-preview:large, max-video-preview:-1\" \/>\n<link rel=\"canonical\" href=\"https:\/\/cerezadeljerte.org\/en\/comienzan-las-xii-jornadas-gastronomicas-de-la-cereza-picota\/\" \/>\n<meta property=\"og:locale\" content=\"en_US\" \/>\n<meta property=\"og:type\" content=\"article\" \/>\n<meta property=\"og:title\" content=\"Comienzan las XII Jornadas Gastron\u00f3micas de la Cereza Picota. Men\u00fas con mucho sabor\" \/>\n<meta property=\"og:description\" content=\"Comienzan las XII Jornadas Gastron\u00f3micas de la Cereza Picota. Te hablamos de los men\u00fas y restaurantes que participan este a\u00f1o 2017.\" \/>\n<meta property=\"og:url\" content=\"https:\/\/cerezadeljerte.org\/en\/comienzan-las-xii-jornadas-gastronomicas-de-la-cereza-picota\/\" \/>\n<meta property=\"og:site_name\" content=\"cerezadeljerte.org\" \/>\n<meta property=\"article:publisher\" content=\"https:\/\/m.facebook.com\/PICOTADELJERTE\/\" \/>\n<meta property=\"article:published_time\" content=\"2017-06-01T19:14:55+00:00\" \/>\n<meta property=\"article:modified_time\" content=\"2025-02-11T22:19:34+00:00\" \/>\n<meta property=\"og:image\" content=\"https:\/\/cerezadeljerte.org\/wp-content\/uploads\/2017\/06\/XII-Jornadas-Gastron\u00f3micas-de-la-Cereza-Picota.jpg\" \/>\n\t<meta property=\"og:image:width\" content=\"750\" \/>\n\t<meta property=\"og:image:height\" content=\"330\" \/>\n\t<meta property=\"og:image:type\" content=\"image\/jpeg\" \/>\n<meta name=\"author\" content=\"Picota\" \/>\n<meta name=\"twitter:card\" content=\"summary_large_image\" \/>\n<meta name=\"twitter:creator\" content=\"@CEREZADELJERTE\" \/>\n<meta name=\"twitter:site\" content=\"@CEREZADELJERTE\" \/>\n<script type=\"application\/ld+json\" class=\"yoast-schema-graph\">{\"@context\":\"https:\\\/\\\/schema.org\",\"@graph\":[{\"@type\":\"Article\",\"@id\":\"https:\\\/\\\/cerezadeljerte.org\\\/en\\\/comienzan-las-xii-jornadas-gastronomicas-de-la-cereza-picota\\\/#article\",\"isPartOf\":{\"@id\":\"https:\\\/\\\/cerezadeljerte.org\\\/en\\\/comienzan-las-xii-jornadas-gastronomicas-de-la-cereza-picota\\\/\"},\"author\":{\"name\":\"Picota\",\"@id\":\"https:\\\/\\\/cerezadeljerte.org\\\/en\\\/#\\\/schema\\\/person\\\/db07785007f349f8eeb003c8f96d3a63\"},\"headline\":\"Comienzan las XII Jornadas Gastron\u00f3micas de la Cereza Picota. Men\u00fas con mucho sabor\",\"datePublished\":\"2017-06-01T19:14:55+00:00\",\"dateModified\":\"2025-02-11T22:19:34+00:00\",\"mainEntityOfPage\":{\"@id\":\"https:\\\/\\\/cerezadeljerte.org\\\/en\\\/comienzan-las-xii-jornadas-gastronomicas-de-la-cereza-picota\\\/\"},\"wordCount\":493,\"publisher\":{\"@id\":\"https:\\\/\\\/cerezadeljerte.org\\\/en\\\/#organization\"},\"image\":{\"@id\":\"https:\\\/\\\/cerezadeljerte.org\\\/en\\\/comienzan-las-xii-jornadas-gastronomicas-de-la-cereza-picota\\\/#primaryimage\"},\"thumbnailUrl\":\"https:\\\/\\\/cerezadeljerte.org\\\/wp-content\\\/uploads\\\/2017\\\/06\\\/XII-Jornadas-Gastron\u00f3micas-de-la-Cereza-Picota.jpg\",\"keywords\":[\"Cerecera\",\"Cerecera 2017\",\"Jornadas Gastron\u00f3micas de la Cereza Picota\"],\"articleSection\":[\"blog es\"],\"inLanguage\":\"en-US\"},{\"@type\":\"WebPage\",\"@id\":\"https:\\\/\\\/cerezadeljerte.org\\\/en\\\/comienzan-las-xii-jornadas-gastronomicas-de-la-cereza-picota\\\/\",\"url\":\"https:\\\/\\\/cerezadeljerte.org\\\/en\\\/comienzan-las-xii-jornadas-gastronomicas-de-la-cereza-picota\\\/\",\"name\":\"Comienzan las XII Jornadas Gastron\u00f3micas de la Cereza Picota\",\"isPartOf\":{\"@id\":\"https:\\\/\\\/cerezadeljerte.org\\\/en\\\/#website\"},\"primaryImageOfPage\":{\"@id\":\"https:\\\/\\\/cerezadeljerte.org\\\/en\\\/comienzan-las-xii-jornadas-gastronomicas-de-la-cereza-picota\\\/#primaryimage\"},\"image\":{\"@id\":\"https:\\\/\\\/cerezadeljerte.org\\\/en\\\/comienzan-las-xii-jornadas-gastronomicas-de-la-cereza-picota\\\/#primaryimage\"},\"thumbnailUrl\":\"https:\\\/\\\/cerezadeljerte.org\\\/wp-content\\\/uploads\\\/2017\\\/06\\\/XII-Jornadas-Gastron\u00f3micas-de-la-Cereza-Picota.jpg\",\"datePublished\":\"2017-06-01T19:14:55+00:00\",\"dateModified\":\"2025-02-11T22:19:34+00:00\",\"description\":\"Comienzan las XII Jornadas Gastron\u00f3micas de la Cereza Picota. Te hablamos de los men\u00fas y restaurantes que participan este a\u00f1o 2017.\",\"breadcrumb\":{\"@id\":\"https:\\\/\\\/cerezadeljerte.org\\\/en\\\/comienzan-las-xii-jornadas-gastronomicas-de-la-cereza-picota\\\/#breadcrumb\"},\"inLanguage\":\"en-US\",\"potentialAction\":[{\"@type\":\"ReadAction\",\"target\":[\"https:\\\/\\\/cerezadeljerte.org\\\/en\\\/comienzan-las-xii-jornadas-gastronomicas-de-la-cereza-picota\\\/\"]}]},{\"@type\":\"ImageObject\",\"inLanguage\":\"en-US\",\"@id\":\"https:\\\/\\\/cerezadeljerte.org\\\/en\\\/comienzan-las-xii-jornadas-gastronomicas-de-la-cereza-picota\\\/#primaryimage\",\"url\":\"https:\\\/\\\/cerezadeljerte.org\\\/wp-content\\\/uploads\\\/2017\\\/06\\\/XII-Jornadas-Gastron\u00f3micas-de-la-Cereza-Picota.jpg\",\"contentUrl\":\"https:\\\/\\\/cerezadeljerte.org\\\/wp-content\\\/uploads\\\/2017\\\/06\\\/XII-Jornadas-Gastron\u00f3micas-de-la-Cereza-Picota.jpg\",\"width\":750,\"height\":330},{\"@type\":\"BreadcrumbList\",\"@id\":\"https:\\\/\\\/cerezadeljerte.org\\\/en\\\/comienzan-las-xii-jornadas-gastronomicas-de-la-cereza-picota\\\/#breadcrumb\",\"itemListElement\":[{\"@type\":\"ListItem\",\"position\":1,\"name\":\"Portada\",\"item\":\"https:\\\/\\\/cerezadeljerte.org\\\/en\\\/\"},{\"@type\":\"ListItem\",\"position\":2,\"name\":\"Comienzan las XII Jornadas Gastron\u00f3micas de la Cereza Picota. Men\u00fas con mucho sabor\"}]},{\"@type\":\"WebSite\",\"@id\":\"https:\\\/\\\/cerezadeljerte.org\\\/en\\\/#website\",\"url\":\"https:\\\/\\\/cerezadeljerte.org\\\/en\\\/\",\"name\":\"cerezadeljerte.org\",\"description\":\"you\u2019re great, little one\",\"publisher\":{\"@id\":\"https:\\\/\\\/cerezadeljerte.org\\\/en\\\/#organization\"},\"alternateName\":\"Denominaci\u00f3n de Origen de Cereza del Jerte\",\"potentialAction\":[{\"@type\":\"SearchAction\",\"target\":{\"@type\":\"EntryPoint\",\"urlTemplate\":\"https:\\\/\\\/cerezadeljerte.org\\\/en\\\/?s={search_term_string}\"},\"query-input\":{\"@type\":\"PropertyValueSpecification\",\"valueRequired\":true,\"valueName\":\"search_term_string\"}}],\"inLanguage\":\"en-US\"},{\"@type\":\"Organization\",\"@id\":\"https:\\\/\\\/cerezadeljerte.org\\\/en\\\/#organization\",\"name\":\"cerezadeljerte.org\",\"alternateName\":\"Denominaci\u00f3n de Origen Cereza del Jerte\",\"url\":\"https:\\\/\\\/cerezadeljerte.org\\\/en\\\/\",\"logo\":{\"@type\":\"ImageObject\",\"inLanguage\":\"en-US\",\"@id\":\"https:\\\/\\\/cerezadeljerte.org\\\/en\\\/#\\\/schema\\\/logo\\\/image\\\/\",\"url\":\"https:\\\/\\\/cerezadeljerte.org\\\/wp-content\\\/uploads\\\/2024\\\/05\\\/CONSEJO-REGULADOR-D.O.P_p.png\",\"contentUrl\":\"https:\\\/\\\/cerezadeljerte.org\\\/wp-content\\\/uploads\\\/2024\\\/05\\\/CONSEJO-REGULADOR-D.O.P_p.png\",\"width\":550,\"height\":219,\"caption\":\"cerezadeljerte.org\"},\"image\":{\"@id\":\"https:\\\/\\\/cerezadeljerte.org\\\/en\\\/#\\\/schema\\\/logo\\\/image\\\/\"},\"sameAs\":[\"https:\\\/\\\/m.facebook.com\\\/PICOTADELJERTE\\\/\",\"https:\\\/\\\/x.com\\\/CEREZADELJERTE\"]},{\"@type\":\"Person\",\"@id\":\"https:\\\/\\\/cerezadeljerte.org\\\/en\\\/#\\\/schema\\\/person\\\/db07785007f349f8eeb003c8f96d3a63\",\"name\":\"Picota\",\"image\":{\"@type\":\"ImageObject\",\"inLanguage\":\"en-US\",\"@id\":\"https:\\\/\\\/secure.gravatar.com\\\/avatar\\\/ee24ef6a3b49d093f6bd594b1bdd386106677c83a47a3907489168695fab5834?s=96&d=mm&r=g\",\"url\":\"https:\\\/\\\/secure.gravatar.com\\\/avatar\\\/ee24ef6a3b49d093f6bd594b1bdd386106677c83a47a3907489168695fab5834?s=96&d=mm&r=g\",\"contentUrl\":\"https:\\\/\\\/secure.gravatar.com\\\/avatar\\\/ee24ef6a3b49d093f6bd594b1bdd386106677c83a47a3907489168695fab5834?s=96&d=mm&r=g\",\"caption\":\"Picota\"},\"url\":\"https:\\\/\\\/cerezadeljerte.org\\\/en\\\/author\\\/picota\\\/\"}]}<\/script>\n<!-- \/ Yoast SEO Premium plugin. -->","yoast_head_json":{"title":"Comienzan las XII Jornadas Gastron\u00f3micas de la Cereza Picota","description":"Comienzan las XII Jornadas Gastron\u00f3micas de la Cereza Picota. Te hablamos de los men\u00fas y restaurantes que participan este a\u00f1o 2017.","robots":{"index":"index","follow":"follow","max-snippet":"max-snippet:-1","max-image-preview":"max-image-preview:large","max-video-preview":"max-video-preview:-1"},"canonical":"https:\/\/cerezadeljerte.org\/en\/comienzan-las-xii-jornadas-gastronomicas-de-la-cereza-picota\/","og_locale":"en_US","og_type":"article","og_title":"Comienzan las XII Jornadas Gastron\u00f3micas de la Cereza Picota. Men\u00fas con mucho sabor","og_description":"Comienzan las XII Jornadas Gastron\u00f3micas de la Cereza Picota. Te hablamos de los men\u00fas y restaurantes que participan este a\u00f1o 2017.","og_url":"https:\/\/cerezadeljerte.org\/en\/comienzan-las-xii-jornadas-gastronomicas-de-la-cereza-picota\/","og_site_name":"cerezadeljerte.org","article_publisher":"https:\/\/m.facebook.com\/PICOTADELJERTE\/","article_published_time":"2017-06-01T19:14:55+00:00","article_modified_time":"2025-02-11T22:19:34+00:00","og_image":[{"width":750,"height":330,"url":"https:\/\/cerezadeljerte.org\/wp-content\/uploads\/2017\/06\/XII-Jornadas-Gastron\u00f3micas-de-la-Cereza-Picota.jpg","type":"image\/jpeg"}],"author":"Picota","twitter_card":"summary_large_image","twitter_creator":"@CEREZADELJERTE","twitter_site":"@CEREZADELJERTE","schema":{"@context":"https:\/\/schema.org","@graph":[{"@type":"Article","@id":"https:\/\/cerezadeljerte.org\/en\/comienzan-las-xii-jornadas-gastronomicas-de-la-cereza-picota\/#article","isPartOf":{"@id":"https:\/\/cerezadeljerte.org\/en\/comienzan-las-xii-jornadas-gastronomicas-de-la-cereza-picota\/"},"author":{"name":"Picota","@id":"https:\/\/cerezadeljerte.org\/en\/#\/schema\/person\/db07785007f349f8eeb003c8f96d3a63"},"headline":"Comienzan las XII Jornadas Gastron\u00f3micas de la Cereza Picota. Men\u00fas con mucho sabor","datePublished":"2017-06-01T19:14:55+00:00","dateModified":"2025-02-11T22:19:34+00:00","mainEntityOfPage":{"@id":"https:\/\/cerezadeljerte.org\/en\/comienzan-las-xii-jornadas-gastronomicas-de-la-cereza-picota\/"},"wordCount":493,"publisher":{"@id":"https:\/\/cerezadeljerte.org\/en\/#organization"},"image":{"@id":"https:\/\/cerezadeljerte.org\/en\/comienzan-las-xii-jornadas-gastronomicas-de-la-cereza-picota\/#primaryimage"},"thumbnailUrl":"https:\/\/cerezadeljerte.org\/wp-content\/uploads\/2017\/06\/XII-Jornadas-Gastron\u00f3micas-de-la-Cereza-Picota.jpg","keywords":["Cerecera","Cerecera 2017","Jornadas Gastron\u00f3micas de la Cereza Picota"],"articleSection":["blog es"],"inLanguage":"en-US"},{"@type":"WebPage","@id":"https:\/\/cerezadeljerte.org\/en\/comienzan-las-xii-jornadas-gastronomicas-de-la-cereza-picota\/","url":"https:\/\/cerezadeljerte.org\/en\/comienzan-las-xii-jornadas-gastronomicas-de-la-cereza-picota\/","name":"Comienzan las XII Jornadas Gastron\u00f3micas de la Cereza Picota","isPartOf":{"@id":"https:\/\/cerezadeljerte.org\/en\/#website"},"primaryImageOfPage":{"@id":"https:\/\/cerezadeljerte.org\/en\/comienzan-las-xii-jornadas-gastronomicas-de-la-cereza-picota\/#primaryimage"},"image":{"@id":"https:\/\/cerezadeljerte.org\/en\/comienzan-las-xii-jornadas-gastronomicas-de-la-cereza-picota\/#primaryimage"},"thumbnailUrl":"https:\/\/cerezadeljerte.org\/wp-content\/uploads\/2017\/06\/XII-Jornadas-Gastron\u00f3micas-de-la-Cereza-Picota.jpg","datePublished":"2017-06-01T19:14:55+00:00","dateModified":"2025-02-11T22:19:34+00:00","description":"Comienzan las XII Jornadas Gastron\u00f3micas de la Cereza Picota. Te hablamos de los men\u00fas y restaurantes que participan este a\u00f1o 2017.","breadcrumb":{"@id":"https:\/\/cerezadeljerte.org\/en\/comienzan-las-xii-jornadas-gastronomicas-de-la-cereza-picota\/#breadcrumb"},"inLanguage":"en-US","potentialAction":[{"@type":"ReadAction","target":["https:\/\/cerezadeljerte.org\/en\/comienzan-las-xii-jornadas-gastronomicas-de-la-cereza-picota\/"]}]},{"@type":"ImageObject","inLanguage":"en-US","@id":"https:\/\/cerezadeljerte.org\/en\/comienzan-las-xii-jornadas-gastronomicas-de-la-cereza-picota\/#primaryimage","url":"https:\/\/cerezadeljerte.org\/wp-content\/uploads\/2017\/06\/XII-Jornadas-Gastron\u00f3micas-de-la-Cereza-Picota.jpg","contentUrl":"https:\/\/cerezadeljerte.org\/wp-content\/uploads\/2017\/06\/XII-Jornadas-Gastron\u00f3micas-de-la-Cereza-Picota.jpg","width":750,"height":330},{"@type":"BreadcrumbList","@id":"https:\/\/cerezadeljerte.org\/en\/comienzan-las-xii-jornadas-gastronomicas-de-la-cereza-picota\/#breadcrumb","itemListElement":[{"@type":"ListItem","position":1,"name":"Portada","item":"https:\/\/cerezadeljerte.org\/en\/"},{"@type":"ListItem","position":2,"name":"Comienzan las XII Jornadas Gastron\u00f3micas de la Cereza Picota. Men\u00fas con mucho sabor"}]},{"@type":"WebSite","@id":"https:\/\/cerezadeljerte.org\/en\/#website","url":"https:\/\/cerezadeljerte.org\/en\/","name":"cerezadeljerte.org","description":"you\u2019re great, little one","publisher":{"@id":"https:\/\/cerezadeljerte.org\/en\/#organization"},"alternateName":"Denominaci\u00f3n de Origen de Cereza del Jerte","potentialAction":[{"@type":"SearchAction","target":{"@type":"EntryPoint","urlTemplate":"https:\/\/cerezadeljerte.org\/en\/?s={search_term_string}"},"query-input":{"@type":"PropertyValueSpecification","valueRequired":true,"valueName":"search_term_string"}}],"inLanguage":"en-US"},{"@type":"Organization","@id":"https:\/\/cerezadeljerte.org\/en\/#organization","name":"cerezadeljerte.org","alternateName":"Denominaci\u00f3n de Origen Cereza del Jerte","url":"https:\/\/cerezadeljerte.org\/en\/","logo":{"@type":"ImageObject","inLanguage":"en-US","@id":"https:\/\/cerezadeljerte.org\/en\/#\/schema\/logo\/image\/","url":"https:\/\/cerezadeljerte.org\/wp-content\/uploads\/2024\/05\/CONSEJO-REGULADOR-D.O.P_p.png","contentUrl":"https:\/\/cerezadeljerte.org\/wp-content\/uploads\/2024\/05\/CONSEJO-REGULADOR-D.O.P_p.png","width":550,"height":219,"caption":"cerezadeljerte.org"},"image":{"@id":"https:\/\/cerezadeljerte.org\/en\/#\/schema\/logo\/image\/"},"sameAs":["https:\/\/m.facebook.com\/PICOTADELJERTE\/","https:\/\/x.com\/CEREZADELJERTE"]},{"@type":"Person","@id":"https:\/\/cerezadeljerte.org\/en\/#\/schema\/person\/db07785007f349f8eeb003c8f96d3a63","name":"Picota","image":{"@type":"ImageObject","inLanguage":"en-US","@id":"https:\/\/secure.gravatar.com\/avatar\/ee24ef6a3b49d093f6bd594b1bdd386106677c83a47a3907489168695fab5834?s=96&d=mm&r=g","url":"https:\/\/secure.gravatar.com\/avatar\/ee24ef6a3b49d093f6bd594b1bdd386106677c83a47a3907489168695fab5834?s=96&d=mm&r=g","contentUrl":"https:\/\/secure.gravatar.com\/avatar\/ee24ef6a3b49d093f6bd594b1bdd386106677c83a47a3907489168695fab5834?s=96&d=mm&r=g","caption":"Picota"},"url":"https:\/\/cerezadeljerte.org\/en\/author\/picota\/"}]}},"_links":{"self":[{"href":"https:\/\/cerezadeljerte.org\/en\/wp-json\/wp\/v2\/posts\/20147","targetHints":{"allow":["GET"]}}],"collection":[{"href":"https:\/\/cerezadeljerte.org\/en\/wp-json\/wp\/v2\/posts"}],"about":[{"href":"https:\/\/cerezadeljerte.org\/en\/wp-json\/wp\/v2\/types\/post"}],"author":[{"embeddable":true,"href":"https:\/\/cerezadeljerte.org\/en\/wp-json\/wp\/v2\/users\/2"}],"replies":[{"embeddable":true,"href":"https:\/\/cerezadeljerte.org\/en\/wp-json\/wp\/v2\/comments?post=20147"}],"version-history":[{"count":1,"href":"https:\/\/cerezadeljerte.org\/en\/wp-json\/wp\/v2\/posts\/20147\/revisions"}],"predecessor-version":[{"id":25077,"href":"https:\/\/cerezadeljerte.org\/en\/wp-json\/wp\/v2\/posts\/20147\/revisions\/25077"}],"wp:featuredmedia":[{"embeddable":true,"href":"https:\/\/cerezadeljerte.org\/en\/wp-json\/wp\/v2\/media\/20148"}],"wp:attachment":[{"href":"https:\/\/cerezadeljerte.org\/en\/wp-json\/wp\/v2\/media?parent=20147"}],"wp:term":[{"taxonomy":"category","embeddable":true,"href":"https:\/\/cerezadeljerte.org\/en\/wp-json\/wp\/v2\/categories?post=20147"},{"taxonomy":"post_tag","embeddable":true,"href":"https:\/\/cerezadeljerte.org\/en\/wp-json\/wp\/v2\/tags?post=20147"}],"curies":[{"name":"wp","href":"https:\/\/api.w.org\/{rel}","templated":true}]}}