{"id":20145,"date":"2017-06-05T20:47:01","date_gmt":"2017-06-05T18:47:01","guid":{"rendered":"http:\/\/cerezadeljerte.org\/?p=9141\/"},"modified":"2025-02-11T23:19:34","modified_gmt":"2025-02-11T22:19:34","slug":"ferias-de-la-cereza-ruta-por-degustaciones-mercados-y-talleres","status":"publish","type":"post","link":"https:\/\/cerezadeljerte.org\/en\/ferias-de-la-cereza-ruta-por-degustaciones-mercados-y-talleres\/","title":{"rendered":"Ferias de la cereza. Una ruta por degustaciones, mercados y talleres gastron\u00f3micos"},"content":{"rendered":"<p>En los meses de recogida, se celebran por toda la Pen\u00ednsula fiestas y ferias de la cereza. Mercados de artesan\u00eda, actividades gastron\u00f3micas, bailes, m\u00fasica y talleres acompa\u00f1an a la fruta en las celebraciones que ofrecen los municipios que pretenden ense\u00f1ar al mundo su producto m\u00e1s apreciado y ef\u00edmero, que merece todo un homenaje.<\/p>\n<p><strong>Feria de la Cerecera en el Valle del Jerte<\/strong><br \/>\nUna de las ferias de la cereza m\u00e1s populares es la que celebramos en el Valle del Jerte durante la <a href=\"\/?p=2863\">Cerecera<\/a>. Cada a\u00f1o se celebra en un municipio distinto, de entre los que componen el Valle del Jerte. Pese a que lleva organiz\u00e1ndose solamente ocho a\u00f1os, esta jornada ha tenido mucho \u00e9xito debido a la popularidad de las cerezas picotas, famosas por su sabor y dulzura. En la feria se realiza una cata y degustaci\u00f3n de cerezas y se programan distintas actividades como <strong>talleres de cocina, rutas de senderismo o mercados de artesan\u00eda<\/strong>, de cerezas y de sus derivados. La Feria de la Cereza jerte\u00f1a inaugura el ciclo de actividades que se alarga<strong> hasta agosto<\/strong> para poner en valor este producto.<\/p>\n<p><strong>Bolea (Huesca)<\/strong><br \/>\nLa Feria de la Cereza de Bolea se celebra todos los a\u00f1os el domingo m\u00e1s cercano al <a href=\"https:\/\/www.descubrehuesca.com\/huesca\/feria-de-la-cereza-en-bolea\/\">d\u00eda de San Antonio<\/a>, que en 2017 es el 18 de junio. En esta festividad, cuyo centro neur\u00e1lgico es la Plaza Mayor de la localidad, se venden cada a\u00f1o cientos de quilos de cerezas recogidos en la Sierra Caballera. Entre las variedades aut\u00f3ctonas, destaca la <strong>cereza \u201cgarrafal\u201d<\/strong>, que es la m\u00e1s vendida en este evento y la m\u00e1s apreciada de la zona.<\/p>\n<p><strong>Caudiel (Castell\u00f3n)<\/strong><br \/>\nEl municipio de Caudiel, en Castell\u00f3n, organiza tambi\u00e9n en el mes de junio su Feria de la Cereza, dos d\u00edas en los que esta localidad homenajea a su producto m\u00e1s sabroso. <strong>Mercados, juegos tradicionales y exhibiciones de baile<\/strong> son algunas de las alternativas de ocio que Caudiel ofrece a los visitantes para promocionar la cereza local.<\/p>\n<p><strong>Castillo de Locub\u00edn (Ja\u00e9n)<\/strong><br \/>\nEn el mes de junio se celebra en la localidad de Castillo de Locub\u00edn en Ja\u00e9n la Fiesta de la Cereza, una festividad con <strong>m\u00e1s de 30 a\u00f1os de historia<\/strong>. Durante tres d\u00edas se realizan distintas actividades gastron\u00f3micas y se ponen a la venta cerezas y sus derivados, as\u00ed como productos de artesan\u00eda y cer\u00e1mica.<\/p>\n<p><iframe src=\"https:\/\/www.youtube.com\/embed\/r538nx-P9F8\" width=\"560\" height=\"315\" frameborder=\"0\" allowfullscreen=\"allowfullscreen\"><\/iframe><\/p>\n<p><strong>Portugal y Francia<\/strong><br \/>\nEn Portugal y Francia, muy cerca de las fronteras espa\u00f1olas, tambi\u00e9n se organizan ferias de la cereza. En la localidad lusa de <strong>Alf\u00e2ndega da F\u00e9<\/strong>, muy cerca de la frontera salamantina, la Feria de la Cereza cuenta con una tradici\u00f3n de tres d\u00e9cadas y se organiza a comienzos de junio. Aqu\u00ed se venden los productos locales del Nordeste Transmontano y se organizan espect\u00e1culos que atraen cada a\u00f1o a cientos de visitantes.<br \/>\nPor su parte, en la localidad pirenaica de <a href=\"http:\/\/es.destinationsuddefrance.com\/Salir\/Los-proximos-eventos\/Fiesta-de-la-Cereza-en-Ceret\"><strong>C\u00e9ret<\/strong><\/a>, la Fiesta de la Cereza se adelanta a mayo. Durante dos d\u00edas se organizan <strong>concursos de deshuesado<\/strong> y <strong>de escupir huesos,<\/strong> <strong>degustaciones de cerezas<\/strong> y distintos <strong>espect\u00e1culos<\/strong> de baile y m\u00fasica tradicionales.<\/p>\n<p>&nbsp;<\/p>\n","protected":false},"excerpt":{"rendered":"<p>En los meses de recogida, se celebran por toda la Pen\u00ednsula fiestas y ferias de la cereza. Mercados de artesan\u00eda, actividades gastron\u00f3micas, bailes, m\u00fasica y talleres acompa\u00f1an a la fruta en las celebraciones que ofrecen los municipios que pretenden ense\u00f1ar al mundo su producto m\u00e1s apreciado y ef\u00edmero, que merece todo un homenaje. Feria de [&hellip;]<\/p>\n","protected":false},"author":2,"featured_media":19395,"comment_status":"closed","ping_status":"open","sticky":false,"template":"","format":"standard","meta":{"footnotes":""},"categories":[1101],"tags":[33,37],"class_list":["post-20145","post","type-post","status-publish","format-standard","has-post-thumbnail","hentry","category-blog-es","tag-cerecera","tag-fiestas"],"yoast_head":"<!-- This site is optimized with the Yoast SEO Premium plugin v25.0 (Yoast SEO v27.4) - https:\/\/yoast.com\/product\/yoast-seo-premium-wordpress\/ -->\n<title>Ferias de la cereza. Una ruta por degustaciones, mercados y talleres<\/title>\n<meta name=\"description\" content=\"Las ferias de la cereza son un reclamo durante la recolecci\u00f3n en localidades espa\u00f1olas, francesas y lusas. Te hablamos de algunas de las m\u00e1s populares.\" \/>\n<meta name=\"robots\" content=\"index, follow, max-snippet:-1, max-image-preview:large, max-video-preview:-1\" \/>\n<link rel=\"canonical\" href=\"https:\/\/cerezadeljerte.org\/en\/ferias-de-la-cereza-ruta-por-degustaciones-mercados-y-talleres\/\" \/>\n<meta property=\"og:locale\" content=\"en_US\" \/>\n<meta property=\"og:type\" content=\"article\" \/>\n<meta property=\"og:title\" content=\"Ferias de la cereza. Una ruta por degustaciones, mercados y talleres gastron\u00f3micos\" \/>\n<meta property=\"og:description\" content=\"Las ferias de la cereza son un reclamo durante la recolecci\u00f3n en localidades espa\u00f1olas, francesas y lusas. Te hablamos de algunas de las m\u00e1s populares.\" \/>\n<meta property=\"og:url\" content=\"https:\/\/cerezadeljerte.org\/en\/ferias-de-la-cereza-ruta-por-degustaciones-mercados-y-talleres\/\" \/>\n<meta property=\"og:site_name\" content=\"cerezadeljerte.org\" \/>\n<meta property=\"article:publisher\" content=\"https:\/\/m.facebook.com\/PICOTADELJERTE\/\" \/>\n<meta property=\"article:published_time\" content=\"2017-06-05T18:47:01+00:00\" \/>\n<meta property=\"article:modified_time\" content=\"2025-02-11T22:19:34+00:00\" \/>\n<meta property=\"og:image\" content=\"https:\/\/cerezadeljerte.org\/wp-content\/uploads\/2017\/06\/DSC_0281-copia.jpg\" \/>\n\t<meta property=\"og:image:width\" content=\"681\" \/>\n\t<meta property=\"og:image:height\" content=\"1024\" \/>\n\t<meta property=\"og:image:type\" content=\"image\/jpeg\" \/>\n<meta name=\"author\" content=\"Picota\" \/>\n<meta name=\"twitter:card\" content=\"summary_large_image\" \/>\n<meta name=\"twitter:creator\" content=\"@CEREZADELJERTE\" \/>\n<meta name=\"twitter:site\" content=\"@CEREZADELJERTE\" \/>\n<script type=\"application\/ld+json\" class=\"yoast-schema-graph\">{\"@context\":\"https:\\\/\\\/schema.org\",\"@graph\":[{\"@type\":\"Article\",\"@id\":\"https:\\\/\\\/cerezadeljerte.org\\\/en\\\/ferias-de-la-cereza-ruta-por-degustaciones-mercados-y-talleres\\\/#article\",\"isPartOf\":{\"@id\":\"https:\\\/\\\/cerezadeljerte.org\\\/en\\\/ferias-de-la-cereza-ruta-por-degustaciones-mercados-y-talleres\\\/\"},\"author\":{\"name\":\"Picota\",\"@id\":\"https:\\\/\\\/cerezadeljerte.org\\\/en\\\/#\\\/schema\\\/person\\\/db07785007f349f8eeb003c8f96d3a63\"},\"headline\":\"Ferias de la cereza. Una ruta por degustaciones, mercados y talleres gastron\u00f3micos\",\"datePublished\":\"2017-06-05T18:47:01+00:00\",\"dateModified\":\"2025-02-11T22:19:34+00:00\",\"mainEntityOfPage\":{\"@id\":\"https:\\\/\\\/cerezadeljerte.org\\\/en\\\/ferias-de-la-cereza-ruta-por-degustaciones-mercados-y-talleres\\\/\"},\"wordCount\":556,\"publisher\":{\"@id\":\"https:\\\/\\\/cerezadeljerte.org\\\/en\\\/#organization\"},\"image\":{\"@id\":\"https:\\\/\\\/cerezadeljerte.org\\\/en\\\/ferias-de-la-cereza-ruta-por-degustaciones-mercados-y-talleres\\\/#primaryimage\"},\"thumbnailUrl\":\"https:\\\/\\\/cerezadeljerte.org\\\/wp-content\\\/uploads\\\/2017\\\/06\\\/DSC_0281-copia.jpg\",\"keywords\":[\"Cerecera\",\"fiestas\"],\"articleSection\":[\"blog es\"],\"inLanguage\":\"en-US\"},{\"@type\":\"WebPage\",\"@id\":\"https:\\\/\\\/cerezadeljerte.org\\\/en\\\/ferias-de-la-cereza-ruta-por-degustaciones-mercados-y-talleres\\\/\",\"url\":\"https:\\\/\\\/cerezadeljerte.org\\\/en\\\/ferias-de-la-cereza-ruta-por-degustaciones-mercados-y-talleres\\\/\",\"name\":\"Ferias de la cereza. Una ruta por degustaciones, mercados y talleres\",\"isPartOf\":{\"@id\":\"https:\\\/\\\/cerezadeljerte.org\\\/en\\\/#website\"},\"primaryImageOfPage\":{\"@id\":\"https:\\\/\\\/cerezadeljerte.org\\\/en\\\/ferias-de-la-cereza-ruta-por-degustaciones-mercados-y-talleres\\\/#primaryimage\"},\"image\":{\"@id\":\"https:\\\/\\\/cerezadeljerte.org\\\/en\\\/ferias-de-la-cereza-ruta-por-degustaciones-mercados-y-talleres\\\/#primaryimage\"},\"thumbnailUrl\":\"https:\\\/\\\/cerezadeljerte.org\\\/wp-content\\\/uploads\\\/2017\\\/06\\\/DSC_0281-copia.jpg\",\"datePublished\":\"2017-06-05T18:47:01+00:00\",\"dateModified\":\"2025-02-11T22:19:34+00:00\",\"description\":\"Las ferias de la cereza son un reclamo durante la recolecci\u00f3n en localidades espa\u00f1olas, francesas y lusas. Te hablamos de algunas de las m\u00e1s populares.\",\"breadcrumb\":{\"@id\":\"https:\\\/\\\/cerezadeljerte.org\\\/en\\\/ferias-de-la-cereza-ruta-por-degustaciones-mercados-y-talleres\\\/#breadcrumb\"},\"inLanguage\":\"en-US\",\"potentialAction\":[{\"@type\":\"ReadAction\",\"target\":[\"https:\\\/\\\/cerezadeljerte.org\\\/en\\\/ferias-de-la-cereza-ruta-por-degustaciones-mercados-y-talleres\\\/\"]}]},{\"@type\":\"ImageObject\",\"inLanguage\":\"en-US\",\"@id\":\"https:\\\/\\\/cerezadeljerte.org\\\/en\\\/ferias-de-la-cereza-ruta-por-degustaciones-mercados-y-talleres\\\/#primaryimage\",\"url\":\"https:\\\/\\\/cerezadeljerte.org\\\/wp-content\\\/uploads\\\/2017\\\/06\\\/DSC_0281-copia.jpg\",\"contentUrl\":\"https:\\\/\\\/cerezadeljerte.org\\\/wp-content\\\/uploads\\\/2017\\\/06\\\/DSC_0281-copia.jpg\",\"width\":681,\"height\":1024},{\"@type\":\"BreadcrumbList\",\"@id\":\"https:\\\/\\\/cerezadeljerte.org\\\/en\\\/ferias-de-la-cereza-ruta-por-degustaciones-mercados-y-talleres\\\/#breadcrumb\",\"itemListElement\":[{\"@type\":\"ListItem\",\"position\":1,\"name\":\"Portada\",\"item\":\"https:\\\/\\\/cerezadeljerte.org\\\/en\\\/\"},{\"@type\":\"ListItem\",\"position\":2,\"name\":\"Ferias de la cereza. Una ruta por degustaciones, mercados y talleres gastron\u00f3micos\"}]},{\"@type\":\"WebSite\",\"@id\":\"https:\\\/\\\/cerezadeljerte.org\\\/en\\\/#website\",\"url\":\"https:\\\/\\\/cerezadeljerte.org\\\/en\\\/\",\"name\":\"cerezadeljerte.org\",\"description\":\"you\u2019re great, little one\",\"publisher\":{\"@id\":\"https:\\\/\\\/cerezadeljerte.org\\\/en\\\/#organization\"},\"alternateName\":\"Denominaci\u00f3n de Origen de Cereza del Jerte\",\"potentialAction\":[{\"@type\":\"SearchAction\",\"target\":{\"@type\":\"EntryPoint\",\"urlTemplate\":\"https:\\\/\\\/cerezadeljerte.org\\\/en\\\/?s={search_term_string}\"},\"query-input\":{\"@type\":\"PropertyValueSpecification\",\"valueRequired\":true,\"valueName\":\"search_term_string\"}}],\"inLanguage\":\"en-US\"},{\"@type\":\"Organization\",\"@id\":\"https:\\\/\\\/cerezadeljerte.org\\\/en\\\/#organization\",\"name\":\"cerezadeljerte.org\",\"alternateName\":\"Denominaci\u00f3n de Origen Cereza del Jerte\",\"url\":\"https:\\\/\\\/cerezadeljerte.org\\\/en\\\/\",\"logo\":{\"@type\":\"ImageObject\",\"inLanguage\":\"en-US\",\"@id\":\"https:\\\/\\\/cerezadeljerte.org\\\/en\\\/#\\\/schema\\\/logo\\\/image\\\/\",\"url\":\"https:\\\/\\\/cerezadeljerte.org\\\/wp-content\\\/uploads\\\/2024\\\/05\\\/CONSEJO-REGULADOR-D.O.P_p.png\",\"contentUrl\":\"https:\\\/\\\/cerezadeljerte.org\\\/wp-content\\\/uploads\\\/2024\\\/05\\\/CONSEJO-REGULADOR-D.O.P_p.png\",\"width\":550,\"height\":219,\"caption\":\"cerezadeljerte.org\"},\"image\":{\"@id\":\"https:\\\/\\\/cerezadeljerte.org\\\/en\\\/#\\\/schema\\\/logo\\\/image\\\/\"},\"sameAs\":[\"https:\\\/\\\/m.facebook.com\\\/PICOTADELJERTE\\\/\",\"https:\\\/\\\/x.com\\\/CEREZADELJERTE\"]},{\"@type\":\"Person\",\"@id\":\"https:\\\/\\\/cerezadeljerte.org\\\/en\\\/#\\\/schema\\\/person\\\/db07785007f349f8eeb003c8f96d3a63\",\"name\":\"Picota\",\"image\":{\"@type\":\"ImageObject\",\"inLanguage\":\"en-US\",\"@id\":\"https:\\\/\\\/secure.gravatar.com\\\/avatar\\\/ee24ef6a3b49d093f6bd594b1bdd386106677c83a47a3907489168695fab5834?s=96&d=mm&r=g\",\"url\":\"https:\\\/\\\/secure.gravatar.com\\\/avatar\\\/ee24ef6a3b49d093f6bd594b1bdd386106677c83a47a3907489168695fab5834?s=96&d=mm&r=g\",\"contentUrl\":\"https:\\\/\\\/secure.gravatar.com\\\/avatar\\\/ee24ef6a3b49d093f6bd594b1bdd386106677c83a47a3907489168695fab5834?s=96&d=mm&r=g\",\"caption\":\"Picota\"},\"url\":\"https:\\\/\\\/cerezadeljerte.org\\\/en\\\/author\\\/picota\\\/\"}]}<\/script>\n<!-- \/ Yoast SEO Premium plugin. -->","yoast_head_json":{"title":"Ferias de la cereza. Una ruta por degustaciones, mercados y talleres","description":"Las ferias de la cereza son un reclamo durante la recolecci\u00f3n en localidades espa\u00f1olas, francesas y lusas. Te hablamos de algunas de las m\u00e1s populares.","robots":{"index":"index","follow":"follow","max-snippet":"max-snippet:-1","max-image-preview":"max-image-preview:large","max-video-preview":"max-video-preview:-1"},"canonical":"https:\/\/cerezadeljerte.org\/en\/ferias-de-la-cereza-ruta-por-degustaciones-mercados-y-talleres\/","og_locale":"en_US","og_type":"article","og_title":"Ferias de la cereza. Una ruta por degustaciones, mercados y talleres gastron\u00f3micos","og_description":"Las ferias de la cereza son un reclamo durante la recolecci\u00f3n en localidades espa\u00f1olas, francesas y lusas. Te hablamos de algunas de las m\u00e1s populares.","og_url":"https:\/\/cerezadeljerte.org\/en\/ferias-de-la-cereza-ruta-por-degustaciones-mercados-y-talleres\/","og_site_name":"cerezadeljerte.org","article_publisher":"https:\/\/m.facebook.com\/PICOTADELJERTE\/","article_published_time":"2017-06-05T18:47:01+00:00","article_modified_time":"2025-02-11T22:19:34+00:00","og_image":[{"width":681,"height":1024,"url":"https:\/\/cerezadeljerte.org\/wp-content\/uploads\/2017\/06\/DSC_0281-copia.jpg","type":"image\/jpeg"}],"author":"Picota","twitter_card":"summary_large_image","twitter_creator":"@CEREZADELJERTE","twitter_site":"@CEREZADELJERTE","schema":{"@context":"https:\/\/schema.org","@graph":[{"@type":"Article","@id":"https:\/\/cerezadeljerte.org\/en\/ferias-de-la-cereza-ruta-por-degustaciones-mercados-y-talleres\/#article","isPartOf":{"@id":"https:\/\/cerezadeljerte.org\/en\/ferias-de-la-cereza-ruta-por-degustaciones-mercados-y-talleres\/"},"author":{"name":"Picota","@id":"https:\/\/cerezadeljerte.org\/en\/#\/schema\/person\/db07785007f349f8eeb003c8f96d3a63"},"headline":"Ferias de la cereza. Una ruta por degustaciones, mercados y talleres gastron\u00f3micos","datePublished":"2017-06-05T18:47:01+00:00","dateModified":"2025-02-11T22:19:34+00:00","mainEntityOfPage":{"@id":"https:\/\/cerezadeljerte.org\/en\/ferias-de-la-cereza-ruta-por-degustaciones-mercados-y-talleres\/"},"wordCount":556,"publisher":{"@id":"https:\/\/cerezadeljerte.org\/en\/#organization"},"image":{"@id":"https:\/\/cerezadeljerte.org\/en\/ferias-de-la-cereza-ruta-por-degustaciones-mercados-y-talleres\/#primaryimage"},"thumbnailUrl":"https:\/\/cerezadeljerte.org\/wp-content\/uploads\/2017\/06\/DSC_0281-copia.jpg","keywords":["Cerecera","fiestas"],"articleSection":["blog es"],"inLanguage":"en-US"},{"@type":"WebPage","@id":"https:\/\/cerezadeljerte.org\/en\/ferias-de-la-cereza-ruta-por-degustaciones-mercados-y-talleres\/","url":"https:\/\/cerezadeljerte.org\/en\/ferias-de-la-cereza-ruta-por-degustaciones-mercados-y-talleres\/","name":"Ferias de la cereza. Una ruta por degustaciones, mercados y talleres","isPartOf":{"@id":"https:\/\/cerezadeljerte.org\/en\/#website"},"primaryImageOfPage":{"@id":"https:\/\/cerezadeljerte.org\/en\/ferias-de-la-cereza-ruta-por-degustaciones-mercados-y-talleres\/#primaryimage"},"image":{"@id":"https:\/\/cerezadeljerte.org\/en\/ferias-de-la-cereza-ruta-por-degustaciones-mercados-y-talleres\/#primaryimage"},"thumbnailUrl":"https:\/\/cerezadeljerte.org\/wp-content\/uploads\/2017\/06\/DSC_0281-copia.jpg","datePublished":"2017-06-05T18:47:01+00:00","dateModified":"2025-02-11T22:19:34+00:00","description":"Las ferias de la cereza son un reclamo durante la recolecci\u00f3n en localidades espa\u00f1olas, francesas y lusas. Te hablamos de algunas de las m\u00e1s populares.","breadcrumb":{"@id":"https:\/\/cerezadeljerte.org\/en\/ferias-de-la-cereza-ruta-por-degustaciones-mercados-y-talleres\/#breadcrumb"},"inLanguage":"en-US","potentialAction":[{"@type":"ReadAction","target":["https:\/\/cerezadeljerte.org\/en\/ferias-de-la-cereza-ruta-por-degustaciones-mercados-y-talleres\/"]}]},{"@type":"ImageObject","inLanguage":"en-US","@id":"https:\/\/cerezadeljerte.org\/en\/ferias-de-la-cereza-ruta-por-degustaciones-mercados-y-talleres\/#primaryimage","url":"https:\/\/cerezadeljerte.org\/wp-content\/uploads\/2017\/06\/DSC_0281-copia.jpg","contentUrl":"https:\/\/cerezadeljerte.org\/wp-content\/uploads\/2017\/06\/DSC_0281-copia.jpg","width":681,"height":1024},{"@type":"BreadcrumbList","@id":"https:\/\/cerezadeljerte.org\/en\/ferias-de-la-cereza-ruta-por-degustaciones-mercados-y-talleres\/#breadcrumb","itemListElement":[{"@type":"ListItem","position":1,"name":"Portada","item":"https:\/\/cerezadeljerte.org\/en\/"},{"@type":"ListItem","position":2,"name":"Ferias de la cereza. Una ruta por degustaciones, mercados y talleres gastron\u00f3micos"}]},{"@type":"WebSite","@id":"https:\/\/cerezadeljerte.org\/en\/#website","url":"https:\/\/cerezadeljerte.org\/en\/","name":"cerezadeljerte.org","description":"you\u2019re great, little one","publisher":{"@id":"https:\/\/cerezadeljerte.org\/en\/#organization"},"alternateName":"Denominaci\u00f3n de Origen de Cereza del Jerte","potentialAction":[{"@type":"SearchAction","target":{"@type":"EntryPoint","urlTemplate":"https:\/\/cerezadeljerte.org\/en\/?s={search_term_string}"},"query-input":{"@type":"PropertyValueSpecification","valueRequired":true,"valueName":"search_term_string"}}],"inLanguage":"en-US"},{"@type":"Organization","@id":"https:\/\/cerezadeljerte.org\/en\/#organization","name":"cerezadeljerte.org","alternateName":"Denominaci\u00f3n de Origen Cereza del Jerte","url":"https:\/\/cerezadeljerte.org\/en\/","logo":{"@type":"ImageObject","inLanguage":"en-US","@id":"https:\/\/cerezadeljerte.org\/en\/#\/schema\/logo\/image\/","url":"https:\/\/cerezadeljerte.org\/wp-content\/uploads\/2024\/05\/CONSEJO-REGULADOR-D.O.P_p.png","contentUrl":"https:\/\/cerezadeljerte.org\/wp-content\/uploads\/2024\/05\/CONSEJO-REGULADOR-D.O.P_p.png","width":550,"height":219,"caption":"cerezadeljerte.org"},"image":{"@id":"https:\/\/cerezadeljerte.org\/en\/#\/schema\/logo\/image\/"},"sameAs":["https:\/\/m.facebook.com\/PICOTADELJERTE\/","https:\/\/x.com\/CEREZADELJERTE"]},{"@type":"Person","@id":"https:\/\/cerezadeljerte.org\/en\/#\/schema\/person\/db07785007f349f8eeb003c8f96d3a63","name":"Picota","image":{"@type":"ImageObject","inLanguage":"en-US","@id":"https:\/\/secure.gravatar.com\/avatar\/ee24ef6a3b49d093f6bd594b1bdd386106677c83a47a3907489168695fab5834?s=96&d=mm&r=g","url":"https:\/\/secure.gravatar.com\/avatar\/ee24ef6a3b49d093f6bd594b1bdd386106677c83a47a3907489168695fab5834?s=96&d=mm&r=g","contentUrl":"https:\/\/secure.gravatar.com\/avatar\/ee24ef6a3b49d093f6bd594b1bdd386106677c83a47a3907489168695fab5834?s=96&d=mm&r=g","caption":"Picota"},"url":"https:\/\/cerezadeljerte.org\/en\/author\/picota\/"}]}},"_links":{"self":[{"href":"https:\/\/cerezadeljerte.org\/en\/wp-json\/wp\/v2\/posts\/20145","targetHints":{"allow":["GET"]}}],"collection":[{"href":"https:\/\/cerezadeljerte.org\/en\/wp-json\/wp\/v2\/posts"}],"about":[{"href":"https:\/\/cerezadeljerte.org\/en\/wp-json\/wp\/v2\/types\/post"}],"author":[{"embeddable":true,"href":"https:\/\/cerezadeljerte.org\/en\/wp-json\/wp\/v2\/users\/2"}],"replies":[{"embeddable":true,"href":"https:\/\/cerezadeljerte.org\/en\/wp-json\/wp\/v2\/comments?post=20145"}],"version-history":[{"count":1,"href":"https:\/\/cerezadeljerte.org\/en\/wp-json\/wp\/v2\/posts\/20145\/revisions"}],"predecessor-version":[{"id":25076,"href":"https:\/\/cerezadeljerte.org\/en\/wp-json\/wp\/v2\/posts\/20145\/revisions\/25076"}],"wp:featuredmedia":[{"embeddable":true,"href":"https:\/\/cerezadeljerte.org\/en\/wp-json\/wp\/v2\/media\/19395"}],"wp:attachment":[{"href":"https:\/\/cerezadeljerte.org\/en\/wp-json\/wp\/v2\/media?parent=20145"}],"wp:term":[{"taxonomy":"category","embeddable":true,"href":"https:\/\/cerezadeljerte.org\/en\/wp-json\/wp\/v2\/categories?post=20145"},{"taxonomy":"post_tag","embeddable":true,"href":"https:\/\/cerezadeljerte.org\/en\/wp-json\/wp\/v2\/tags?post=20145"}],"curies":[{"name":"wp","href":"https:\/\/api.w.org\/{rel}","templated":true}]}}