{"id":20143,"date":"2017-06-06T21:08:46","date_gmt":"2017-06-06T19:08:46","guid":{"rendered":"http:\/\/cerezadeljerte.org\/?p=9144\/"},"modified":"2025-02-11T23:19:34","modified_gmt":"2025-02-11T22:19:34","slug":"verano-en-el-valle-del-jerte-para-toda-la-familia","status":"publish","type":"post","link":"https:\/\/cerezadeljerte.org\/en\/verano-en-el-valle-del-jerte-para-toda-la-familia\/","title":{"rendered":"Verano en el Valle del Jerte para toda la familia"},"content":{"rendered":"<p>Te hablamos de las posibilidades del verano en el Valle del Jerte. La comarca se llena de vida en esta \u00e9poca por ser un lugar perfecto para visitar mientras se disfrutas de unas vacaciones en contacto con la naturaleza para toda la familia. Adem\u00e1s, en la \u00e9poca estival proliferan distintas<a href=\"\/?p=8996\"> fiestas en la zona<\/a>, ya que los habitantes de esta regi\u00f3n aprovechan la Cerecera para organizar m\u00faltiples actividades gastron\u00f3micas, culturales y deportivas, y celebrar as\u00ed \u00a0la recogida de la cereza, el producto jerte\u00f1o por excelencia.<\/p>\n<p>El entorno privilegiado en el que se encuentra el valle, invita a disfrutar al aire libre de los parajes naturales en los alrededores de las localidades de la mancomunidad. Esta regi\u00f3n extreme\u00f1a puede presumir de tener <strong>m\u00e1s de 20 <a href=\"http:\/\/www.turismovalledeljerte.com\/que-ver-en-el-valle-del-jerte\/naturaleza-activa\/rutas-de-senderismo\">rutas de senderismo<\/a><\/strong> de distinta longitud y dificultad, tanto para toda la familia como para los visitantes m\u00e1s aventureros y deportistas. Caminar es una actividad estupenda para conocer la orograf\u00eda del Jerte, sus <strong>gargantas y puentes<\/strong>, sus edificios religiosos, su arquitectura y adem\u00e1s su forma de vida diferente, basada fundamentalmente en la agricultura. Unos paisajes que hacen que el verano en el Valle del Jerte sea muy especial.<\/p>\n<p>Adem\u00e1s, hay diferentes <strong>rutas de BTT<\/strong> para quienes prefieren disfrutar el verano en el Valle del Jerte<a href=\"http:\/\/www.turismovalledeljerte.com\/que-ver-en-el-valle-del-jerte\/naturaleza-activa\/rutas-btt\"> sobre ruedas<\/a>. Y, los m\u00e1s atrevidos, pueden hacer <a href=\"\/?p=4431\"><strong>barranquismo<\/strong><\/a> en tres gargantas jerte\u00f1as, la <a href=\"\/?p=7088\"><strong>Garganta de las Nogaleas<\/strong><\/a>, la <a href=\"\/?p=7350\"><strong>Garganta de Los Hoyos<\/strong> <\/a>y la <a href=\"\/?p=7074\"><strong>Garganta de los Pap\u00faos<\/strong>. <\/a><\/p>\n<p>El Jerte, conocido como el<a href=\"http:\/\/www.vallecereza.com\/valle-de-jerte\/piscinas-naturales-y-zonas-de-bano\"><strong> Valle del Agua<\/strong><\/a>, ofrece al mismo tiempo distintas alternativas acu\u00e1ticas para refrescarse durante el caluroso verano. Las piscinas naturales y charcos hacen irresistible un ba\u00f1o relajante despu\u00e9s de una intensa jornada de senderismo o BTT.<\/p>\n<p><strong>Campamentos de verano 2017<\/strong><br \/>\nLas actividades organizadas en el Valle est\u00e1n orientadas para que disfrute toda la familia, pero para una inmersi\u00f3n total de los m\u00e1s peque\u00f1os en la naturaleza, se organizan campamentos de verano en dos turnos durante el mes de junio. Estos campamentos est\u00e1n pensados para <a href=\"http:\/\/www.vallecereza.com\/ofertas-exclusivas-en-el-valle-del-jerte\/campamentos-de-verano-en-el-valle-del-jerte-0\"><strong>ni\u00f1os de entre los 10 y los 16 a\u00f1os<\/strong><\/a> y hay un l\u00edmite de plazas, establecido en \u00a050 participantes con el objetivo de garantizar un servicio excelente y una supervisi\u00f3n adecuada.<\/p>\n<p>Estos campamentos es ofrecen educaci\u00f3n ambiental a los asistentes y promueven el compa\u00f1erismo y el trabajo en equipo. Se organizar\u00e1n rutas de senderismo y BTT, tiro con arco, talleres de agricultura y vida tradicional y otras actividades como juegos acu\u00e1ticos, rutas literarias o karaokes.<\/p>\n","protected":false},"excerpt":{"rendered":"<p>Te hablamos de las posibilidades del verano en el Valle del Jerte. La comarca se llena de vida en esta \u00e9poca por ser un lugar perfecto para visitar mientras se disfrutas de unas vacaciones en contacto con la naturaleza para toda la familia. Adem\u00e1s, en la \u00e9poca estival proliferan distintas fiestas en la zona, ya [&hellip;]<\/p>\n","protected":false},"author":2,"featured_media":20144,"comment_status":"closed","ping_status":"open","sticky":false,"template":"","format":"standard","meta":{"footnotes":""},"categories":[1101],"tags":[],"class_list":["post-20143","post","type-post","status-publish","format-standard","has-post-thumbnail","hentry","category-blog-es"],"yoast_head":"<!-- This site is optimized with the Yoast SEO Premium plugin v25.0 (Yoast SEO v27.4) - https:\/\/yoast.com\/product\/yoast-seo-premium-wordpress\/ -->\n<title>Verano en el Valle del Jerte. Para disfrutar en familia<\/title>\n<meta name=\"description\" content=\"\u00bfPensando en pasar el verano en el Valle del Jerte? Estas son algunas de las actividades y paisajes que podr\u00e1s disfrutar en este destino.\" \/>\n<meta name=\"robots\" content=\"index, follow, max-snippet:-1, max-image-preview:large, max-video-preview:-1\" \/>\n<link rel=\"canonical\" href=\"https:\/\/cerezadeljerte.org\/en\/verano-en-el-valle-del-jerte-para-toda-la-familia\/\" \/>\n<meta property=\"og:locale\" content=\"en_US\" \/>\n<meta property=\"og:type\" content=\"article\" \/>\n<meta property=\"og:title\" content=\"Verano en el Valle del Jerte para toda la familia\" \/>\n<meta property=\"og:description\" content=\"\u00bfPensando en pasar el verano en el Valle del Jerte? Estas son algunas de las actividades y paisajes que podr\u00e1s disfrutar en este destino.\" \/>\n<meta property=\"og:url\" content=\"https:\/\/cerezadeljerte.org\/en\/verano-en-el-valle-del-jerte-para-toda-la-familia\/\" \/>\n<meta property=\"og:site_name\" content=\"cerezadeljerte.org\" \/>\n<meta property=\"article:publisher\" content=\"https:\/\/m.facebook.com\/PICOTADELJERTE\/\" \/>\n<meta property=\"article:published_time\" content=\"2017-06-06T19:08:46+00:00\" \/>\n<meta property=\"article:modified_time\" content=\"2025-02-11T22:19:34+00:00\" \/>\n<meta property=\"og:image\" content=\"https:\/\/cerezadeljerte.org\/wp-content\/uploads\/2017\/06\/Verano-en-el-Valle-del-Jerte.jpg\" \/>\n\t<meta property=\"og:image:width\" content=\"733\" \/>\n\t<meta property=\"og:image:height\" content=\"477\" \/>\n\t<meta property=\"og:image:type\" content=\"image\/jpeg\" \/>\n<meta name=\"author\" content=\"Picota\" \/>\n<meta name=\"twitter:card\" content=\"summary_large_image\" \/>\n<meta name=\"twitter:creator\" content=\"@CEREZADELJERTE\" \/>\n<meta name=\"twitter:site\" content=\"@CEREZADELJERTE\" \/>\n<script type=\"application\/ld+json\" class=\"yoast-schema-graph\">{\"@context\":\"https:\\\/\\\/schema.org\",\"@graph\":[{\"@type\":\"Article\",\"@id\":\"https:\\\/\\\/cerezadeljerte.org\\\/en\\\/verano-en-el-valle-del-jerte-para-toda-la-familia\\\/#article\",\"isPartOf\":{\"@id\":\"https:\\\/\\\/cerezadeljerte.org\\\/en\\\/verano-en-el-valle-del-jerte-para-toda-la-familia\\\/\"},\"author\":{\"name\":\"Picota\",\"@id\":\"https:\\\/\\\/cerezadeljerte.org\\\/en\\\/#\\\/schema\\\/person\\\/db07785007f349f8eeb003c8f96d3a63\"},\"headline\":\"Verano en el Valle del Jerte para toda la familia\",\"datePublished\":\"2017-06-06T19:08:46+00:00\",\"dateModified\":\"2025-02-11T22:19:34+00:00\",\"mainEntityOfPage\":{\"@id\":\"https:\\\/\\\/cerezadeljerte.org\\\/en\\\/verano-en-el-valle-del-jerte-para-toda-la-familia\\\/\"},\"wordCount\":437,\"publisher\":{\"@id\":\"https:\\\/\\\/cerezadeljerte.org\\\/en\\\/#organization\"},\"image\":{\"@id\":\"https:\\\/\\\/cerezadeljerte.org\\\/en\\\/verano-en-el-valle-del-jerte-para-toda-la-familia\\\/#primaryimage\"},\"thumbnailUrl\":\"https:\\\/\\\/cerezadeljerte.org\\\/wp-content\\\/uploads\\\/2017\\\/06\\\/Verano-en-el-Valle-del-Jerte.jpg\",\"articleSection\":[\"blog es\"],\"inLanguage\":\"en-US\"},{\"@type\":\"WebPage\",\"@id\":\"https:\\\/\\\/cerezadeljerte.org\\\/en\\\/verano-en-el-valle-del-jerte-para-toda-la-familia\\\/\",\"url\":\"https:\\\/\\\/cerezadeljerte.org\\\/en\\\/verano-en-el-valle-del-jerte-para-toda-la-familia\\\/\",\"name\":\"Verano en el Valle del Jerte. Para disfrutar en familia\",\"isPartOf\":{\"@id\":\"https:\\\/\\\/cerezadeljerte.org\\\/en\\\/#website\"},\"primaryImageOfPage\":{\"@id\":\"https:\\\/\\\/cerezadeljerte.org\\\/en\\\/verano-en-el-valle-del-jerte-para-toda-la-familia\\\/#primaryimage\"},\"image\":{\"@id\":\"https:\\\/\\\/cerezadeljerte.org\\\/en\\\/verano-en-el-valle-del-jerte-para-toda-la-familia\\\/#primaryimage\"},\"thumbnailUrl\":\"https:\\\/\\\/cerezadeljerte.org\\\/wp-content\\\/uploads\\\/2017\\\/06\\\/Verano-en-el-Valle-del-Jerte.jpg\",\"datePublished\":\"2017-06-06T19:08:46+00:00\",\"dateModified\":\"2025-02-11T22:19:34+00:00\",\"description\":\"\u00bfPensando en pasar el verano en el Valle del Jerte? Estas son algunas de las actividades y paisajes que podr\u00e1s disfrutar en este destino.\",\"breadcrumb\":{\"@id\":\"https:\\\/\\\/cerezadeljerte.org\\\/en\\\/verano-en-el-valle-del-jerte-para-toda-la-familia\\\/#breadcrumb\"},\"inLanguage\":\"en-US\",\"potentialAction\":[{\"@type\":\"ReadAction\",\"target\":[\"https:\\\/\\\/cerezadeljerte.org\\\/en\\\/verano-en-el-valle-del-jerte-para-toda-la-familia\\\/\"]}]},{\"@type\":\"ImageObject\",\"inLanguage\":\"en-US\",\"@id\":\"https:\\\/\\\/cerezadeljerte.org\\\/en\\\/verano-en-el-valle-del-jerte-para-toda-la-familia\\\/#primaryimage\",\"url\":\"https:\\\/\\\/cerezadeljerte.org\\\/wp-content\\\/uploads\\\/2017\\\/06\\\/Verano-en-el-Valle-del-Jerte.jpg\",\"contentUrl\":\"https:\\\/\\\/cerezadeljerte.org\\\/wp-content\\\/uploads\\\/2017\\\/06\\\/Verano-en-el-Valle-del-Jerte.jpg\",\"width\":733,\"height\":477,\"caption\":\"Plasencia, Spain - May 17, 2015: A young traveler enjoying the view of the Valle del Jerte. Garganta de Marta. Caceres, Extremadura. Spain.\"},{\"@type\":\"BreadcrumbList\",\"@id\":\"https:\\\/\\\/cerezadeljerte.org\\\/en\\\/verano-en-el-valle-del-jerte-para-toda-la-familia\\\/#breadcrumb\",\"itemListElement\":[{\"@type\":\"ListItem\",\"position\":1,\"name\":\"Portada\",\"item\":\"https:\\\/\\\/cerezadeljerte.org\\\/en\\\/\"},{\"@type\":\"ListItem\",\"position\":2,\"name\":\"Verano en el Valle del Jerte para toda la familia\"}]},{\"@type\":\"WebSite\",\"@id\":\"https:\\\/\\\/cerezadeljerte.org\\\/en\\\/#website\",\"url\":\"https:\\\/\\\/cerezadeljerte.org\\\/en\\\/\",\"name\":\"cerezadeljerte.org\",\"description\":\"you\u2019re great, little one\",\"publisher\":{\"@id\":\"https:\\\/\\\/cerezadeljerte.org\\\/en\\\/#organization\"},\"alternateName\":\"Denominaci\u00f3n de Origen de Cereza del Jerte\",\"potentialAction\":[{\"@type\":\"SearchAction\",\"target\":{\"@type\":\"EntryPoint\",\"urlTemplate\":\"https:\\\/\\\/cerezadeljerte.org\\\/en\\\/?s={search_term_string}\"},\"query-input\":{\"@type\":\"PropertyValueSpecification\",\"valueRequired\":true,\"valueName\":\"search_term_string\"}}],\"inLanguage\":\"en-US\"},{\"@type\":\"Organization\",\"@id\":\"https:\\\/\\\/cerezadeljerte.org\\\/en\\\/#organization\",\"name\":\"cerezadeljerte.org\",\"alternateName\":\"Denominaci\u00f3n de Origen Cereza del Jerte\",\"url\":\"https:\\\/\\\/cerezadeljerte.org\\\/en\\\/\",\"logo\":{\"@type\":\"ImageObject\",\"inLanguage\":\"en-US\",\"@id\":\"https:\\\/\\\/cerezadeljerte.org\\\/en\\\/#\\\/schema\\\/logo\\\/image\\\/\",\"url\":\"https:\\\/\\\/cerezadeljerte.org\\\/wp-content\\\/uploads\\\/2024\\\/05\\\/CONSEJO-REGULADOR-D.O.P_p.png\",\"contentUrl\":\"https:\\\/\\\/cerezadeljerte.org\\\/wp-content\\\/uploads\\\/2024\\\/05\\\/CONSEJO-REGULADOR-D.O.P_p.png\",\"width\":550,\"height\":219,\"caption\":\"cerezadeljerte.org\"},\"image\":{\"@id\":\"https:\\\/\\\/cerezadeljerte.org\\\/en\\\/#\\\/schema\\\/logo\\\/image\\\/\"},\"sameAs\":[\"https:\\\/\\\/m.facebook.com\\\/PICOTADELJERTE\\\/\",\"https:\\\/\\\/x.com\\\/CEREZADELJERTE\"]},{\"@type\":\"Person\",\"@id\":\"https:\\\/\\\/cerezadeljerte.org\\\/en\\\/#\\\/schema\\\/person\\\/db07785007f349f8eeb003c8f96d3a63\",\"name\":\"Picota\",\"image\":{\"@type\":\"ImageObject\",\"inLanguage\":\"en-US\",\"@id\":\"https:\\\/\\\/secure.gravatar.com\\\/avatar\\\/ee24ef6a3b49d093f6bd594b1bdd386106677c83a47a3907489168695fab5834?s=96&d=mm&r=g\",\"url\":\"https:\\\/\\\/secure.gravatar.com\\\/avatar\\\/ee24ef6a3b49d093f6bd594b1bdd386106677c83a47a3907489168695fab5834?s=96&d=mm&r=g\",\"contentUrl\":\"https:\\\/\\\/secure.gravatar.com\\\/avatar\\\/ee24ef6a3b49d093f6bd594b1bdd386106677c83a47a3907489168695fab5834?s=96&d=mm&r=g\",\"caption\":\"Picota\"},\"url\":\"https:\\\/\\\/cerezadeljerte.org\\\/en\\\/author\\\/picota\\\/\"}]}<\/script>\n<!-- \/ Yoast SEO Premium plugin. -->","yoast_head_json":{"title":"Verano en el Valle del Jerte. Para disfrutar en familia","description":"\u00bfPensando en pasar el verano en el Valle del Jerte? Estas son algunas de las actividades y paisajes que podr\u00e1s disfrutar en este destino.","robots":{"index":"index","follow":"follow","max-snippet":"max-snippet:-1","max-image-preview":"max-image-preview:large","max-video-preview":"max-video-preview:-1"},"canonical":"https:\/\/cerezadeljerte.org\/en\/verano-en-el-valle-del-jerte-para-toda-la-familia\/","og_locale":"en_US","og_type":"article","og_title":"Verano en el Valle del Jerte para toda la familia","og_description":"\u00bfPensando en pasar el verano en el Valle del Jerte? Estas son algunas de las actividades y paisajes que podr\u00e1s disfrutar en este destino.","og_url":"https:\/\/cerezadeljerte.org\/en\/verano-en-el-valle-del-jerte-para-toda-la-familia\/","og_site_name":"cerezadeljerte.org","article_publisher":"https:\/\/m.facebook.com\/PICOTADELJERTE\/","article_published_time":"2017-06-06T19:08:46+00:00","article_modified_time":"2025-02-11T22:19:34+00:00","og_image":[{"width":733,"height":477,"url":"https:\/\/cerezadeljerte.org\/wp-content\/uploads\/2017\/06\/Verano-en-el-Valle-del-Jerte.jpg","type":"image\/jpeg"}],"author":"Picota","twitter_card":"summary_large_image","twitter_creator":"@CEREZADELJERTE","twitter_site":"@CEREZADELJERTE","schema":{"@context":"https:\/\/schema.org","@graph":[{"@type":"Article","@id":"https:\/\/cerezadeljerte.org\/en\/verano-en-el-valle-del-jerte-para-toda-la-familia\/#article","isPartOf":{"@id":"https:\/\/cerezadeljerte.org\/en\/verano-en-el-valle-del-jerte-para-toda-la-familia\/"},"author":{"name":"Picota","@id":"https:\/\/cerezadeljerte.org\/en\/#\/schema\/person\/db07785007f349f8eeb003c8f96d3a63"},"headline":"Verano en el Valle del Jerte para toda la familia","datePublished":"2017-06-06T19:08:46+00:00","dateModified":"2025-02-11T22:19:34+00:00","mainEntityOfPage":{"@id":"https:\/\/cerezadeljerte.org\/en\/verano-en-el-valle-del-jerte-para-toda-la-familia\/"},"wordCount":437,"publisher":{"@id":"https:\/\/cerezadeljerte.org\/en\/#organization"},"image":{"@id":"https:\/\/cerezadeljerte.org\/en\/verano-en-el-valle-del-jerte-para-toda-la-familia\/#primaryimage"},"thumbnailUrl":"https:\/\/cerezadeljerte.org\/wp-content\/uploads\/2017\/06\/Verano-en-el-Valle-del-Jerte.jpg","articleSection":["blog es"],"inLanguage":"en-US"},{"@type":"WebPage","@id":"https:\/\/cerezadeljerte.org\/en\/verano-en-el-valle-del-jerte-para-toda-la-familia\/","url":"https:\/\/cerezadeljerte.org\/en\/verano-en-el-valle-del-jerte-para-toda-la-familia\/","name":"Verano en el Valle del Jerte. Para disfrutar en familia","isPartOf":{"@id":"https:\/\/cerezadeljerte.org\/en\/#website"},"primaryImageOfPage":{"@id":"https:\/\/cerezadeljerte.org\/en\/verano-en-el-valle-del-jerte-para-toda-la-familia\/#primaryimage"},"image":{"@id":"https:\/\/cerezadeljerte.org\/en\/verano-en-el-valle-del-jerte-para-toda-la-familia\/#primaryimage"},"thumbnailUrl":"https:\/\/cerezadeljerte.org\/wp-content\/uploads\/2017\/06\/Verano-en-el-Valle-del-Jerte.jpg","datePublished":"2017-06-06T19:08:46+00:00","dateModified":"2025-02-11T22:19:34+00:00","description":"\u00bfPensando en pasar el verano en el Valle del Jerte? Estas son algunas de las actividades y paisajes que podr\u00e1s disfrutar en este destino.","breadcrumb":{"@id":"https:\/\/cerezadeljerte.org\/en\/verano-en-el-valle-del-jerte-para-toda-la-familia\/#breadcrumb"},"inLanguage":"en-US","potentialAction":[{"@type":"ReadAction","target":["https:\/\/cerezadeljerte.org\/en\/verano-en-el-valle-del-jerte-para-toda-la-familia\/"]}]},{"@type":"ImageObject","inLanguage":"en-US","@id":"https:\/\/cerezadeljerte.org\/en\/verano-en-el-valle-del-jerte-para-toda-la-familia\/#primaryimage","url":"https:\/\/cerezadeljerte.org\/wp-content\/uploads\/2017\/06\/Verano-en-el-Valle-del-Jerte.jpg","contentUrl":"https:\/\/cerezadeljerte.org\/wp-content\/uploads\/2017\/06\/Verano-en-el-Valle-del-Jerte.jpg","width":733,"height":477,"caption":"Plasencia, Spain - May 17, 2015: A young traveler enjoying the view of the Valle del Jerte. Garganta de Marta. Caceres, Extremadura. Spain."},{"@type":"BreadcrumbList","@id":"https:\/\/cerezadeljerte.org\/en\/verano-en-el-valle-del-jerte-para-toda-la-familia\/#breadcrumb","itemListElement":[{"@type":"ListItem","position":1,"name":"Portada","item":"https:\/\/cerezadeljerte.org\/en\/"},{"@type":"ListItem","position":2,"name":"Verano en el Valle del Jerte para toda la familia"}]},{"@type":"WebSite","@id":"https:\/\/cerezadeljerte.org\/en\/#website","url":"https:\/\/cerezadeljerte.org\/en\/","name":"cerezadeljerte.org","description":"you\u2019re great, little one","publisher":{"@id":"https:\/\/cerezadeljerte.org\/en\/#organization"},"alternateName":"Denominaci\u00f3n de Origen de Cereza del Jerte","potentialAction":[{"@type":"SearchAction","target":{"@type":"EntryPoint","urlTemplate":"https:\/\/cerezadeljerte.org\/en\/?s={search_term_string}"},"query-input":{"@type":"PropertyValueSpecification","valueRequired":true,"valueName":"search_term_string"}}],"inLanguage":"en-US"},{"@type":"Organization","@id":"https:\/\/cerezadeljerte.org\/en\/#organization","name":"cerezadeljerte.org","alternateName":"Denominaci\u00f3n de Origen Cereza del Jerte","url":"https:\/\/cerezadeljerte.org\/en\/","logo":{"@type":"ImageObject","inLanguage":"en-US","@id":"https:\/\/cerezadeljerte.org\/en\/#\/schema\/logo\/image\/","url":"https:\/\/cerezadeljerte.org\/wp-content\/uploads\/2024\/05\/CONSEJO-REGULADOR-D.O.P_p.png","contentUrl":"https:\/\/cerezadeljerte.org\/wp-content\/uploads\/2024\/05\/CONSEJO-REGULADOR-D.O.P_p.png","width":550,"height":219,"caption":"cerezadeljerte.org"},"image":{"@id":"https:\/\/cerezadeljerte.org\/en\/#\/schema\/logo\/image\/"},"sameAs":["https:\/\/m.facebook.com\/PICOTADELJERTE\/","https:\/\/x.com\/CEREZADELJERTE"]},{"@type":"Person","@id":"https:\/\/cerezadeljerte.org\/en\/#\/schema\/person\/db07785007f349f8eeb003c8f96d3a63","name":"Picota","image":{"@type":"ImageObject","inLanguage":"en-US","@id":"https:\/\/secure.gravatar.com\/avatar\/ee24ef6a3b49d093f6bd594b1bdd386106677c83a47a3907489168695fab5834?s=96&d=mm&r=g","url":"https:\/\/secure.gravatar.com\/avatar\/ee24ef6a3b49d093f6bd594b1bdd386106677c83a47a3907489168695fab5834?s=96&d=mm&r=g","contentUrl":"https:\/\/secure.gravatar.com\/avatar\/ee24ef6a3b49d093f6bd594b1bdd386106677c83a47a3907489168695fab5834?s=96&d=mm&r=g","caption":"Picota"},"url":"https:\/\/cerezadeljerte.org\/en\/author\/picota\/"}]}},"_links":{"self":[{"href":"https:\/\/cerezadeljerte.org\/en\/wp-json\/wp\/v2\/posts\/20143","targetHints":{"allow":["GET"]}}],"collection":[{"href":"https:\/\/cerezadeljerte.org\/en\/wp-json\/wp\/v2\/posts"}],"about":[{"href":"https:\/\/cerezadeljerte.org\/en\/wp-json\/wp\/v2\/types\/post"}],"author":[{"embeddable":true,"href":"https:\/\/cerezadeljerte.org\/en\/wp-json\/wp\/v2\/users\/2"}],"replies":[{"embeddable":true,"href":"https:\/\/cerezadeljerte.org\/en\/wp-json\/wp\/v2\/comments?post=20143"}],"version-history":[{"count":1,"href":"https:\/\/cerezadeljerte.org\/en\/wp-json\/wp\/v2\/posts\/20143\/revisions"}],"predecessor-version":[{"id":25075,"href":"https:\/\/cerezadeljerte.org\/en\/wp-json\/wp\/v2\/posts\/20143\/revisions\/25075"}],"wp:featuredmedia":[{"embeddable":true,"href":"https:\/\/cerezadeljerte.org\/en\/wp-json\/wp\/v2\/media\/20144"}],"wp:attachment":[{"href":"https:\/\/cerezadeljerte.org\/en\/wp-json\/wp\/v2\/media?parent=20143"}],"wp:term":[{"taxonomy":"category","embeddable":true,"href":"https:\/\/cerezadeljerte.org\/en\/wp-json\/wp\/v2\/categories?post=20143"},{"taxonomy":"post_tag","embeddable":true,"href":"https:\/\/cerezadeljerte.org\/en\/wp-json\/wp\/v2\/tags?post=20143"}],"curies":[{"name":"wp","href":"https:\/\/api.w.org\/{rel}","templated":true}]}}