{"id":20142,"date":"2017-06-12T20:23:59","date_gmt":"2017-06-12T18:23:59","guid":{"rendered":"http:\/\/cerezadeljerte.org\/?p=9111\/"},"modified":"2025-02-11T23:19:34","modified_gmt":"2025-02-11T22:19:34","slug":"la-dop-cereza-del-jerte-participa-en-la-frutoteca-itinerante","status":"publish","type":"post","link":"https:\/\/cerezadeljerte.org\/en\/la-dop-cereza-del-jerte-participa-en-la-frutoteca-itinerante\/","title":{"rendered":"La DOP Cereza del Jerte participa en la Frutoteca Itinerante"},"content":{"rendered":"<ul>\n<li><strong>Unos 800 estudiantes participar\u00e1n en la actividad para conocer el recorrido de la cereza del campo a la mesa<\/strong><\/li>\n<\/ul>\n<p>Del 12 al 21 de junio, el <strong>Consejo Regulador de la Denominaci\u00f3n de Origen Protegida Cereza del Jerte<\/strong>,<strong> La Caixa<\/strong> y la <a href=\"http:\/\/www.5aldia.org\/contenido-s.php?ro=931&amp;sm=1039&amp;ag=10452&amp;co=6810&amp;pg=1\"><strong>Asociaci\u00f3n 5 al D\u00eda<\/strong><\/a> organizan la <strong>FRUTOTECA<\/strong> que recorrer\u00e1 los colegios del Valle del Jerte y visitar\u00e1n 800 escolares.<\/p>\n<p>Los alumnos ver\u00e1n el recorrido de las frutas y hortalizas <strong>con im\u00e1genes en 3D y 360\u00ba<\/strong> para transportarles al lugar donde se realiza la acci\u00f3n. Aprender el camino que recorren las frutas y las hortalizas, conocer todos los eslabones de la cadena del sector hortofrut\u00edcola, fomentar h\u00e1bitos de vida saludables y concienciar a los m\u00e1s peque\u00f1os, son los objetivos de la Frutoteca Itinerante.<\/p>\n<p>Adem\u00e1s, dentro de la Frutoteca Intinerante, el Consejo Regulador les ense\u00f1ar\u00e1 lo que es un producto con Denominaci\u00f3n de Origen y la diferencia que hay entre Cereza y Picota del Jerte.<\/p>\n","protected":false},"excerpt":{"rendered":"<p>Unos 800 estudiantes participar\u00e1n en la actividad para conocer el recorrido de la cereza del campo a la mesa Del 12 al 21 de junio, el Consejo Regulador de la Denominaci\u00f3n de Origen Protegida Cereza del Jerte, La Caixa y la Asociaci\u00f3n 5 al D\u00eda organizan la FRUTOTECA que recorrer\u00e1 los colegios del Valle del [&hellip;]<\/p>\n","protected":false},"author":2,"featured_media":19395,"comment_status":"closed","ping_status":"open","sticky":false,"template":"","format":"standard","meta":{"footnotes":""},"categories":[1101],"tags":[],"class_list":["post-20142","post","type-post","status-publish","format-standard","has-post-thumbnail","hentry","category-blog-es"],"yoast_head":"<!-- This site is optimized with the Yoast SEO Premium plugin v25.0 (Yoast SEO v27.4) - https:\/\/yoast.com\/product\/yoast-seo-premium-wordpress\/ -->\n<title>La DOP Cereza del Jerte participa en la Frutoteca Itinerante<\/title>\n<meta name=\"description\" content=\"Del 12 al 21 de junio, el Consejo Regulador de la DOP Cereza del Jerte, La Caixa y la Asociaci\u00f3n 5 al D\u00eda organizan la Frutoteca itinerante.\" \/>\n<meta name=\"robots\" content=\"index, follow, max-snippet:-1, max-image-preview:large, max-video-preview:-1\" \/>\n<link rel=\"canonical\" href=\"https:\/\/cerezadeljerte.org\/en\/la-dop-cereza-del-jerte-participa-en-la-frutoteca-itinerante\/\" \/>\n<meta property=\"og:locale\" content=\"en_US\" \/>\n<meta property=\"og:type\" content=\"article\" \/>\n<meta property=\"og:title\" content=\"La DOP Cereza del Jerte participa en la Frutoteca Itinerante\" \/>\n<meta property=\"og:description\" content=\"Del 12 al 21 de junio, el Consejo Regulador de la DOP Cereza del Jerte, La Caixa y la Asociaci\u00f3n 5 al D\u00eda organizan la Frutoteca itinerante.\" \/>\n<meta property=\"og:url\" content=\"https:\/\/cerezadeljerte.org\/en\/la-dop-cereza-del-jerte-participa-en-la-frutoteca-itinerante\/\" \/>\n<meta property=\"og:site_name\" content=\"cerezadeljerte.org\" \/>\n<meta property=\"article:publisher\" content=\"https:\/\/m.facebook.com\/PICOTADELJERTE\/\" \/>\n<meta property=\"article:published_time\" content=\"2017-06-12T18:23:59+00:00\" \/>\n<meta property=\"article:modified_time\" content=\"2025-02-11T22:19:34+00:00\" \/>\n<meta property=\"og:image\" content=\"https:\/\/cerezadeljerte.org\/wp-content\/uploads\/2017\/06\/DSC_0281-copia.jpg\" \/>\n\t<meta property=\"og:image:width\" content=\"681\" \/>\n\t<meta property=\"og:image:height\" content=\"1024\" \/>\n\t<meta property=\"og:image:type\" content=\"image\/jpeg\" \/>\n<meta name=\"author\" content=\"Picota\" \/>\n<meta name=\"twitter:card\" content=\"summary_large_image\" \/>\n<meta name=\"twitter:creator\" content=\"@CEREZADELJERTE\" \/>\n<meta name=\"twitter:site\" content=\"@CEREZADELJERTE\" \/>\n<script type=\"application\/ld+json\" class=\"yoast-schema-graph\">{\"@context\":\"https:\\\/\\\/schema.org\",\"@graph\":[{\"@type\":\"Article\",\"@id\":\"https:\\\/\\\/cerezadeljerte.org\\\/en\\\/la-dop-cereza-del-jerte-participa-en-la-frutoteca-itinerante\\\/#article\",\"isPartOf\":{\"@id\":\"https:\\\/\\\/cerezadeljerte.org\\\/en\\\/la-dop-cereza-del-jerte-participa-en-la-frutoteca-itinerante\\\/\"},\"author\":{\"name\":\"Picota\",\"@id\":\"https:\\\/\\\/cerezadeljerte.org\\\/en\\\/#\\\/schema\\\/person\\\/db07785007f349f8eeb003c8f96d3a63\"},\"headline\":\"La DOP Cereza del Jerte participa en la Frutoteca Itinerante\",\"datePublished\":\"2017-06-12T18:23:59+00:00\",\"dateModified\":\"2025-02-11T22:19:34+00:00\",\"mainEntityOfPage\":{\"@id\":\"https:\\\/\\\/cerezadeljerte.org\\\/en\\\/la-dop-cereza-del-jerte-participa-en-la-frutoteca-itinerante\\\/\"},\"wordCount\":173,\"publisher\":{\"@id\":\"https:\\\/\\\/cerezadeljerte.org\\\/en\\\/#organization\"},\"image\":{\"@id\":\"https:\\\/\\\/cerezadeljerte.org\\\/en\\\/la-dop-cereza-del-jerte-participa-en-la-frutoteca-itinerante\\\/#primaryimage\"},\"thumbnailUrl\":\"https:\\\/\\\/cerezadeljerte.org\\\/wp-content\\\/uploads\\\/2017\\\/06\\\/DSC_0281-copia.jpg\",\"articleSection\":[\"blog es\"],\"inLanguage\":\"en-US\"},{\"@type\":\"WebPage\",\"@id\":\"https:\\\/\\\/cerezadeljerte.org\\\/en\\\/la-dop-cereza-del-jerte-participa-en-la-frutoteca-itinerante\\\/\",\"url\":\"https:\\\/\\\/cerezadeljerte.org\\\/en\\\/la-dop-cereza-del-jerte-participa-en-la-frutoteca-itinerante\\\/\",\"name\":\"La DOP Cereza del Jerte participa en la Frutoteca Itinerante\",\"isPartOf\":{\"@id\":\"https:\\\/\\\/cerezadeljerte.org\\\/en\\\/#website\"},\"primaryImageOfPage\":{\"@id\":\"https:\\\/\\\/cerezadeljerte.org\\\/en\\\/la-dop-cereza-del-jerte-participa-en-la-frutoteca-itinerante\\\/#primaryimage\"},\"image\":{\"@id\":\"https:\\\/\\\/cerezadeljerte.org\\\/en\\\/la-dop-cereza-del-jerte-participa-en-la-frutoteca-itinerante\\\/#primaryimage\"},\"thumbnailUrl\":\"https:\\\/\\\/cerezadeljerte.org\\\/wp-content\\\/uploads\\\/2017\\\/06\\\/DSC_0281-copia.jpg\",\"datePublished\":\"2017-06-12T18:23:59+00:00\",\"dateModified\":\"2025-02-11T22:19:34+00:00\",\"description\":\"Del 12 al 21 de junio, el Consejo Regulador de la DOP Cereza del Jerte, La Caixa y la Asociaci\u00f3n 5 al D\u00eda organizan la Frutoteca itinerante.\",\"breadcrumb\":{\"@id\":\"https:\\\/\\\/cerezadeljerte.org\\\/en\\\/la-dop-cereza-del-jerte-participa-en-la-frutoteca-itinerante\\\/#breadcrumb\"},\"inLanguage\":\"en-US\",\"potentialAction\":[{\"@type\":\"ReadAction\",\"target\":[\"https:\\\/\\\/cerezadeljerte.org\\\/en\\\/la-dop-cereza-del-jerte-participa-en-la-frutoteca-itinerante\\\/\"]}]},{\"@type\":\"ImageObject\",\"inLanguage\":\"en-US\",\"@id\":\"https:\\\/\\\/cerezadeljerte.org\\\/en\\\/la-dop-cereza-del-jerte-participa-en-la-frutoteca-itinerante\\\/#primaryimage\",\"url\":\"https:\\\/\\\/cerezadeljerte.org\\\/wp-content\\\/uploads\\\/2017\\\/06\\\/DSC_0281-copia.jpg\",\"contentUrl\":\"https:\\\/\\\/cerezadeljerte.org\\\/wp-content\\\/uploads\\\/2017\\\/06\\\/DSC_0281-copia.jpg\",\"width\":681,\"height\":1024},{\"@type\":\"BreadcrumbList\",\"@id\":\"https:\\\/\\\/cerezadeljerte.org\\\/en\\\/la-dop-cereza-del-jerte-participa-en-la-frutoteca-itinerante\\\/#breadcrumb\",\"itemListElement\":[{\"@type\":\"ListItem\",\"position\":1,\"name\":\"Portada\",\"item\":\"https:\\\/\\\/cerezadeljerte.org\\\/en\\\/\"},{\"@type\":\"ListItem\",\"position\":2,\"name\":\"La DOP Cereza del Jerte participa en la Frutoteca Itinerante\"}]},{\"@type\":\"WebSite\",\"@id\":\"https:\\\/\\\/cerezadeljerte.org\\\/en\\\/#website\",\"url\":\"https:\\\/\\\/cerezadeljerte.org\\\/en\\\/\",\"name\":\"cerezadeljerte.org\",\"description\":\"you\u2019re great, little one\",\"publisher\":{\"@id\":\"https:\\\/\\\/cerezadeljerte.org\\\/en\\\/#organization\"},\"alternateName\":\"Denominaci\u00f3n de Origen de Cereza del Jerte\",\"potentialAction\":[{\"@type\":\"SearchAction\",\"target\":{\"@type\":\"EntryPoint\",\"urlTemplate\":\"https:\\\/\\\/cerezadeljerte.org\\\/en\\\/?s={search_term_string}\"},\"query-input\":{\"@type\":\"PropertyValueSpecification\",\"valueRequired\":true,\"valueName\":\"search_term_string\"}}],\"inLanguage\":\"en-US\"},{\"@type\":\"Organization\",\"@id\":\"https:\\\/\\\/cerezadeljerte.org\\\/en\\\/#organization\",\"name\":\"cerezadeljerte.org\",\"alternateName\":\"Denominaci\u00f3n de Origen Cereza del Jerte\",\"url\":\"https:\\\/\\\/cerezadeljerte.org\\\/en\\\/\",\"logo\":{\"@type\":\"ImageObject\",\"inLanguage\":\"en-US\",\"@id\":\"https:\\\/\\\/cerezadeljerte.org\\\/en\\\/#\\\/schema\\\/logo\\\/image\\\/\",\"url\":\"https:\\\/\\\/cerezadeljerte.org\\\/wp-content\\\/uploads\\\/2024\\\/05\\\/CONSEJO-REGULADOR-D.O.P_p.png\",\"contentUrl\":\"https:\\\/\\\/cerezadeljerte.org\\\/wp-content\\\/uploads\\\/2024\\\/05\\\/CONSEJO-REGULADOR-D.O.P_p.png\",\"width\":550,\"height\":219,\"caption\":\"cerezadeljerte.org\"},\"image\":{\"@id\":\"https:\\\/\\\/cerezadeljerte.org\\\/en\\\/#\\\/schema\\\/logo\\\/image\\\/\"},\"sameAs\":[\"https:\\\/\\\/m.facebook.com\\\/PICOTADELJERTE\\\/\",\"https:\\\/\\\/x.com\\\/CEREZADELJERTE\"]},{\"@type\":\"Person\",\"@id\":\"https:\\\/\\\/cerezadeljerte.org\\\/en\\\/#\\\/schema\\\/person\\\/db07785007f349f8eeb003c8f96d3a63\",\"name\":\"Picota\",\"image\":{\"@type\":\"ImageObject\",\"inLanguage\":\"en-US\",\"@id\":\"https:\\\/\\\/secure.gravatar.com\\\/avatar\\\/ee24ef6a3b49d093f6bd594b1bdd386106677c83a47a3907489168695fab5834?s=96&d=mm&r=g\",\"url\":\"https:\\\/\\\/secure.gravatar.com\\\/avatar\\\/ee24ef6a3b49d093f6bd594b1bdd386106677c83a47a3907489168695fab5834?s=96&d=mm&r=g\",\"contentUrl\":\"https:\\\/\\\/secure.gravatar.com\\\/avatar\\\/ee24ef6a3b49d093f6bd594b1bdd386106677c83a47a3907489168695fab5834?s=96&d=mm&r=g\",\"caption\":\"Picota\"},\"url\":\"https:\\\/\\\/cerezadeljerte.org\\\/en\\\/author\\\/picota\\\/\"}]}<\/script>\n<!-- \/ Yoast SEO Premium plugin. -->","yoast_head_json":{"title":"La DOP Cereza del Jerte participa en la Frutoteca Itinerante","description":"Del 12 al 21 de junio, el Consejo Regulador de la DOP Cereza del Jerte, La Caixa y la Asociaci\u00f3n 5 al D\u00eda organizan la Frutoteca itinerante.","robots":{"index":"index","follow":"follow","max-snippet":"max-snippet:-1","max-image-preview":"max-image-preview:large","max-video-preview":"max-video-preview:-1"},"canonical":"https:\/\/cerezadeljerte.org\/en\/la-dop-cereza-del-jerte-participa-en-la-frutoteca-itinerante\/","og_locale":"en_US","og_type":"article","og_title":"La DOP Cereza del Jerte participa en la Frutoteca Itinerante","og_description":"Del 12 al 21 de junio, el Consejo Regulador de la DOP Cereza del Jerte, La Caixa y la Asociaci\u00f3n 5 al D\u00eda organizan la Frutoteca itinerante.","og_url":"https:\/\/cerezadeljerte.org\/en\/la-dop-cereza-del-jerte-participa-en-la-frutoteca-itinerante\/","og_site_name":"cerezadeljerte.org","article_publisher":"https:\/\/m.facebook.com\/PICOTADELJERTE\/","article_published_time":"2017-06-12T18:23:59+00:00","article_modified_time":"2025-02-11T22:19:34+00:00","og_image":[{"width":681,"height":1024,"url":"https:\/\/cerezadeljerte.org\/wp-content\/uploads\/2017\/06\/DSC_0281-copia.jpg","type":"image\/jpeg"}],"author":"Picota","twitter_card":"summary_large_image","twitter_creator":"@CEREZADELJERTE","twitter_site":"@CEREZADELJERTE","schema":{"@context":"https:\/\/schema.org","@graph":[{"@type":"Article","@id":"https:\/\/cerezadeljerte.org\/en\/la-dop-cereza-del-jerte-participa-en-la-frutoteca-itinerante\/#article","isPartOf":{"@id":"https:\/\/cerezadeljerte.org\/en\/la-dop-cereza-del-jerte-participa-en-la-frutoteca-itinerante\/"},"author":{"name":"Picota","@id":"https:\/\/cerezadeljerte.org\/en\/#\/schema\/person\/db07785007f349f8eeb003c8f96d3a63"},"headline":"La DOP Cereza del Jerte participa en la Frutoteca Itinerante","datePublished":"2017-06-12T18:23:59+00:00","dateModified":"2025-02-11T22:19:34+00:00","mainEntityOfPage":{"@id":"https:\/\/cerezadeljerte.org\/en\/la-dop-cereza-del-jerte-participa-en-la-frutoteca-itinerante\/"},"wordCount":173,"publisher":{"@id":"https:\/\/cerezadeljerte.org\/en\/#organization"},"image":{"@id":"https:\/\/cerezadeljerte.org\/en\/la-dop-cereza-del-jerte-participa-en-la-frutoteca-itinerante\/#primaryimage"},"thumbnailUrl":"https:\/\/cerezadeljerte.org\/wp-content\/uploads\/2017\/06\/DSC_0281-copia.jpg","articleSection":["blog es"],"inLanguage":"en-US"},{"@type":"WebPage","@id":"https:\/\/cerezadeljerte.org\/en\/la-dop-cereza-del-jerte-participa-en-la-frutoteca-itinerante\/","url":"https:\/\/cerezadeljerte.org\/en\/la-dop-cereza-del-jerte-participa-en-la-frutoteca-itinerante\/","name":"La DOP Cereza del Jerte participa en la Frutoteca Itinerante","isPartOf":{"@id":"https:\/\/cerezadeljerte.org\/en\/#website"},"primaryImageOfPage":{"@id":"https:\/\/cerezadeljerte.org\/en\/la-dop-cereza-del-jerte-participa-en-la-frutoteca-itinerante\/#primaryimage"},"image":{"@id":"https:\/\/cerezadeljerte.org\/en\/la-dop-cereza-del-jerte-participa-en-la-frutoteca-itinerante\/#primaryimage"},"thumbnailUrl":"https:\/\/cerezadeljerte.org\/wp-content\/uploads\/2017\/06\/DSC_0281-copia.jpg","datePublished":"2017-06-12T18:23:59+00:00","dateModified":"2025-02-11T22:19:34+00:00","description":"Del 12 al 21 de junio, el Consejo Regulador de la DOP Cereza del Jerte, La Caixa y la Asociaci\u00f3n 5 al D\u00eda organizan la Frutoteca itinerante.","breadcrumb":{"@id":"https:\/\/cerezadeljerte.org\/en\/la-dop-cereza-del-jerte-participa-en-la-frutoteca-itinerante\/#breadcrumb"},"inLanguage":"en-US","potentialAction":[{"@type":"ReadAction","target":["https:\/\/cerezadeljerte.org\/en\/la-dop-cereza-del-jerte-participa-en-la-frutoteca-itinerante\/"]}]},{"@type":"ImageObject","inLanguage":"en-US","@id":"https:\/\/cerezadeljerte.org\/en\/la-dop-cereza-del-jerte-participa-en-la-frutoteca-itinerante\/#primaryimage","url":"https:\/\/cerezadeljerte.org\/wp-content\/uploads\/2017\/06\/DSC_0281-copia.jpg","contentUrl":"https:\/\/cerezadeljerte.org\/wp-content\/uploads\/2017\/06\/DSC_0281-copia.jpg","width":681,"height":1024},{"@type":"BreadcrumbList","@id":"https:\/\/cerezadeljerte.org\/en\/la-dop-cereza-del-jerte-participa-en-la-frutoteca-itinerante\/#breadcrumb","itemListElement":[{"@type":"ListItem","position":1,"name":"Portada","item":"https:\/\/cerezadeljerte.org\/en\/"},{"@type":"ListItem","position":2,"name":"La DOP Cereza del Jerte participa en la Frutoteca Itinerante"}]},{"@type":"WebSite","@id":"https:\/\/cerezadeljerte.org\/en\/#website","url":"https:\/\/cerezadeljerte.org\/en\/","name":"cerezadeljerte.org","description":"you\u2019re great, little one","publisher":{"@id":"https:\/\/cerezadeljerte.org\/en\/#organization"},"alternateName":"Denominaci\u00f3n de Origen de Cereza del Jerte","potentialAction":[{"@type":"SearchAction","target":{"@type":"EntryPoint","urlTemplate":"https:\/\/cerezadeljerte.org\/en\/?s={search_term_string}"},"query-input":{"@type":"PropertyValueSpecification","valueRequired":true,"valueName":"search_term_string"}}],"inLanguage":"en-US"},{"@type":"Organization","@id":"https:\/\/cerezadeljerte.org\/en\/#organization","name":"cerezadeljerte.org","alternateName":"Denominaci\u00f3n de Origen Cereza del Jerte","url":"https:\/\/cerezadeljerte.org\/en\/","logo":{"@type":"ImageObject","inLanguage":"en-US","@id":"https:\/\/cerezadeljerte.org\/en\/#\/schema\/logo\/image\/","url":"https:\/\/cerezadeljerte.org\/wp-content\/uploads\/2024\/05\/CONSEJO-REGULADOR-D.O.P_p.png","contentUrl":"https:\/\/cerezadeljerte.org\/wp-content\/uploads\/2024\/05\/CONSEJO-REGULADOR-D.O.P_p.png","width":550,"height":219,"caption":"cerezadeljerte.org"},"image":{"@id":"https:\/\/cerezadeljerte.org\/en\/#\/schema\/logo\/image\/"},"sameAs":["https:\/\/m.facebook.com\/PICOTADELJERTE\/","https:\/\/x.com\/CEREZADELJERTE"]},{"@type":"Person","@id":"https:\/\/cerezadeljerte.org\/en\/#\/schema\/person\/db07785007f349f8eeb003c8f96d3a63","name":"Picota","image":{"@type":"ImageObject","inLanguage":"en-US","@id":"https:\/\/secure.gravatar.com\/avatar\/ee24ef6a3b49d093f6bd594b1bdd386106677c83a47a3907489168695fab5834?s=96&d=mm&r=g","url":"https:\/\/secure.gravatar.com\/avatar\/ee24ef6a3b49d093f6bd594b1bdd386106677c83a47a3907489168695fab5834?s=96&d=mm&r=g","contentUrl":"https:\/\/secure.gravatar.com\/avatar\/ee24ef6a3b49d093f6bd594b1bdd386106677c83a47a3907489168695fab5834?s=96&d=mm&r=g","caption":"Picota"},"url":"https:\/\/cerezadeljerte.org\/en\/author\/picota\/"}]}},"_links":{"self":[{"href":"https:\/\/cerezadeljerte.org\/en\/wp-json\/wp\/v2\/posts\/20142","targetHints":{"allow":["GET"]}}],"collection":[{"href":"https:\/\/cerezadeljerte.org\/en\/wp-json\/wp\/v2\/posts"}],"about":[{"href":"https:\/\/cerezadeljerte.org\/en\/wp-json\/wp\/v2\/types\/post"}],"author":[{"embeddable":true,"href":"https:\/\/cerezadeljerte.org\/en\/wp-json\/wp\/v2\/users\/2"}],"replies":[{"embeddable":true,"href":"https:\/\/cerezadeljerte.org\/en\/wp-json\/wp\/v2\/comments?post=20142"}],"version-history":[{"count":1,"href":"https:\/\/cerezadeljerte.org\/en\/wp-json\/wp\/v2\/posts\/20142\/revisions"}],"predecessor-version":[{"id":25074,"href":"https:\/\/cerezadeljerte.org\/en\/wp-json\/wp\/v2\/posts\/20142\/revisions\/25074"}],"wp:featuredmedia":[{"embeddable":true,"href":"https:\/\/cerezadeljerte.org\/en\/wp-json\/wp\/v2\/media\/19395"}],"wp:attachment":[{"href":"https:\/\/cerezadeljerte.org\/en\/wp-json\/wp\/v2\/media?parent=20142"}],"wp:term":[{"taxonomy":"category","embeddable":true,"href":"https:\/\/cerezadeljerte.org\/en\/wp-json\/wp\/v2\/categories?post=20142"},{"taxonomy":"post_tag","embeddable":true,"href":"https:\/\/cerezadeljerte.org\/en\/wp-json\/wp\/v2\/tags?post=20142"}],"curies":[{"name":"wp","href":"https:\/\/api.w.org\/{rel}","templated":true}]}}