{"id":20131,"date":"2017-06-20T15:11:09","date_gmt":"2017-06-20T13:11:09","guid":{"rendered":"http:\/\/cerezadeljerte.org\/?p=9158\/"},"modified":"2025-02-11T23:19:34","modified_gmt":"2025-02-11T22:19:34","slug":"salen-al-mercado-las-primeras-picotas-del-jerte-denominacion-origen-protegida","status":"publish","type":"post","link":"https:\/\/cerezadeljerte.org\/en\/salen-al-mercado-las-primeras-picotas-del-jerte-denominacion-origen-protegida\/","title":{"rendered":"Salen al mercado las primeras Picotas del Jerte con Denominaci\u00f3n de Origen Protegida"},"content":{"rendered":"<p>El Consejo Regulador de la Denominaci\u00f3n de Origen Protegida Cereza del Jerte ha comenzado <strong>a certificar las primeras Picotas<\/strong>\u00a0<strong>del Jerte<\/strong> de las cuatro variedades certificadas: Pico Lim\u00f3n Negro, Pico Negro, Pico Colorado y Ambrun\u00e9s, esta \u00faltima, la m\u00e1s apreciada por ser la que m\u00e1s tiempo madura en el \u00e1rbol al sol, y por tanto es la m\u00e1s dulce.<\/p>\n<p>El presidente del Consejo Regulador, <strong>Ignacio Montero<\/strong>, coment\u00f3 que \u201ceste a\u00f1o <strong>la campa\u00f1a de Picota viene adelantada<\/strong> en comparaci\u00f3n con los \u00faltimos a\u00f1os, lo que significa que ya tenemos un volumen considerable de producto, prevemos que este a\u00f1o recolectaremos entre <strong>8 y medio y 9 millones de kilos<\/strong>\u201d. \u201cLa Picota del Jerte de este a\u00f1o es de una excelente calidad porque este a\u00f1o el verano se ha adelantado y las condiciones climatol\u00f3gicas han sido las adecuadas\u201d, a\u00f1ade Montero.<\/p>\n<p>En el Valle del Jerte el <strong>cultivo de las cerezas se desempe\u00f1a de una manera natural<\/strong>, tradicional y sin aditivos, lo que consigue que las cerezas y picotas tengan un sabor \u00fanico y un alt\u00edsimo contenido en vitaminas, oligoelementos, flavonoides, etc. Tras una cuidadosa selecci\u00f3n a pie de \u00e1rbol, de acuerdo a un riguroso control de calidad, s\u00f3lo las mejores se identifican con el sello de la Denominaci\u00f3n de Origen Cereza del Jerte.<\/p>\n<p>Las Picotas del Jerte son <strong>un producto exclusivo<\/strong> que se distingue por su sabor y dulzura. Son las \u00fanicas que se desprenden del \u00e1rbol sin rabito, pero hay m\u00e1s caracter\u00edsticas que las diferencian del resto: su textura carnosa y m\u00e1s crujiente, su tama\u00f1o de un calibre de menor tama\u00f1o &#8211; comprende desde los 22 a los 26 mil\u00edmetros- y su sabor m\u00e1s dulce y su color. Su cultivo natural y su recogida y tratamiento tradicionales multiplican sus propiedades y permiten que lleguen a los mercados en el momento \u00f3ptimo para el consumo.<\/p>\n<p>Este producto cada vez est\u00e1 m\u00e1s demandado tanto en el mercado nacional como internacional, sobre todo en <strong>Alemania y en Reino Unido<\/strong>. El 70 por ciento de la producci\u00f3n de Picotas del Jerte se exporta.<\/p>\n<p>La m\u00e1xima calidad que garantiza la Denominaci\u00f3n de Origen Protegida Cereza del Jerte es muy f\u00e1cil de encontrar en cualquier fruter\u00eda gracias a la contraetiqueta que acompa\u00f1a cada caja de cerezas y picotas procedentes del Valle del Jerte.<\/p>\n","protected":false},"excerpt":{"rendered":"<p>El Consejo Regulador de la Denominaci\u00f3n de Origen Protegida Cereza del Jerte ha comenzado a certificar las primeras Picotas\u00a0del Jerte de las cuatro variedades certificadas: Pico Lim\u00f3n Negro, Pico Negro, Pico Colorado y Ambrun\u00e9s, esta \u00faltima, la m\u00e1s apreciada por ser la que m\u00e1s tiempo madura en el \u00e1rbol al sol, y por tanto es [&hellip;]<\/p>\n","protected":false},"author":2,"featured_media":20132,"comment_status":"closed","ping_status":"open","sticky":false,"template":"","format":"standard","meta":{"footnotes":""},"categories":[1101],"tags":[95],"class_list":["post-20131","post","type-post","status-publish","format-standard","has-post-thumbnail","hentry","category-blog-es","tag-picota-del-jerte"],"yoast_head":"<!-- This site is optimized with the Yoast SEO Premium plugin v25.0 (Yoast SEO v27.4) - https:\/\/yoast.com\/product\/yoast-seo-premium-wordpress\/ -->\n<title>Salen al mercado las primeras Picotas del Jerte con DOP<\/title>\n<meta name=\"description\" content=\"El Consejo Regulador de la DOP Cereza del Jerte ha comenzado a certificar las primeras Picotas: Pico Lim\u00f3n Negro, Pico Negro, Pico Colorado y Ambrun\u00e9s.\" \/>\n<meta name=\"robots\" content=\"index, follow, max-snippet:-1, max-image-preview:large, max-video-preview:-1\" \/>\n<link rel=\"canonical\" href=\"https:\/\/cerezadeljerte.org\/en\/salen-al-mercado-las-primeras-picotas-del-jerte-denominacion-origen-protegida\/\" \/>\n<meta property=\"og:locale\" content=\"en_US\" \/>\n<meta property=\"og:type\" content=\"article\" \/>\n<meta property=\"og:title\" content=\"Salen al mercado las primeras Picotas del Jerte con Denominaci\u00f3n de Origen Protegida\" \/>\n<meta property=\"og:description\" content=\"El Consejo Regulador de la DOP Cereza del Jerte ha comenzado a certificar las primeras Picotas: Pico Lim\u00f3n Negro, Pico Negro, Pico Colorado y Ambrun\u00e9s.\" \/>\n<meta property=\"og:url\" content=\"https:\/\/cerezadeljerte.org\/en\/salen-al-mercado-las-primeras-picotas-del-jerte-denominacion-origen-protegida\/\" \/>\n<meta property=\"og:site_name\" content=\"cerezadeljerte.org\" \/>\n<meta property=\"article:publisher\" content=\"https:\/\/m.facebook.com\/PICOTADELJERTE\/\" \/>\n<meta property=\"article:published_time\" content=\"2017-06-20T13:11:09+00:00\" \/>\n<meta property=\"article:modified_time\" content=\"2025-02-11T22:19:34+00:00\" \/>\n<meta property=\"og:image\" content=\"https:\/\/cerezadeljerte.org\/wp-content\/uploads\/2011\/09\/slider-web-picota-espan\u0303ol.jpg\" \/>\n\t<meta property=\"og:image:width\" content=\"1200\" \/>\n\t<meta property=\"og:image:height\" content=\"480\" \/>\n\t<meta property=\"og:image:type\" content=\"image\/jpeg\" \/>\n<meta name=\"author\" content=\"Picota\" \/>\n<meta name=\"twitter:card\" content=\"summary_large_image\" \/>\n<meta name=\"twitter:creator\" content=\"@CEREZADELJERTE\" \/>\n<meta name=\"twitter:site\" content=\"@CEREZADELJERTE\" \/>\n<script type=\"application\/ld+json\" class=\"yoast-schema-graph\">{\"@context\":\"https:\\\/\\\/schema.org\",\"@graph\":[{\"@type\":\"Article\",\"@id\":\"https:\\\/\\\/cerezadeljerte.org\\\/en\\\/salen-al-mercado-las-primeras-picotas-del-jerte-denominacion-origen-protegida\\\/#article\",\"isPartOf\":{\"@id\":\"https:\\\/\\\/cerezadeljerte.org\\\/en\\\/salen-al-mercado-las-primeras-picotas-del-jerte-denominacion-origen-protegida\\\/\"},\"author\":{\"name\":\"Picota\",\"@id\":\"https:\\\/\\\/cerezadeljerte.org\\\/en\\\/#\\\/schema\\\/person\\\/db07785007f349f8eeb003c8f96d3a63\"},\"headline\":\"Salen al mercado las primeras Picotas del Jerte con Denominaci\u00f3n de Origen Protegida\",\"datePublished\":\"2017-06-20T13:11:09+00:00\",\"dateModified\":\"2025-02-11T22:19:34+00:00\",\"mainEntityOfPage\":{\"@id\":\"https:\\\/\\\/cerezadeljerte.org\\\/en\\\/salen-al-mercado-las-primeras-picotas-del-jerte-denominacion-origen-protegida\\\/\"},\"wordCount\":418,\"publisher\":{\"@id\":\"https:\\\/\\\/cerezadeljerte.org\\\/en\\\/#organization\"},\"image\":{\"@id\":\"https:\\\/\\\/cerezadeljerte.org\\\/en\\\/salen-al-mercado-las-primeras-picotas-del-jerte-denominacion-origen-protegida\\\/#primaryimage\"},\"thumbnailUrl\":\"https:\\\/\\\/cerezadeljerte.org\\\/wp-content\\\/uploads\\\/2011\\\/09\\\/slider-web-picota-espan\u0303ol.jpg\",\"keywords\":[\"picota del jerte\"],\"articleSection\":[\"blog es\"],\"inLanguage\":\"en-US\"},{\"@type\":\"WebPage\",\"@id\":\"https:\\\/\\\/cerezadeljerte.org\\\/en\\\/salen-al-mercado-las-primeras-picotas-del-jerte-denominacion-origen-protegida\\\/\",\"url\":\"https:\\\/\\\/cerezadeljerte.org\\\/en\\\/salen-al-mercado-las-primeras-picotas-del-jerte-denominacion-origen-protegida\\\/\",\"name\":\"Salen al mercado las primeras Picotas del Jerte con DOP\",\"isPartOf\":{\"@id\":\"https:\\\/\\\/cerezadeljerte.org\\\/en\\\/#website\"},\"primaryImageOfPage\":{\"@id\":\"https:\\\/\\\/cerezadeljerte.org\\\/en\\\/salen-al-mercado-las-primeras-picotas-del-jerte-denominacion-origen-protegida\\\/#primaryimage\"},\"image\":{\"@id\":\"https:\\\/\\\/cerezadeljerte.org\\\/en\\\/salen-al-mercado-las-primeras-picotas-del-jerte-denominacion-origen-protegida\\\/#primaryimage\"},\"thumbnailUrl\":\"https:\\\/\\\/cerezadeljerte.org\\\/wp-content\\\/uploads\\\/2011\\\/09\\\/slider-web-picota-espan\u0303ol.jpg\",\"datePublished\":\"2017-06-20T13:11:09+00:00\",\"dateModified\":\"2025-02-11T22:19:34+00:00\",\"description\":\"El Consejo Regulador de la DOP Cereza del Jerte ha comenzado a certificar las primeras Picotas: Pico Lim\u00f3n Negro, Pico Negro, Pico Colorado y Ambrun\u00e9s.\",\"breadcrumb\":{\"@id\":\"https:\\\/\\\/cerezadeljerte.org\\\/en\\\/salen-al-mercado-las-primeras-picotas-del-jerte-denominacion-origen-protegida\\\/#breadcrumb\"},\"inLanguage\":\"en-US\",\"potentialAction\":[{\"@type\":\"ReadAction\",\"target\":[\"https:\\\/\\\/cerezadeljerte.org\\\/en\\\/salen-al-mercado-las-primeras-picotas-del-jerte-denominacion-origen-protegida\\\/\"]}]},{\"@type\":\"ImageObject\",\"inLanguage\":\"en-US\",\"@id\":\"https:\\\/\\\/cerezadeljerte.org\\\/en\\\/salen-al-mercado-las-primeras-picotas-del-jerte-denominacion-origen-protegida\\\/#primaryimage\",\"url\":\"https:\\\/\\\/cerezadeljerte.org\\\/wp-content\\\/uploads\\\/2011\\\/09\\\/slider-web-picota-espan\u0303ol.jpg\",\"contentUrl\":\"https:\\\/\\\/cerezadeljerte.org\\\/wp-content\\\/uploads\\\/2011\\\/09\\\/slider-web-picota-espan\u0303ol.jpg\",\"width\":1200,\"height\":480},{\"@type\":\"BreadcrumbList\",\"@id\":\"https:\\\/\\\/cerezadeljerte.org\\\/en\\\/salen-al-mercado-las-primeras-picotas-del-jerte-denominacion-origen-protegida\\\/#breadcrumb\",\"itemListElement\":[{\"@type\":\"ListItem\",\"position\":1,\"name\":\"Portada\",\"item\":\"https:\\\/\\\/cerezadeljerte.org\\\/en\\\/\"},{\"@type\":\"ListItem\",\"position\":2,\"name\":\"Salen al mercado las primeras Picotas del Jerte con Denominaci\u00f3n de Origen Protegida\"}]},{\"@type\":\"WebSite\",\"@id\":\"https:\\\/\\\/cerezadeljerte.org\\\/en\\\/#website\",\"url\":\"https:\\\/\\\/cerezadeljerte.org\\\/en\\\/\",\"name\":\"cerezadeljerte.org\",\"description\":\"you\u2019re great, little one\",\"publisher\":{\"@id\":\"https:\\\/\\\/cerezadeljerte.org\\\/en\\\/#organization\"},\"alternateName\":\"Denominaci\u00f3n de Origen de Cereza del Jerte\",\"potentialAction\":[{\"@type\":\"SearchAction\",\"target\":{\"@type\":\"EntryPoint\",\"urlTemplate\":\"https:\\\/\\\/cerezadeljerte.org\\\/en\\\/?s={search_term_string}\"},\"query-input\":{\"@type\":\"PropertyValueSpecification\",\"valueRequired\":true,\"valueName\":\"search_term_string\"}}],\"inLanguage\":\"en-US\"},{\"@type\":\"Organization\",\"@id\":\"https:\\\/\\\/cerezadeljerte.org\\\/en\\\/#organization\",\"name\":\"cerezadeljerte.org\",\"alternateName\":\"Denominaci\u00f3n de Origen Cereza del Jerte\",\"url\":\"https:\\\/\\\/cerezadeljerte.org\\\/en\\\/\",\"logo\":{\"@type\":\"ImageObject\",\"inLanguage\":\"en-US\",\"@id\":\"https:\\\/\\\/cerezadeljerte.org\\\/en\\\/#\\\/schema\\\/logo\\\/image\\\/\",\"url\":\"https:\\\/\\\/cerezadeljerte.org\\\/wp-content\\\/uploads\\\/2024\\\/05\\\/CONSEJO-REGULADOR-D.O.P_p.png\",\"contentUrl\":\"https:\\\/\\\/cerezadeljerte.org\\\/wp-content\\\/uploads\\\/2024\\\/05\\\/CONSEJO-REGULADOR-D.O.P_p.png\",\"width\":550,\"height\":219,\"caption\":\"cerezadeljerte.org\"},\"image\":{\"@id\":\"https:\\\/\\\/cerezadeljerte.org\\\/en\\\/#\\\/schema\\\/logo\\\/image\\\/\"},\"sameAs\":[\"https:\\\/\\\/m.facebook.com\\\/PICOTADELJERTE\\\/\",\"https:\\\/\\\/x.com\\\/CEREZADELJERTE\"]},{\"@type\":\"Person\",\"@id\":\"https:\\\/\\\/cerezadeljerte.org\\\/en\\\/#\\\/schema\\\/person\\\/db07785007f349f8eeb003c8f96d3a63\",\"name\":\"Picota\",\"image\":{\"@type\":\"ImageObject\",\"inLanguage\":\"en-US\",\"@id\":\"https:\\\/\\\/secure.gravatar.com\\\/avatar\\\/ee24ef6a3b49d093f6bd594b1bdd386106677c83a47a3907489168695fab5834?s=96&d=mm&r=g\",\"url\":\"https:\\\/\\\/secure.gravatar.com\\\/avatar\\\/ee24ef6a3b49d093f6bd594b1bdd386106677c83a47a3907489168695fab5834?s=96&d=mm&r=g\",\"contentUrl\":\"https:\\\/\\\/secure.gravatar.com\\\/avatar\\\/ee24ef6a3b49d093f6bd594b1bdd386106677c83a47a3907489168695fab5834?s=96&d=mm&r=g\",\"caption\":\"Picota\"},\"url\":\"https:\\\/\\\/cerezadeljerte.org\\\/en\\\/author\\\/picota\\\/\"}]}<\/script>\n<!-- \/ Yoast SEO Premium plugin. -->","yoast_head_json":{"title":"Salen al mercado las primeras Picotas del Jerte con DOP","description":"El Consejo Regulador de la DOP Cereza del Jerte ha comenzado a certificar las primeras Picotas: Pico Lim\u00f3n Negro, Pico Negro, Pico Colorado y Ambrun\u00e9s.","robots":{"index":"index","follow":"follow","max-snippet":"max-snippet:-1","max-image-preview":"max-image-preview:large","max-video-preview":"max-video-preview:-1"},"canonical":"https:\/\/cerezadeljerte.org\/en\/salen-al-mercado-las-primeras-picotas-del-jerte-denominacion-origen-protegida\/","og_locale":"en_US","og_type":"article","og_title":"Salen al mercado las primeras Picotas del Jerte con Denominaci\u00f3n de Origen Protegida","og_description":"El Consejo Regulador de la DOP Cereza del Jerte ha comenzado a certificar las primeras Picotas: Pico Lim\u00f3n Negro, Pico Negro, Pico Colorado y Ambrun\u00e9s.","og_url":"https:\/\/cerezadeljerte.org\/en\/salen-al-mercado-las-primeras-picotas-del-jerte-denominacion-origen-protegida\/","og_site_name":"cerezadeljerte.org","article_publisher":"https:\/\/m.facebook.com\/PICOTADELJERTE\/","article_published_time":"2017-06-20T13:11:09+00:00","article_modified_time":"2025-02-11T22:19:34+00:00","og_image":[{"width":1200,"height":480,"url":"https:\/\/cerezadeljerte.org\/wp-content\/uploads\/2011\/09\/slider-web-picota-espan\u0303ol.jpg","type":"image\/jpeg"}],"author":"Picota","twitter_card":"summary_large_image","twitter_creator":"@CEREZADELJERTE","twitter_site":"@CEREZADELJERTE","schema":{"@context":"https:\/\/schema.org","@graph":[{"@type":"Article","@id":"https:\/\/cerezadeljerte.org\/en\/salen-al-mercado-las-primeras-picotas-del-jerte-denominacion-origen-protegida\/#article","isPartOf":{"@id":"https:\/\/cerezadeljerte.org\/en\/salen-al-mercado-las-primeras-picotas-del-jerte-denominacion-origen-protegida\/"},"author":{"name":"Picota","@id":"https:\/\/cerezadeljerte.org\/en\/#\/schema\/person\/db07785007f349f8eeb003c8f96d3a63"},"headline":"Salen al mercado las primeras Picotas del Jerte con Denominaci\u00f3n de Origen Protegida","datePublished":"2017-06-20T13:11:09+00:00","dateModified":"2025-02-11T22:19:34+00:00","mainEntityOfPage":{"@id":"https:\/\/cerezadeljerte.org\/en\/salen-al-mercado-las-primeras-picotas-del-jerte-denominacion-origen-protegida\/"},"wordCount":418,"publisher":{"@id":"https:\/\/cerezadeljerte.org\/en\/#organization"},"image":{"@id":"https:\/\/cerezadeljerte.org\/en\/salen-al-mercado-las-primeras-picotas-del-jerte-denominacion-origen-protegida\/#primaryimage"},"thumbnailUrl":"https:\/\/cerezadeljerte.org\/wp-content\/uploads\/2011\/09\/slider-web-picota-espan\u0303ol.jpg","keywords":["picota del jerte"],"articleSection":["blog es"],"inLanguage":"en-US"},{"@type":"WebPage","@id":"https:\/\/cerezadeljerte.org\/en\/salen-al-mercado-las-primeras-picotas-del-jerte-denominacion-origen-protegida\/","url":"https:\/\/cerezadeljerte.org\/en\/salen-al-mercado-las-primeras-picotas-del-jerte-denominacion-origen-protegida\/","name":"Salen al mercado las primeras Picotas del Jerte con DOP","isPartOf":{"@id":"https:\/\/cerezadeljerte.org\/en\/#website"},"primaryImageOfPage":{"@id":"https:\/\/cerezadeljerte.org\/en\/salen-al-mercado-las-primeras-picotas-del-jerte-denominacion-origen-protegida\/#primaryimage"},"image":{"@id":"https:\/\/cerezadeljerte.org\/en\/salen-al-mercado-las-primeras-picotas-del-jerte-denominacion-origen-protegida\/#primaryimage"},"thumbnailUrl":"https:\/\/cerezadeljerte.org\/wp-content\/uploads\/2011\/09\/slider-web-picota-espan\u0303ol.jpg","datePublished":"2017-06-20T13:11:09+00:00","dateModified":"2025-02-11T22:19:34+00:00","description":"El Consejo Regulador de la DOP Cereza del Jerte ha comenzado a certificar las primeras Picotas: Pico Lim\u00f3n Negro, Pico Negro, Pico Colorado y Ambrun\u00e9s.","breadcrumb":{"@id":"https:\/\/cerezadeljerte.org\/en\/salen-al-mercado-las-primeras-picotas-del-jerte-denominacion-origen-protegida\/#breadcrumb"},"inLanguage":"en-US","potentialAction":[{"@type":"ReadAction","target":["https:\/\/cerezadeljerte.org\/en\/salen-al-mercado-las-primeras-picotas-del-jerte-denominacion-origen-protegida\/"]}]},{"@type":"ImageObject","inLanguage":"en-US","@id":"https:\/\/cerezadeljerte.org\/en\/salen-al-mercado-las-primeras-picotas-del-jerte-denominacion-origen-protegida\/#primaryimage","url":"https:\/\/cerezadeljerte.org\/wp-content\/uploads\/2011\/09\/slider-web-picota-espan\u0303ol.jpg","contentUrl":"https:\/\/cerezadeljerte.org\/wp-content\/uploads\/2011\/09\/slider-web-picota-espan\u0303ol.jpg","width":1200,"height":480},{"@type":"BreadcrumbList","@id":"https:\/\/cerezadeljerte.org\/en\/salen-al-mercado-las-primeras-picotas-del-jerte-denominacion-origen-protegida\/#breadcrumb","itemListElement":[{"@type":"ListItem","position":1,"name":"Portada","item":"https:\/\/cerezadeljerte.org\/en\/"},{"@type":"ListItem","position":2,"name":"Salen al mercado las primeras Picotas del Jerte con Denominaci\u00f3n de Origen Protegida"}]},{"@type":"WebSite","@id":"https:\/\/cerezadeljerte.org\/en\/#website","url":"https:\/\/cerezadeljerte.org\/en\/","name":"cerezadeljerte.org","description":"you\u2019re great, little one","publisher":{"@id":"https:\/\/cerezadeljerte.org\/en\/#organization"},"alternateName":"Denominaci\u00f3n de Origen de Cereza del Jerte","potentialAction":[{"@type":"SearchAction","target":{"@type":"EntryPoint","urlTemplate":"https:\/\/cerezadeljerte.org\/en\/?s={search_term_string}"},"query-input":{"@type":"PropertyValueSpecification","valueRequired":true,"valueName":"search_term_string"}}],"inLanguage":"en-US"},{"@type":"Organization","@id":"https:\/\/cerezadeljerte.org\/en\/#organization","name":"cerezadeljerte.org","alternateName":"Denominaci\u00f3n de Origen Cereza del Jerte","url":"https:\/\/cerezadeljerte.org\/en\/","logo":{"@type":"ImageObject","inLanguage":"en-US","@id":"https:\/\/cerezadeljerte.org\/en\/#\/schema\/logo\/image\/","url":"https:\/\/cerezadeljerte.org\/wp-content\/uploads\/2024\/05\/CONSEJO-REGULADOR-D.O.P_p.png","contentUrl":"https:\/\/cerezadeljerte.org\/wp-content\/uploads\/2024\/05\/CONSEJO-REGULADOR-D.O.P_p.png","width":550,"height":219,"caption":"cerezadeljerte.org"},"image":{"@id":"https:\/\/cerezadeljerte.org\/en\/#\/schema\/logo\/image\/"},"sameAs":["https:\/\/m.facebook.com\/PICOTADELJERTE\/","https:\/\/x.com\/CEREZADELJERTE"]},{"@type":"Person","@id":"https:\/\/cerezadeljerte.org\/en\/#\/schema\/person\/db07785007f349f8eeb003c8f96d3a63","name":"Picota","image":{"@type":"ImageObject","inLanguage":"en-US","@id":"https:\/\/secure.gravatar.com\/avatar\/ee24ef6a3b49d093f6bd594b1bdd386106677c83a47a3907489168695fab5834?s=96&d=mm&r=g","url":"https:\/\/secure.gravatar.com\/avatar\/ee24ef6a3b49d093f6bd594b1bdd386106677c83a47a3907489168695fab5834?s=96&d=mm&r=g","contentUrl":"https:\/\/secure.gravatar.com\/avatar\/ee24ef6a3b49d093f6bd594b1bdd386106677c83a47a3907489168695fab5834?s=96&d=mm&r=g","caption":"Picota"},"url":"https:\/\/cerezadeljerte.org\/en\/author\/picota\/"}]}},"_links":{"self":[{"href":"https:\/\/cerezadeljerte.org\/en\/wp-json\/wp\/v2\/posts\/20131","targetHints":{"allow":["GET"]}}],"collection":[{"href":"https:\/\/cerezadeljerte.org\/en\/wp-json\/wp\/v2\/posts"}],"about":[{"href":"https:\/\/cerezadeljerte.org\/en\/wp-json\/wp\/v2\/types\/post"}],"author":[{"embeddable":true,"href":"https:\/\/cerezadeljerte.org\/en\/wp-json\/wp\/v2\/users\/2"}],"replies":[{"embeddable":true,"href":"https:\/\/cerezadeljerte.org\/en\/wp-json\/wp\/v2\/comments?post=20131"}],"version-history":[{"count":1,"href":"https:\/\/cerezadeljerte.org\/en\/wp-json\/wp\/v2\/posts\/20131\/revisions"}],"predecessor-version":[{"id":25070,"href":"https:\/\/cerezadeljerte.org\/en\/wp-json\/wp\/v2\/posts\/20131\/revisions\/25070"}],"wp:featuredmedia":[{"embeddable":true,"href":"https:\/\/cerezadeljerte.org\/en\/wp-json\/wp\/v2\/media\/20132"}],"wp:attachment":[{"href":"https:\/\/cerezadeljerte.org\/en\/wp-json\/wp\/v2\/media?parent=20131"}],"wp:term":[{"taxonomy":"category","embeddable":true,"href":"https:\/\/cerezadeljerte.org\/en\/wp-json\/wp\/v2\/categories?post=20131"},{"taxonomy":"post_tag","embeddable":true,"href":"https:\/\/cerezadeljerte.org\/en\/wp-json\/wp\/v2\/tags?post=20131"}],"curies":[{"name":"wp","href":"https:\/\/api.w.org\/{rel}","templated":true}]}}