{"id":20054,"date":"2017-11-09T13:33:54","date_gmt":"2017-11-09T12:33:54","guid":{"rendered":"https:\/\/cerezadeljerte.org\/?p=10118"},"modified":"2025-02-11T23:19:33","modified_gmt":"2025-02-11T22:19:33","slug":"eco-jornadas-la-semana-la-reserva-natural-garganta-los-infiernos","status":"publish","type":"post","link":"https:\/\/cerezadeljerte.org\/en\/eco-jornadas-la-semana-la-reserva-natural-garganta-los-infiernos\/","title":{"rendered":"Eco-jornadas en la Semana de la Reserva Natural Garganta de los Infiernos"},"content":{"rendered":"<p align=\"JUSTIFY\">Del 11 al 19 de noviembre se celebra, en plena<a href=\"\/?p=10110\"> Oto\u00f1ada<\/a>, la <strong>S<i>emana de la Reserva Natural <a href=\"\/?p=3481\">Garganta de los Infiernos.\u00a0<\/a><\/i><\/strong>\u00a0Es un espacio protegido al occidente de la Sierra de Gredos. Su flora y fauna lo convierten en un lugar singular, en el que disfrutar de\u00a0<a href=\"http:\/\/www.gargantadelosinfiernos.com\/nuestras-actividades\/\">m\u00faltiples actividades<\/a>.<\/p>\n<p align=\"JUSTIFY\">La Semana de la Reserva Natural Garganta de los Infiernos se inaugurar\u00e1 el d\u00eda 11 con la <b>ruta circular \u201cGarganta de los Infiernos\u201d.<\/b> Contar\u00e1 con gu\u00edas de<b> <\/b>la Reserva Natural. Adem\u00e1s, el domingo 12, a primera hora, comenzar\u00e1 una <b>actividad de espeleolog\u00eda<\/b>.<\/p>\n<p align=\"JUSTIFY\">Del 13 al 15 de noviembre, se celebrar\u00e1 <b>una olimpiada escolar,\u00a0<\/b>que permitir\u00e1 a los estudiantes jerte\u00f1os conocer m\u00e1s sobre este entorno. La ma\u00f1ana del lunes tambi\u00e9n se realizar\u00e1 una <b>actividad<\/b> <b>de voluntariado ambiental<\/b>\u00a0con la asociaci\u00f3n de mujeres del Jerte. Por su parte, el martes por la tarde habr\u00e1 una ponencia sobre <b>\u201cProducci\u00f3n ecol\u00f3gica de cerezos y casta\u00f1os.<\/b>\u00a0 Y, el mi\u00e9rcoles, se hablar\u00e1 sobre <b>\u201cTurismo ornitol\u00f3gico y de naturaleza\u201d.<\/b><\/p>\n<p align=\"JUSTIFY\">El jueves por la ma\u00f1ana, el ret\u00e9n de Navaconcejo impartir\u00e1 un <b>taller sobre incendios forestales. <\/b>El viernes, un t\u00e9cnico del Centro de Acuicultura \u201cLas Vegas del Guadiana\u201d ofrecer\u00e1 una ponencia sobre <b>\u201cLos peces de nuestros r\u00edos\u201d<\/b> a alumnos del IES Valle del Jerte. A su t\u00e9rmino, se har\u00e1 la <b>suelta de truchas en el R\u00edo Jerte<\/b>. La jornada se completa con\u00a0<b>dos rutas a caballo <\/b>a cargo del <a href=\"https:\/\/www.facebook.com\/PicaderoLosPilones\/\">picadero \u201cLos Pilones&#8221;.<\/a><\/p>\n<p align=\"JUSTIFY\">Por otra parte, el s\u00e1bado habr\u00e1 una <b>ruta inclusiva a Los Pilones.<\/b> Organizada por el <a href=\"https:\/\/www.facebook.com\/SenderismoLaDehesa\/\">grupo senderista La Dehesa,<\/a>\u00a0los caminantes podr\u00e1n acercarse a la naturaleza. Para clausurar la Semana de la Reserva Natural Garganta de los Infiernos, habr\u00e1\u00a0<b>una jornada micol\u00f3gica,<\/b> con posterior degustaci\u00f3n de setas. Tambi\u00e9n un taller <b>de iniciaci\u00f3n a la escalada<\/b> en el paraje de Las Monjas.<\/p>\n<p align=\"JUSTIFY\">Puedes acceder a <a href=\"http:\/\/extremambiente.gobex.es\/index.php?option=com_content&amp;view=article&amp;id=4824:semana-de-la-garganta-de-los-infiernos-del-11-al-19-de-noviembre&amp;catid=39:convocatorias&amp;Itemid=24\">la programaci\u00f3n completa<\/a> de la Semana de la Reserva Natural Garganta de los Infiernos en el enlace anterior.<\/p>\n<h3 align=\"JUSTIFY\"><b>Concurso de Fotograf\u00eda \u201cLa Reserva Natural Garganta de los Infiernos\u201d <\/b><\/h3>\n<p align=\"JUSTIFY\">Adem\u00e1s, ya est\u00e1 abierto el plazo para el <b>concurso de fotograf\u00eda digital Reserva Natural Garganta de los Infiernos<\/b>. Las fotograf\u00edas presentadas deben mostrar los valores ecol\u00f3gicos y paisaj\u00edsticos de la Gargantas de los Infiernos. La foto ganadora ser\u00e1 la portada del cartel de la pr\u00f3xima Semana de la Reserva Natural Garganta de los Infiernos. El plazo para presentar la fotograf\u00eda es del 12 de octubre hasta el 19 de noviembre. En este enlace puedes acceder a las <a href=\"http:\/\/extremambiente.gobex.es\/files\/2017\/concurso%20de%20fotograf%C3%ADa%20cartel.pdf\">bases del concurso<\/a>.<\/p>\n","protected":false},"excerpt":{"rendered":"<p>Del 11 al 19 de noviembre se celebra, en plena Oto\u00f1ada, la Semana de la Reserva Natural Garganta de los Infiernos.\u00a0\u00a0Es un espacio protegido al occidente de la Sierra de Gredos. Su flora y fauna lo convierten en un lugar singular, en el que disfrutar de\u00a0m\u00faltiples actividades. La Semana de la Reserva Natural Garganta de [&hellip;]<\/p>\n","protected":false},"author":2,"featured_media":19454,"comment_status":"closed","ping_status":"open","sticky":false,"template":"","format":"standard","meta":{"footnotes":""},"categories":[1101],"tags":[264],"class_list":["post-20054","post","type-post","status-publish","format-standard","has-post-thumbnail","hentry","category-blog-es","tag-garganta-de-los-infiernos"],"yoast_head":"<!-- This site is optimized with the Yoast SEO Premium plugin v25.0 (Yoast SEO v27.4) - https:\/\/yoast.com\/product\/yoast-seo-premium-wordpress\/ -->\n<title>Eco-jornadas en la Semana de la Reserva Natural Garganta de los Infiernos | cerezadeljerte.org<\/title>\n<meta name=\"robots\" content=\"index, follow, max-snippet:-1, max-image-preview:large, max-video-preview:-1\" \/>\n<link rel=\"canonical\" href=\"https:\/\/cerezadeljerte.org\/en\/eco-jornadas-la-semana-la-reserva-natural-garganta-los-infiernos\/\" \/>\n<meta property=\"og:locale\" content=\"en_US\" \/>\n<meta property=\"og:type\" content=\"article\" \/>\n<meta property=\"og:title\" content=\"Eco-jornadas en la Semana de la Reserva Natural Garganta de los Infiernos\" \/>\n<meta property=\"og:description\" content=\"Del 11 al 19 de noviembre se celebra, en plena Oto\u00f1ada, la Semana de la Reserva Natural Garganta de los Infiernos.\u00a0\u00a0Es un espacio protegido al occidente de la Sierra de Gredos. Su flora y fauna lo convierten en un lugar singular, en el que disfrutar de\u00a0m\u00faltiples actividades. La Semana de la Reserva Natural Garganta de [&hellip;]\" \/>\n<meta property=\"og:url\" content=\"https:\/\/cerezadeljerte.org\/en\/eco-jornadas-la-semana-la-reserva-natural-garganta-los-infiernos\/\" \/>\n<meta property=\"og:site_name\" content=\"cerezadeljerte.org\" \/>\n<meta property=\"article:publisher\" content=\"https:\/\/m.facebook.com\/PICOTADELJERTE\/\" \/>\n<meta property=\"article:published_time\" content=\"2017-11-09T12:33:54+00:00\" \/>\n<meta property=\"article:modified_time\" content=\"2025-02-11T22:19:33+00:00\" \/>\n<meta property=\"og:image\" content=\"https:\/\/cerezadeljerte.org\/wp-content\/uploads\/2013\/05\/Garganta_de_los_Infiernos__Valle_del_Jerte_baja.jpg\" \/>\n\t<meta property=\"og:image:width\" content=\"1200\" \/>\n\t<meta property=\"og:image:height\" content=\"800\" \/>\n\t<meta property=\"og:image:type\" content=\"image\/jpeg\" \/>\n<meta name=\"author\" content=\"Picota\" \/>\n<meta name=\"twitter:card\" content=\"summary_large_image\" \/>\n<meta name=\"twitter:creator\" content=\"@CEREZADELJERTE\" \/>\n<meta name=\"twitter:site\" content=\"@CEREZADELJERTE\" \/>\n<script type=\"application\/ld+json\" class=\"yoast-schema-graph\">{\"@context\":\"https:\\\/\\\/schema.org\",\"@graph\":[{\"@type\":\"Article\",\"@id\":\"https:\\\/\\\/cerezadeljerte.org\\\/en\\\/eco-jornadas-la-semana-la-reserva-natural-garganta-los-infiernos\\\/#article\",\"isPartOf\":{\"@id\":\"https:\\\/\\\/cerezadeljerte.org\\\/en\\\/eco-jornadas-la-semana-la-reserva-natural-garganta-los-infiernos\\\/\"},\"author\":{\"name\":\"Picota\",\"@id\":\"https:\\\/\\\/cerezadeljerte.org\\\/en\\\/#\\\/schema\\\/person\\\/db07785007f349f8eeb003c8f96d3a63\"},\"headline\":\"Eco-jornadas en la Semana de la Reserva Natural Garganta de los Infiernos\",\"datePublished\":\"2017-11-09T12:33:54+00:00\",\"dateModified\":\"2025-02-11T22:19:33+00:00\",\"mainEntityOfPage\":{\"@id\":\"https:\\\/\\\/cerezadeljerte.org\\\/en\\\/eco-jornadas-la-semana-la-reserva-natural-garganta-los-infiernos\\\/\"},\"wordCount\":445,\"publisher\":{\"@id\":\"https:\\\/\\\/cerezadeljerte.org\\\/en\\\/#organization\"},\"image\":{\"@id\":\"https:\\\/\\\/cerezadeljerte.org\\\/en\\\/eco-jornadas-la-semana-la-reserva-natural-garganta-los-infiernos\\\/#primaryimage\"},\"thumbnailUrl\":\"https:\\\/\\\/cerezadeljerte.org\\\/wp-content\\\/uploads\\\/2013\\\/05\\\/Garganta_de_los_Infiernos__Valle_del_Jerte_baja.jpg\",\"keywords\":[\"Garganta de los Infiernos\"],\"articleSection\":[\"blog es\"],\"inLanguage\":\"en-US\"},{\"@type\":\"WebPage\",\"@id\":\"https:\\\/\\\/cerezadeljerte.org\\\/en\\\/eco-jornadas-la-semana-la-reserva-natural-garganta-los-infiernos\\\/\",\"url\":\"https:\\\/\\\/cerezadeljerte.org\\\/en\\\/eco-jornadas-la-semana-la-reserva-natural-garganta-los-infiernos\\\/\",\"name\":\"Eco-jornadas en la Semana de la Reserva Natural Garganta de los Infiernos | cerezadeljerte.org\",\"isPartOf\":{\"@id\":\"https:\\\/\\\/cerezadeljerte.org\\\/en\\\/#website\"},\"primaryImageOfPage\":{\"@id\":\"https:\\\/\\\/cerezadeljerte.org\\\/en\\\/eco-jornadas-la-semana-la-reserva-natural-garganta-los-infiernos\\\/#primaryimage\"},\"image\":{\"@id\":\"https:\\\/\\\/cerezadeljerte.org\\\/en\\\/eco-jornadas-la-semana-la-reserva-natural-garganta-los-infiernos\\\/#primaryimage\"},\"thumbnailUrl\":\"https:\\\/\\\/cerezadeljerte.org\\\/wp-content\\\/uploads\\\/2013\\\/05\\\/Garganta_de_los_Infiernos__Valle_del_Jerte_baja.jpg\",\"datePublished\":\"2017-11-09T12:33:54+00:00\",\"dateModified\":\"2025-02-11T22:19:33+00:00\",\"breadcrumb\":{\"@id\":\"https:\\\/\\\/cerezadeljerte.org\\\/en\\\/eco-jornadas-la-semana-la-reserva-natural-garganta-los-infiernos\\\/#breadcrumb\"},\"inLanguage\":\"en-US\",\"potentialAction\":[{\"@type\":\"ReadAction\",\"target\":[\"https:\\\/\\\/cerezadeljerte.org\\\/en\\\/eco-jornadas-la-semana-la-reserva-natural-garganta-los-infiernos\\\/\"]}]},{\"@type\":\"ImageObject\",\"inLanguage\":\"en-US\",\"@id\":\"https:\\\/\\\/cerezadeljerte.org\\\/en\\\/eco-jornadas-la-semana-la-reserva-natural-garganta-los-infiernos\\\/#primaryimage\",\"url\":\"https:\\\/\\\/cerezadeljerte.org\\\/wp-content\\\/uploads\\\/2013\\\/05\\\/Garganta_de_los_Infiernos__Valle_del_Jerte_baja.jpg\",\"contentUrl\":\"https:\\\/\\\/cerezadeljerte.org\\\/wp-content\\\/uploads\\\/2013\\\/05\\\/Garganta_de_los_Infiernos__Valle_del_Jerte_baja.jpg\",\"width\":1200,\"height\":800,\"caption\":\"Imagen de la Garganta de los Infiernos\"},{\"@type\":\"BreadcrumbList\",\"@id\":\"https:\\\/\\\/cerezadeljerte.org\\\/en\\\/eco-jornadas-la-semana-la-reserva-natural-garganta-los-infiernos\\\/#breadcrumb\",\"itemListElement\":[{\"@type\":\"ListItem\",\"position\":1,\"name\":\"Portada\",\"item\":\"https:\\\/\\\/cerezadeljerte.org\\\/en\\\/\"},{\"@type\":\"ListItem\",\"position\":2,\"name\":\"Eco-jornadas en la Semana de la Reserva Natural Garganta de los Infiernos\"}]},{\"@type\":\"WebSite\",\"@id\":\"https:\\\/\\\/cerezadeljerte.org\\\/en\\\/#website\",\"url\":\"https:\\\/\\\/cerezadeljerte.org\\\/en\\\/\",\"name\":\"cerezadeljerte.org\",\"description\":\"you\u2019re great, little one\",\"publisher\":{\"@id\":\"https:\\\/\\\/cerezadeljerte.org\\\/en\\\/#organization\"},\"alternateName\":\"Denominaci\u00f3n de Origen de Cereza del Jerte\",\"potentialAction\":[{\"@type\":\"SearchAction\",\"target\":{\"@type\":\"EntryPoint\",\"urlTemplate\":\"https:\\\/\\\/cerezadeljerte.org\\\/en\\\/?s={search_term_string}\"},\"query-input\":{\"@type\":\"PropertyValueSpecification\",\"valueRequired\":true,\"valueName\":\"search_term_string\"}}],\"inLanguage\":\"en-US\"},{\"@type\":\"Organization\",\"@id\":\"https:\\\/\\\/cerezadeljerte.org\\\/en\\\/#organization\",\"name\":\"cerezadeljerte.org\",\"alternateName\":\"Denominaci\u00f3n de Origen Cereza del Jerte\",\"url\":\"https:\\\/\\\/cerezadeljerte.org\\\/en\\\/\",\"logo\":{\"@type\":\"ImageObject\",\"inLanguage\":\"en-US\",\"@id\":\"https:\\\/\\\/cerezadeljerte.org\\\/en\\\/#\\\/schema\\\/logo\\\/image\\\/\",\"url\":\"https:\\\/\\\/cerezadeljerte.org\\\/wp-content\\\/uploads\\\/2024\\\/05\\\/CONSEJO-REGULADOR-D.O.P_p.png\",\"contentUrl\":\"https:\\\/\\\/cerezadeljerte.org\\\/wp-content\\\/uploads\\\/2024\\\/05\\\/CONSEJO-REGULADOR-D.O.P_p.png\",\"width\":550,\"height\":219,\"caption\":\"cerezadeljerte.org\"},\"image\":{\"@id\":\"https:\\\/\\\/cerezadeljerte.org\\\/en\\\/#\\\/schema\\\/logo\\\/image\\\/\"},\"sameAs\":[\"https:\\\/\\\/m.facebook.com\\\/PICOTADELJERTE\\\/\",\"https:\\\/\\\/x.com\\\/CEREZADELJERTE\"]},{\"@type\":\"Person\",\"@id\":\"https:\\\/\\\/cerezadeljerte.org\\\/en\\\/#\\\/schema\\\/person\\\/db07785007f349f8eeb003c8f96d3a63\",\"name\":\"Picota\",\"image\":{\"@type\":\"ImageObject\",\"inLanguage\":\"en-US\",\"@id\":\"https:\\\/\\\/secure.gravatar.com\\\/avatar\\\/ee24ef6a3b49d093f6bd594b1bdd386106677c83a47a3907489168695fab5834?s=96&d=mm&r=g\",\"url\":\"https:\\\/\\\/secure.gravatar.com\\\/avatar\\\/ee24ef6a3b49d093f6bd594b1bdd386106677c83a47a3907489168695fab5834?s=96&d=mm&r=g\",\"contentUrl\":\"https:\\\/\\\/secure.gravatar.com\\\/avatar\\\/ee24ef6a3b49d093f6bd594b1bdd386106677c83a47a3907489168695fab5834?s=96&d=mm&r=g\",\"caption\":\"Picota\"},\"url\":\"https:\\\/\\\/cerezadeljerte.org\\\/en\\\/author\\\/picota\\\/\"}]}<\/script>\n<!-- \/ Yoast SEO Premium plugin. -->","yoast_head_json":{"title":"Eco-jornadas en la Semana de la Reserva Natural Garganta de los Infiernos | cerezadeljerte.org","robots":{"index":"index","follow":"follow","max-snippet":"max-snippet:-1","max-image-preview":"max-image-preview:large","max-video-preview":"max-video-preview:-1"},"canonical":"https:\/\/cerezadeljerte.org\/en\/eco-jornadas-la-semana-la-reserva-natural-garganta-los-infiernos\/","og_locale":"en_US","og_type":"article","og_title":"Eco-jornadas en la Semana de la Reserva Natural Garganta de los Infiernos","og_description":"Del 11 al 19 de noviembre se celebra, en plena Oto\u00f1ada, la Semana de la Reserva Natural Garganta de los Infiernos.\u00a0\u00a0Es un espacio protegido al occidente de la Sierra de Gredos. Su flora y fauna lo convierten en un lugar singular, en el que disfrutar de\u00a0m\u00faltiples actividades. La Semana de la Reserva Natural Garganta de [&hellip;]","og_url":"https:\/\/cerezadeljerte.org\/en\/eco-jornadas-la-semana-la-reserva-natural-garganta-los-infiernos\/","og_site_name":"cerezadeljerte.org","article_publisher":"https:\/\/m.facebook.com\/PICOTADELJERTE\/","article_published_time":"2017-11-09T12:33:54+00:00","article_modified_time":"2025-02-11T22:19:33+00:00","og_image":[{"width":1200,"height":800,"url":"https:\/\/cerezadeljerte.org\/wp-content\/uploads\/2013\/05\/Garganta_de_los_Infiernos__Valle_del_Jerte_baja.jpg","type":"image\/jpeg"}],"author":"Picota","twitter_card":"summary_large_image","twitter_creator":"@CEREZADELJERTE","twitter_site":"@CEREZADELJERTE","schema":{"@context":"https:\/\/schema.org","@graph":[{"@type":"Article","@id":"https:\/\/cerezadeljerte.org\/en\/eco-jornadas-la-semana-la-reserva-natural-garganta-los-infiernos\/#article","isPartOf":{"@id":"https:\/\/cerezadeljerte.org\/en\/eco-jornadas-la-semana-la-reserva-natural-garganta-los-infiernos\/"},"author":{"name":"Picota","@id":"https:\/\/cerezadeljerte.org\/en\/#\/schema\/person\/db07785007f349f8eeb003c8f96d3a63"},"headline":"Eco-jornadas en la Semana de la Reserva Natural Garganta de los Infiernos","datePublished":"2017-11-09T12:33:54+00:00","dateModified":"2025-02-11T22:19:33+00:00","mainEntityOfPage":{"@id":"https:\/\/cerezadeljerte.org\/en\/eco-jornadas-la-semana-la-reserva-natural-garganta-los-infiernos\/"},"wordCount":445,"publisher":{"@id":"https:\/\/cerezadeljerte.org\/en\/#organization"},"image":{"@id":"https:\/\/cerezadeljerte.org\/en\/eco-jornadas-la-semana-la-reserva-natural-garganta-los-infiernos\/#primaryimage"},"thumbnailUrl":"https:\/\/cerezadeljerte.org\/wp-content\/uploads\/2013\/05\/Garganta_de_los_Infiernos__Valle_del_Jerte_baja.jpg","keywords":["Garganta de los Infiernos"],"articleSection":["blog es"],"inLanguage":"en-US"},{"@type":"WebPage","@id":"https:\/\/cerezadeljerte.org\/en\/eco-jornadas-la-semana-la-reserva-natural-garganta-los-infiernos\/","url":"https:\/\/cerezadeljerte.org\/en\/eco-jornadas-la-semana-la-reserva-natural-garganta-los-infiernos\/","name":"Eco-jornadas en la Semana de la Reserva Natural Garganta de los Infiernos | cerezadeljerte.org","isPartOf":{"@id":"https:\/\/cerezadeljerte.org\/en\/#website"},"primaryImageOfPage":{"@id":"https:\/\/cerezadeljerte.org\/en\/eco-jornadas-la-semana-la-reserva-natural-garganta-los-infiernos\/#primaryimage"},"image":{"@id":"https:\/\/cerezadeljerte.org\/en\/eco-jornadas-la-semana-la-reserva-natural-garganta-los-infiernos\/#primaryimage"},"thumbnailUrl":"https:\/\/cerezadeljerte.org\/wp-content\/uploads\/2013\/05\/Garganta_de_los_Infiernos__Valle_del_Jerte_baja.jpg","datePublished":"2017-11-09T12:33:54+00:00","dateModified":"2025-02-11T22:19:33+00:00","breadcrumb":{"@id":"https:\/\/cerezadeljerte.org\/en\/eco-jornadas-la-semana-la-reserva-natural-garganta-los-infiernos\/#breadcrumb"},"inLanguage":"en-US","potentialAction":[{"@type":"ReadAction","target":["https:\/\/cerezadeljerte.org\/en\/eco-jornadas-la-semana-la-reserva-natural-garganta-los-infiernos\/"]}]},{"@type":"ImageObject","inLanguage":"en-US","@id":"https:\/\/cerezadeljerte.org\/en\/eco-jornadas-la-semana-la-reserva-natural-garganta-los-infiernos\/#primaryimage","url":"https:\/\/cerezadeljerte.org\/wp-content\/uploads\/2013\/05\/Garganta_de_los_Infiernos__Valle_del_Jerte_baja.jpg","contentUrl":"https:\/\/cerezadeljerte.org\/wp-content\/uploads\/2013\/05\/Garganta_de_los_Infiernos__Valle_del_Jerte_baja.jpg","width":1200,"height":800,"caption":"Imagen de la Garganta de los Infiernos"},{"@type":"BreadcrumbList","@id":"https:\/\/cerezadeljerte.org\/en\/eco-jornadas-la-semana-la-reserva-natural-garganta-los-infiernos\/#breadcrumb","itemListElement":[{"@type":"ListItem","position":1,"name":"Portada","item":"https:\/\/cerezadeljerte.org\/en\/"},{"@type":"ListItem","position":2,"name":"Eco-jornadas en la Semana de la Reserva Natural Garganta de los Infiernos"}]},{"@type":"WebSite","@id":"https:\/\/cerezadeljerte.org\/en\/#website","url":"https:\/\/cerezadeljerte.org\/en\/","name":"cerezadeljerte.org","description":"you\u2019re great, little one","publisher":{"@id":"https:\/\/cerezadeljerte.org\/en\/#organization"},"alternateName":"Denominaci\u00f3n de Origen de Cereza del Jerte","potentialAction":[{"@type":"SearchAction","target":{"@type":"EntryPoint","urlTemplate":"https:\/\/cerezadeljerte.org\/en\/?s={search_term_string}"},"query-input":{"@type":"PropertyValueSpecification","valueRequired":true,"valueName":"search_term_string"}}],"inLanguage":"en-US"},{"@type":"Organization","@id":"https:\/\/cerezadeljerte.org\/en\/#organization","name":"cerezadeljerte.org","alternateName":"Denominaci\u00f3n de Origen Cereza del Jerte","url":"https:\/\/cerezadeljerte.org\/en\/","logo":{"@type":"ImageObject","inLanguage":"en-US","@id":"https:\/\/cerezadeljerte.org\/en\/#\/schema\/logo\/image\/","url":"https:\/\/cerezadeljerte.org\/wp-content\/uploads\/2024\/05\/CONSEJO-REGULADOR-D.O.P_p.png","contentUrl":"https:\/\/cerezadeljerte.org\/wp-content\/uploads\/2024\/05\/CONSEJO-REGULADOR-D.O.P_p.png","width":550,"height":219,"caption":"cerezadeljerte.org"},"image":{"@id":"https:\/\/cerezadeljerte.org\/en\/#\/schema\/logo\/image\/"},"sameAs":["https:\/\/m.facebook.com\/PICOTADELJERTE\/","https:\/\/x.com\/CEREZADELJERTE"]},{"@type":"Person","@id":"https:\/\/cerezadeljerte.org\/en\/#\/schema\/person\/db07785007f349f8eeb003c8f96d3a63","name":"Picota","image":{"@type":"ImageObject","inLanguage":"en-US","@id":"https:\/\/secure.gravatar.com\/avatar\/ee24ef6a3b49d093f6bd594b1bdd386106677c83a47a3907489168695fab5834?s=96&d=mm&r=g","url":"https:\/\/secure.gravatar.com\/avatar\/ee24ef6a3b49d093f6bd594b1bdd386106677c83a47a3907489168695fab5834?s=96&d=mm&r=g","contentUrl":"https:\/\/secure.gravatar.com\/avatar\/ee24ef6a3b49d093f6bd594b1bdd386106677c83a47a3907489168695fab5834?s=96&d=mm&r=g","caption":"Picota"},"url":"https:\/\/cerezadeljerte.org\/en\/author\/picota\/"}]}},"_links":{"self":[{"href":"https:\/\/cerezadeljerte.org\/en\/wp-json\/wp\/v2\/posts\/20054","targetHints":{"allow":["GET"]}}],"collection":[{"href":"https:\/\/cerezadeljerte.org\/en\/wp-json\/wp\/v2\/posts"}],"about":[{"href":"https:\/\/cerezadeljerte.org\/en\/wp-json\/wp\/v2\/types\/post"}],"author":[{"embeddable":true,"href":"https:\/\/cerezadeljerte.org\/en\/wp-json\/wp\/v2\/users\/2"}],"replies":[{"embeddable":true,"href":"https:\/\/cerezadeljerte.org\/en\/wp-json\/wp\/v2\/comments?post=20054"}],"version-history":[{"count":1,"href":"https:\/\/cerezadeljerte.org\/en\/wp-json\/wp\/v2\/posts\/20054\/revisions"}],"predecessor-version":[{"id":25042,"href":"https:\/\/cerezadeljerte.org\/en\/wp-json\/wp\/v2\/posts\/20054\/revisions\/25042"}],"wp:featuredmedia":[{"embeddable":true,"href":"https:\/\/cerezadeljerte.org\/en\/wp-json\/wp\/v2\/media\/19454"}],"wp:attachment":[{"href":"https:\/\/cerezadeljerte.org\/en\/wp-json\/wp\/v2\/media?parent=20054"}],"wp:term":[{"taxonomy":"category","embeddable":true,"href":"https:\/\/cerezadeljerte.org\/en\/wp-json\/wp\/v2\/categories?post=20054"},{"taxonomy":"post_tag","embeddable":true,"href":"https:\/\/cerezadeljerte.org\/en\/wp-json\/wp\/v2\/tags?post=20054"}],"curies":[{"name":"wp","href":"https:\/\/api.w.org\/{rel}","templated":true}]}}