{"id":20046,"date":"2017-12-07T19:42:42","date_gmt":"2017-12-07T18:42:42","guid":{"rendered":"https:\/\/cerezadeljerte.org\/?p=10146"},"modified":"2025-02-11T23:19:33","modified_gmt":"2025-02-11T22:19:33","slug":"musica-gastronomia-despedir-la-otonada-2017","status":"publish","type":"post","link":"https:\/\/cerezadeljerte.org\/en\/musica-gastronomia-despedir-la-otonada-2017\/","title":{"rendered":"M\u00fasica y gastronom\u00eda para despedir el oto\u00f1o en el Valle del Jerte"},"content":{"rendered":"<p>La <a href=\"\/?p=10110\">Oto\u00f1ada 2017<\/a> llega a su final este fin de semana. A pocas semanas de que comience el invierno, despedimos el oto\u00f1o en el Valle del Jerte con m\u00fasica y propuestas gastron\u00f3micas.<\/p>\n<p>El 8 de diciembre se celebra en el municipio de<strong> Cabrero<\/strong> el <strong>III <a href=\"http:\/\/www.turismovalledeljerte.com\/actualidad-y-agenda\/encuentro-musica-y-gastronomia-tradicional-cabrero\">Encuentro M\u00fasica y Gastronom\u00eda Tradicional<\/a>.<\/strong> Esta jornada de exaltaci\u00f3n de las costumbres jerte\u00f1as comenzar\u00e1 con la apertura de un <strong>mercado medieval solidario<\/strong>. A las 11.00 h. tendr\u00e1 lugar el\u00a0<strong>encuentro de tamborileros y rondalla<\/strong>. Y, a las 12.30 h., habr\u00e1 una <strong>clase de baile activo<\/strong> con Sara Cobos en la Plaza Mayor. M\u00e1s tarde, se celebrar\u00e1 el <strong>III Concurso de comida t\u00edpica extreme\u00f1a<\/strong> y tambi\u00e9n una comida solidaria a cargo de la Asociaci\u00f3n de Mujeres \u201cLa Primavera\u201d.<\/p>\n<p>Despu\u00e9s de la actuaci\u00f3n de la <strong>rondalla \u201cLa Serrana\u201d<\/strong> a mediod\u00eda, el espect\u00e1culo continuar\u00e1 por la tarde. A las 16.00 h. habr\u00e1 una sesi\u00f3n de <strong>circo activo con el espect\u00e1culo \u201cAire<\/strong>\u201d. Finalmente, el Encuentro M\u00fasica y Gastronom\u00eda Tradicional se cerrar\u00e1 con el <strong>taller de iniciaci\u00f3n al teatro<\/strong>.<\/p>\n<p>La recreaci\u00f3n de una <strong>Boda Torniega<\/strong> clausurar\u00e1 las celebraciones del oto\u00f1o en el Valle del Jerte. El municipio de El Torno acoger\u00e1 este s\u00e1bado un rito tradicional todav\u00eda vivo en la comarca. As\u00ed, a las <strong>11.00 h. el pasacalles<\/strong> anunciar\u00e1 el comienzo de la celebraci\u00f3n. Una hora despu\u00e9s, el novio recoger\u00e1 a la novia acompa\u00f1ado de m\u00fasica y cantos. Seguir\u00e1n el baile del rosc\u00f3n, una degustaci\u00f3n de chocolate y rosas y\u00a0el baile de boda popular. La actuaci\u00f3n de la cantante <a href=\"http:\/\/www.estelademaria.com\/\">Estela de Mar\u00eda<\/a> ser\u00e1 la encargada de poner el broche a esta jornada popular en el Valle.<\/p>\n<p>Por otra parte, el domingo los <a href=\"http:\/\/vallecereza.com\/noticias\/xii-jornadas-gastronomicas-pastoriles\">restaurantes del Jerte<\/a> finalizar\u00e1n sus <strong>Jornadas<\/strong> <strong>Gastron\u00f3micas<\/strong> <strong>Pastoriles<\/strong>. Los men\u00fas oto\u00f1ales se despiden hasta el a\u00f1o que viene. Este fin de semana ten\u00e9is una \u00faltima oportunidad para disfrutarlos.<\/p>\n<p><strong>\u00a0<\/strong><\/p>\n<h3><strong>Actividades deportivas en el Valle \u00a0<\/strong><\/h3>\n<p>Cerrada la Oto\u00f1ada 2017, el pr\u00f3ximo fin de semana se organizan en el Valle dos encuentros para los amantes del deporte y la naturaleza. El d\u00eda 16 se celebra la <a href=\"http:\/\/www.turismovalledeljerte.com\/actualidad-y-agenda\/ruta-solidaria-refugio-de-los-pescadores-el-reboldo\"><strong>III Ruta Solidaria<\/strong><\/a><strong> de la Reserva Natural Garganta de los Infiernos<\/strong>. Este espacio natural saca en el mes de la Navidad su lado m\u00e1s solidario. La Garganta del Jerte organiza una ruta de senderismo para colaborar con AFANORTEX, la Asociaci\u00f3n de Familias Numerosas del Norte de Extremadura. Cada participante de la ruta donar\u00e1 un alimento no perecedero para ayudar a este colectivo.<\/p>\n<p>Al d\u00eda siguiente se realizar\u00e1 la <strong>Ruta de BTT Pueblos del Jerte<\/strong>. Esta ruta de 50 km saldr\u00e1 de Jerte y recorrer\u00e1 los distintos municipios de la comarca. Los ciclistas podr\u00e1n disfrutar de los paisajes del Jerte en los \u00faltimos d\u00edas del oto\u00f1o.<\/p>\n","protected":false},"excerpt":{"rendered":"<p>La Oto\u00f1ada 2017 llega a su final este fin de semana. A pocas semanas de que comience el invierno, despedimos el oto\u00f1o en el Valle del Jerte con m\u00fasica y propuestas gastron\u00f3micas. El 8 de diciembre se celebra en el municipio de Cabrero el III Encuentro M\u00fasica y Gastronom\u00eda Tradicional. Esta jornada de exaltaci\u00f3n de [&hellip;]<\/p>\n","protected":false},"author":2,"featured_media":20047,"comment_status":"closed","ping_status":"open","sticky":false,"template":"","format":"standard","meta":{"footnotes":""},"categories":[1101],"tags":[549,40,970],"class_list":["post-20046","post","type-post","status-publish","format-standard","has-post-thumbnail","hentry","category-blog-es","tag-deporte-en-el-valle-del-jerte","tag-otonada","tag-otonada-2017"],"yoast_head":"<!-- This site is optimized with the Yoast SEO Premium plugin v25.0 (Yoast SEO v27.4) - https:\/\/yoast.com\/product\/yoast-seo-premium-wordpress\/ -->\n<title>M\u00fasica y gastronom\u00eda para despedir el oto\u00f1o en el Valle del Jerte<\/title>\n<meta name=\"description\" content=\"La Oto\u00f1ada 2017 llega a su final este fin de semana. A pocas semanas de que comience el invierno, despedimos el oto\u00f1o en el Valle del Jerte con m\u00fasica.\" \/>\n<meta name=\"robots\" content=\"index, follow, max-snippet:-1, max-image-preview:large, max-video-preview:-1\" \/>\n<link rel=\"canonical\" href=\"https:\/\/cerezadeljerte.org\/en\/musica-gastronomia-despedir-la-otonada-2017\/\" \/>\n<meta property=\"og:locale\" content=\"en_US\" \/>\n<meta property=\"og:type\" content=\"article\" \/>\n<meta property=\"og:title\" content=\"M\u00fasica y gastronom\u00eda para despedir el oto\u00f1o en el Valle del Jerte\" \/>\n<meta property=\"og:description\" content=\"La Oto\u00f1ada 2017 llega a su final este fin de semana. A pocas semanas de que comience el invierno, despedimos el oto\u00f1o en el Valle del Jerte con m\u00fasica.\" \/>\n<meta property=\"og:url\" content=\"https:\/\/cerezadeljerte.org\/en\/musica-gastronomia-despedir-la-otonada-2017\/\" \/>\n<meta property=\"og:site_name\" content=\"cerezadeljerte.org\" \/>\n<meta property=\"article:publisher\" content=\"https:\/\/m.facebook.com\/PICOTADELJERTE\/\" \/>\n<meta property=\"article:published_time\" content=\"2017-12-07T18:42:42+00:00\" \/>\n<meta property=\"article:modified_time\" content=\"2025-02-11T22:19:33+00:00\" \/>\n<meta property=\"og:image\" content=\"https:\/\/cerezadeljerte.org\/wp-content\/uploads\/2017\/11\/oto\u00f1ada-2017.png\" \/>\n\t<meta property=\"og:image:width\" content=\"385\" \/>\n\t<meta property=\"og:image:height\" content=\"281\" \/>\n\t<meta property=\"og:image:type\" content=\"image\/png\" \/>\n<meta name=\"author\" content=\"Picota\" \/>\n<meta name=\"twitter:card\" content=\"summary_large_image\" \/>\n<meta name=\"twitter:creator\" content=\"@CEREZADELJERTE\" \/>\n<meta name=\"twitter:site\" content=\"@CEREZADELJERTE\" \/>\n<script type=\"application\/ld+json\" class=\"yoast-schema-graph\">{\"@context\":\"https:\\\/\\\/schema.org\",\"@graph\":[{\"@type\":\"Article\",\"@id\":\"https:\\\/\\\/cerezadeljerte.org\\\/en\\\/musica-gastronomia-despedir-la-otonada-2017\\\/#article\",\"isPartOf\":{\"@id\":\"https:\\\/\\\/cerezadeljerte.org\\\/en\\\/musica-gastronomia-despedir-la-otonada-2017\\\/\"},\"author\":{\"name\":\"Picota\",\"@id\":\"https:\\\/\\\/cerezadeljerte.org\\\/en\\\/#\\\/schema\\\/person\\\/db07785007f349f8eeb003c8f96d3a63\"},\"headline\":\"M\u00fasica y gastronom\u00eda para despedir el oto\u00f1o en el Valle del Jerte\",\"datePublished\":\"2017-12-07T18:42:42+00:00\",\"dateModified\":\"2025-02-11T22:19:33+00:00\",\"mainEntityOfPage\":{\"@id\":\"https:\\\/\\\/cerezadeljerte.org\\\/en\\\/musica-gastronomia-despedir-la-otonada-2017\\\/\"},\"wordCount\":497,\"publisher\":{\"@id\":\"https:\\\/\\\/cerezadeljerte.org\\\/en\\\/#organization\"},\"image\":{\"@id\":\"https:\\\/\\\/cerezadeljerte.org\\\/en\\\/musica-gastronomia-despedir-la-otonada-2017\\\/#primaryimage\"},\"thumbnailUrl\":\"https:\\\/\\\/cerezadeljerte.org\\\/wp-content\\\/uploads\\\/2017\\\/11\\\/oto\u00f1ada-2017.png\",\"keywords\":[\"deporte en el Valle del Jerte\",\"Oto\u00f1ada\",\"Oto\u00f1ada 2017\"],\"articleSection\":[\"blog es\"],\"inLanguage\":\"en-US\"},{\"@type\":\"WebPage\",\"@id\":\"https:\\\/\\\/cerezadeljerte.org\\\/en\\\/musica-gastronomia-despedir-la-otonada-2017\\\/\",\"url\":\"https:\\\/\\\/cerezadeljerte.org\\\/en\\\/musica-gastronomia-despedir-la-otonada-2017\\\/\",\"name\":\"M\u00fasica y gastronom\u00eda para despedir el oto\u00f1o en el Valle del Jerte\",\"isPartOf\":{\"@id\":\"https:\\\/\\\/cerezadeljerte.org\\\/en\\\/#website\"},\"primaryImageOfPage\":{\"@id\":\"https:\\\/\\\/cerezadeljerte.org\\\/en\\\/musica-gastronomia-despedir-la-otonada-2017\\\/#primaryimage\"},\"image\":{\"@id\":\"https:\\\/\\\/cerezadeljerte.org\\\/en\\\/musica-gastronomia-despedir-la-otonada-2017\\\/#primaryimage\"},\"thumbnailUrl\":\"https:\\\/\\\/cerezadeljerte.org\\\/wp-content\\\/uploads\\\/2017\\\/11\\\/oto\u00f1ada-2017.png\",\"datePublished\":\"2017-12-07T18:42:42+00:00\",\"dateModified\":\"2025-02-11T22:19:33+00:00\",\"description\":\"La Oto\u00f1ada 2017 llega a su final este fin de semana. A pocas semanas de que comience el invierno, despedimos el oto\u00f1o en el Valle del Jerte con m\u00fasica.\",\"breadcrumb\":{\"@id\":\"https:\\\/\\\/cerezadeljerte.org\\\/en\\\/musica-gastronomia-despedir-la-otonada-2017\\\/#breadcrumb\"},\"inLanguage\":\"en-US\",\"potentialAction\":[{\"@type\":\"ReadAction\",\"target\":[\"https:\\\/\\\/cerezadeljerte.org\\\/en\\\/musica-gastronomia-despedir-la-otonada-2017\\\/\"]}]},{\"@type\":\"ImageObject\",\"inLanguage\":\"en-US\",\"@id\":\"https:\\\/\\\/cerezadeljerte.org\\\/en\\\/musica-gastronomia-despedir-la-otonada-2017\\\/#primaryimage\",\"url\":\"https:\\\/\\\/cerezadeljerte.org\\\/wp-content\\\/uploads\\\/2017\\\/11\\\/oto\u00f1ada-2017.png\",\"contentUrl\":\"https:\\\/\\\/cerezadeljerte.org\\\/wp-content\\\/uploads\\\/2017\\\/11\\\/oto\u00f1ada-2017.png\",\"width\":385,\"height\":281},{\"@type\":\"BreadcrumbList\",\"@id\":\"https:\\\/\\\/cerezadeljerte.org\\\/en\\\/musica-gastronomia-despedir-la-otonada-2017\\\/#breadcrumb\",\"itemListElement\":[{\"@type\":\"ListItem\",\"position\":1,\"name\":\"Portada\",\"item\":\"https:\\\/\\\/cerezadeljerte.org\\\/en\\\/\"},{\"@type\":\"ListItem\",\"position\":2,\"name\":\"M\u00fasica y gastronom\u00eda para despedir el oto\u00f1o en el Valle del Jerte\"}]},{\"@type\":\"WebSite\",\"@id\":\"https:\\\/\\\/cerezadeljerte.org\\\/en\\\/#website\",\"url\":\"https:\\\/\\\/cerezadeljerte.org\\\/en\\\/\",\"name\":\"cerezadeljerte.org\",\"description\":\"you\u2019re great, little one\",\"publisher\":{\"@id\":\"https:\\\/\\\/cerezadeljerte.org\\\/en\\\/#organization\"},\"alternateName\":\"Denominaci\u00f3n de Origen de Cereza del Jerte\",\"potentialAction\":[{\"@type\":\"SearchAction\",\"target\":{\"@type\":\"EntryPoint\",\"urlTemplate\":\"https:\\\/\\\/cerezadeljerte.org\\\/en\\\/?s={search_term_string}\"},\"query-input\":{\"@type\":\"PropertyValueSpecification\",\"valueRequired\":true,\"valueName\":\"search_term_string\"}}],\"inLanguage\":\"en-US\"},{\"@type\":\"Organization\",\"@id\":\"https:\\\/\\\/cerezadeljerte.org\\\/en\\\/#organization\",\"name\":\"cerezadeljerte.org\",\"alternateName\":\"Denominaci\u00f3n de Origen Cereza del Jerte\",\"url\":\"https:\\\/\\\/cerezadeljerte.org\\\/en\\\/\",\"logo\":{\"@type\":\"ImageObject\",\"inLanguage\":\"en-US\",\"@id\":\"https:\\\/\\\/cerezadeljerte.org\\\/en\\\/#\\\/schema\\\/logo\\\/image\\\/\",\"url\":\"https:\\\/\\\/cerezadeljerte.org\\\/wp-content\\\/uploads\\\/2024\\\/05\\\/CONSEJO-REGULADOR-D.O.P_p.png\",\"contentUrl\":\"https:\\\/\\\/cerezadeljerte.org\\\/wp-content\\\/uploads\\\/2024\\\/05\\\/CONSEJO-REGULADOR-D.O.P_p.png\",\"width\":550,\"height\":219,\"caption\":\"cerezadeljerte.org\"},\"image\":{\"@id\":\"https:\\\/\\\/cerezadeljerte.org\\\/en\\\/#\\\/schema\\\/logo\\\/image\\\/\"},\"sameAs\":[\"https:\\\/\\\/m.facebook.com\\\/PICOTADELJERTE\\\/\",\"https:\\\/\\\/x.com\\\/CEREZADELJERTE\"]},{\"@type\":\"Person\",\"@id\":\"https:\\\/\\\/cerezadeljerte.org\\\/en\\\/#\\\/schema\\\/person\\\/db07785007f349f8eeb003c8f96d3a63\",\"name\":\"Picota\",\"image\":{\"@type\":\"ImageObject\",\"inLanguage\":\"en-US\",\"@id\":\"https:\\\/\\\/secure.gravatar.com\\\/avatar\\\/ee24ef6a3b49d093f6bd594b1bdd386106677c83a47a3907489168695fab5834?s=96&d=mm&r=g\",\"url\":\"https:\\\/\\\/secure.gravatar.com\\\/avatar\\\/ee24ef6a3b49d093f6bd594b1bdd386106677c83a47a3907489168695fab5834?s=96&d=mm&r=g\",\"contentUrl\":\"https:\\\/\\\/secure.gravatar.com\\\/avatar\\\/ee24ef6a3b49d093f6bd594b1bdd386106677c83a47a3907489168695fab5834?s=96&d=mm&r=g\",\"caption\":\"Picota\"},\"url\":\"https:\\\/\\\/cerezadeljerte.org\\\/en\\\/author\\\/picota\\\/\"}]}<\/script>\n<!-- \/ Yoast SEO Premium plugin. -->","yoast_head_json":{"title":"M\u00fasica y gastronom\u00eda para despedir el oto\u00f1o en el Valle del Jerte","description":"La Oto\u00f1ada 2017 llega a su final este fin de semana. A pocas semanas de que comience el invierno, despedimos el oto\u00f1o en el Valle del Jerte con m\u00fasica.","robots":{"index":"index","follow":"follow","max-snippet":"max-snippet:-1","max-image-preview":"max-image-preview:large","max-video-preview":"max-video-preview:-1"},"canonical":"https:\/\/cerezadeljerte.org\/en\/musica-gastronomia-despedir-la-otonada-2017\/","og_locale":"en_US","og_type":"article","og_title":"M\u00fasica y gastronom\u00eda para despedir el oto\u00f1o en el Valle del Jerte","og_description":"La Oto\u00f1ada 2017 llega a su final este fin de semana. A pocas semanas de que comience el invierno, despedimos el oto\u00f1o en el Valle del Jerte con m\u00fasica.","og_url":"https:\/\/cerezadeljerte.org\/en\/musica-gastronomia-despedir-la-otonada-2017\/","og_site_name":"cerezadeljerte.org","article_publisher":"https:\/\/m.facebook.com\/PICOTADELJERTE\/","article_published_time":"2017-12-07T18:42:42+00:00","article_modified_time":"2025-02-11T22:19:33+00:00","og_image":[{"width":385,"height":281,"url":"https:\/\/cerezadeljerte.org\/wp-content\/uploads\/2017\/11\/oto\u00f1ada-2017.png","type":"image\/png"}],"author":"Picota","twitter_card":"summary_large_image","twitter_creator":"@CEREZADELJERTE","twitter_site":"@CEREZADELJERTE","schema":{"@context":"https:\/\/schema.org","@graph":[{"@type":"Article","@id":"https:\/\/cerezadeljerte.org\/en\/musica-gastronomia-despedir-la-otonada-2017\/#article","isPartOf":{"@id":"https:\/\/cerezadeljerte.org\/en\/musica-gastronomia-despedir-la-otonada-2017\/"},"author":{"name":"Picota","@id":"https:\/\/cerezadeljerte.org\/en\/#\/schema\/person\/db07785007f349f8eeb003c8f96d3a63"},"headline":"M\u00fasica y gastronom\u00eda para despedir el oto\u00f1o en el Valle del Jerte","datePublished":"2017-12-07T18:42:42+00:00","dateModified":"2025-02-11T22:19:33+00:00","mainEntityOfPage":{"@id":"https:\/\/cerezadeljerte.org\/en\/musica-gastronomia-despedir-la-otonada-2017\/"},"wordCount":497,"publisher":{"@id":"https:\/\/cerezadeljerte.org\/en\/#organization"},"image":{"@id":"https:\/\/cerezadeljerte.org\/en\/musica-gastronomia-despedir-la-otonada-2017\/#primaryimage"},"thumbnailUrl":"https:\/\/cerezadeljerte.org\/wp-content\/uploads\/2017\/11\/oto\u00f1ada-2017.png","keywords":["deporte en el Valle del Jerte","Oto\u00f1ada","Oto\u00f1ada 2017"],"articleSection":["blog es"],"inLanguage":"en-US"},{"@type":"WebPage","@id":"https:\/\/cerezadeljerte.org\/en\/musica-gastronomia-despedir-la-otonada-2017\/","url":"https:\/\/cerezadeljerte.org\/en\/musica-gastronomia-despedir-la-otonada-2017\/","name":"M\u00fasica y gastronom\u00eda para despedir el oto\u00f1o en el Valle del Jerte","isPartOf":{"@id":"https:\/\/cerezadeljerte.org\/en\/#website"},"primaryImageOfPage":{"@id":"https:\/\/cerezadeljerte.org\/en\/musica-gastronomia-despedir-la-otonada-2017\/#primaryimage"},"image":{"@id":"https:\/\/cerezadeljerte.org\/en\/musica-gastronomia-despedir-la-otonada-2017\/#primaryimage"},"thumbnailUrl":"https:\/\/cerezadeljerte.org\/wp-content\/uploads\/2017\/11\/oto\u00f1ada-2017.png","datePublished":"2017-12-07T18:42:42+00:00","dateModified":"2025-02-11T22:19:33+00:00","description":"La Oto\u00f1ada 2017 llega a su final este fin de semana. A pocas semanas de que comience el invierno, despedimos el oto\u00f1o en el Valle del Jerte con m\u00fasica.","breadcrumb":{"@id":"https:\/\/cerezadeljerte.org\/en\/musica-gastronomia-despedir-la-otonada-2017\/#breadcrumb"},"inLanguage":"en-US","potentialAction":[{"@type":"ReadAction","target":["https:\/\/cerezadeljerte.org\/en\/musica-gastronomia-despedir-la-otonada-2017\/"]}]},{"@type":"ImageObject","inLanguage":"en-US","@id":"https:\/\/cerezadeljerte.org\/en\/musica-gastronomia-despedir-la-otonada-2017\/#primaryimage","url":"https:\/\/cerezadeljerte.org\/wp-content\/uploads\/2017\/11\/oto\u00f1ada-2017.png","contentUrl":"https:\/\/cerezadeljerte.org\/wp-content\/uploads\/2017\/11\/oto\u00f1ada-2017.png","width":385,"height":281},{"@type":"BreadcrumbList","@id":"https:\/\/cerezadeljerte.org\/en\/musica-gastronomia-despedir-la-otonada-2017\/#breadcrumb","itemListElement":[{"@type":"ListItem","position":1,"name":"Portada","item":"https:\/\/cerezadeljerte.org\/en\/"},{"@type":"ListItem","position":2,"name":"M\u00fasica y gastronom\u00eda para despedir el oto\u00f1o en el Valle del Jerte"}]},{"@type":"WebSite","@id":"https:\/\/cerezadeljerte.org\/en\/#website","url":"https:\/\/cerezadeljerte.org\/en\/","name":"cerezadeljerte.org","description":"you\u2019re great, little one","publisher":{"@id":"https:\/\/cerezadeljerte.org\/en\/#organization"},"alternateName":"Denominaci\u00f3n de Origen de Cereza del Jerte","potentialAction":[{"@type":"SearchAction","target":{"@type":"EntryPoint","urlTemplate":"https:\/\/cerezadeljerte.org\/en\/?s={search_term_string}"},"query-input":{"@type":"PropertyValueSpecification","valueRequired":true,"valueName":"search_term_string"}}],"inLanguage":"en-US"},{"@type":"Organization","@id":"https:\/\/cerezadeljerte.org\/en\/#organization","name":"cerezadeljerte.org","alternateName":"Denominaci\u00f3n de Origen Cereza del Jerte","url":"https:\/\/cerezadeljerte.org\/en\/","logo":{"@type":"ImageObject","inLanguage":"en-US","@id":"https:\/\/cerezadeljerte.org\/en\/#\/schema\/logo\/image\/","url":"https:\/\/cerezadeljerte.org\/wp-content\/uploads\/2024\/05\/CONSEJO-REGULADOR-D.O.P_p.png","contentUrl":"https:\/\/cerezadeljerte.org\/wp-content\/uploads\/2024\/05\/CONSEJO-REGULADOR-D.O.P_p.png","width":550,"height":219,"caption":"cerezadeljerte.org"},"image":{"@id":"https:\/\/cerezadeljerte.org\/en\/#\/schema\/logo\/image\/"},"sameAs":["https:\/\/m.facebook.com\/PICOTADELJERTE\/","https:\/\/x.com\/CEREZADELJERTE"]},{"@type":"Person","@id":"https:\/\/cerezadeljerte.org\/en\/#\/schema\/person\/db07785007f349f8eeb003c8f96d3a63","name":"Picota","image":{"@type":"ImageObject","inLanguage":"en-US","@id":"https:\/\/secure.gravatar.com\/avatar\/ee24ef6a3b49d093f6bd594b1bdd386106677c83a47a3907489168695fab5834?s=96&d=mm&r=g","url":"https:\/\/secure.gravatar.com\/avatar\/ee24ef6a3b49d093f6bd594b1bdd386106677c83a47a3907489168695fab5834?s=96&d=mm&r=g","contentUrl":"https:\/\/secure.gravatar.com\/avatar\/ee24ef6a3b49d093f6bd594b1bdd386106677c83a47a3907489168695fab5834?s=96&d=mm&r=g","caption":"Picota"},"url":"https:\/\/cerezadeljerte.org\/en\/author\/picota\/"}]}},"_links":{"self":[{"href":"https:\/\/cerezadeljerte.org\/en\/wp-json\/wp\/v2\/posts\/20046","targetHints":{"allow":["GET"]}}],"collection":[{"href":"https:\/\/cerezadeljerte.org\/en\/wp-json\/wp\/v2\/posts"}],"about":[{"href":"https:\/\/cerezadeljerte.org\/en\/wp-json\/wp\/v2\/types\/post"}],"author":[{"embeddable":true,"href":"https:\/\/cerezadeljerte.org\/en\/wp-json\/wp\/v2\/users\/2"}],"replies":[{"embeddable":true,"href":"https:\/\/cerezadeljerte.org\/en\/wp-json\/wp\/v2\/comments?post=20046"}],"version-history":[{"count":1,"href":"https:\/\/cerezadeljerte.org\/en\/wp-json\/wp\/v2\/posts\/20046\/revisions"}],"predecessor-version":[{"id":25039,"href":"https:\/\/cerezadeljerte.org\/en\/wp-json\/wp\/v2\/posts\/20046\/revisions\/25039"}],"wp:featuredmedia":[{"embeddable":true,"href":"https:\/\/cerezadeljerte.org\/en\/wp-json\/wp\/v2\/media\/20047"}],"wp:attachment":[{"href":"https:\/\/cerezadeljerte.org\/en\/wp-json\/wp\/v2\/media?parent=20046"}],"wp:term":[{"taxonomy":"category","embeddable":true,"href":"https:\/\/cerezadeljerte.org\/en\/wp-json\/wp\/v2\/categories?post=20046"},{"taxonomy":"post_tag","embeddable":true,"href":"https:\/\/cerezadeljerte.org\/en\/wp-json\/wp\/v2\/tags?post=20046"}],"curies":[{"name":"wp","href":"https:\/\/api.w.org\/{rel}","templated":true}]}}