{"id":20044,"date":"2017-12-13T15:02:25","date_gmt":"2017-12-13T14:02:25","guid":{"rendered":"https:\/\/cerezadeljerte.org\/?p=10169"},"modified":"2025-02-11T23:19:32","modified_gmt":"2025-02-11T22:19:32","slug":"las-ix-jornadas-tecnicas-picota-del-jerte-abordan-aspectos-sanidad-vegetal-promocion-la-cereza","status":"publish","type":"post","link":"https:\/\/cerezadeljerte.org\/en\/las-ix-jornadas-tecnicas-picota-del-jerte-abordan-aspectos-sanidad-vegetal-promocion-la-cereza\/","title":{"rendered":"Las IX Jornadas T\u00e9cnicas Picota del Jerte abordan aspectos de sanidad vegetal y promoci\u00f3n de la cereza"},"content":{"rendered":"<p>El Consejo Regulador de la Denominaci\u00f3n de Origen Protegida Cereza del Jerte ha celebrado hoy las IX Jornadas T\u00e9cnicas Picota del Jerte. El evento ha tenido lugar en colaboraci\u00f3n con la Mancomunidad Valle del Jerte. Destacados expertos hablaron de este cultivo singular del Valle del Jerte y los colindantes valles del Ambroz y La Vera. El objetivo de este encuentro anual es divulgar las claves de esta cereza y su promoci\u00f3n.<\/p>\n<p>Celebradas el Hotel Balneario Valle del Jerte, se trataron aspectos de sanidad vegetal y cuidado del cerezo. As\u00ed como otros relacionados con la comercializaci\u00f3n del producto.<\/p>\n<h4>Sanidad vegetal y aspectos fitopatol\u00f3gicos<\/h4>\n<p>Las Jornadas arrancaron con el t\u00e9cnico ATESVE de la Cooperativa San Lorenzo de Garganta de la Olla, Daniel Amador D\u00eda. Explic\u00f3 los aspectos fitopatol\u00f3gicos m\u00e1s importantes en la campa\u00f1a 2017. A continuaci\u00f3n, la t\u00e9cnica de Iniciativas Econ\u00f3micas y Ambientales de la Junta de Extremadura, Elena Garc\u00eda Garrido, habl\u00f3 del plan operativo del cerezo.<\/p>\n<p>Desde el Centro de Investigaciones Cient\u00edficas y Tecnol\u00f3gicas de Extremadura y el Instituto Tecnol\u00f3gico Agroalimentario de Extremadura, Manuel Serradilla S\u00e1nchez, trat\u00f3 la calidad del producto. En concreto se refiri\u00f3 a la calidad actual de la cereza en comparaci\u00f3n con campa\u00f1as anteriores. El ingeniero agr\u00f3nomo David Bernardo L\u00f3pez Lluch imparti\u00f3 una ponencia sobre el maridaje entre la Picota del Jerte y el champagne.<\/p>\n<p>El presidente de la Mancomunidad de Municipios Valle del Jerte, Ernesto Agudiez, clausur\u00f3 las jornadas.<\/p>\n","protected":false},"excerpt":{"rendered":"<p>El Consejo Regulador de la Denominaci\u00f3n de Origen Protegida Cereza del Jerte ha celebrado hoy las IX Jornadas T\u00e9cnicas Picota del Jerte. El evento ha tenido lugar en colaboraci\u00f3n con la Mancomunidad Valle del Jerte. Destacados expertos hablaron de este cultivo singular del Valle del Jerte y los colindantes valles del Ambroz y La Vera. [&hellip;]<\/p>\n","protected":false},"author":2,"featured_media":20045,"comment_status":"closed","ping_status":"open","sticky":false,"template":"","format":"standard","meta":{"footnotes":""},"categories":[1101],"tags":[],"class_list":["post-20044","post","type-post","status-publish","format-standard","has-post-thumbnail","hentry","category-blog-es"],"yoast_head":"<!-- This site is optimized with the Yoast SEO Premium plugin v25.0 (Yoast SEO v27.4) - https:\/\/yoast.com\/product\/yoast-seo-premium-wordpress\/ -->\n<title>Las Jornadas T\u00e9cnicas Picota abordan aspectos de sanidad vegetal<\/title>\n<meta name=\"description\" content=\"Las IX Jornadas T\u00e9cnicas Picota del Jerte han abordado este a\u00f1o aspectos de sanidad vegetal y promoci\u00f3n del cultivo.\" \/>\n<meta name=\"robots\" content=\"index, follow, max-snippet:-1, max-image-preview:large, max-video-preview:-1\" \/>\n<link rel=\"canonical\" href=\"https:\/\/cerezadeljerte.org\/en\/las-ix-jornadas-tecnicas-picota-del-jerte-abordan-aspectos-sanidad-vegetal-promocion-la-cereza\/\" \/>\n<meta property=\"og:locale\" content=\"en_US\" \/>\n<meta property=\"og:type\" content=\"article\" \/>\n<meta property=\"og:title\" content=\"Las IX Jornadas T\u00e9cnicas Picota del Jerte abordan aspectos de sanidad vegetal y promoci\u00f3n de la cereza\" \/>\n<meta property=\"og:description\" content=\"Las IX Jornadas T\u00e9cnicas Picota del Jerte han abordado este a\u00f1o aspectos de sanidad vegetal y promoci\u00f3n del cultivo.\" \/>\n<meta property=\"og:url\" content=\"https:\/\/cerezadeljerte.org\/en\/las-ix-jornadas-tecnicas-picota-del-jerte-abordan-aspectos-sanidad-vegetal-promocion-la-cereza\/\" \/>\n<meta property=\"og:site_name\" content=\"cerezadeljerte.org\" \/>\n<meta property=\"article:publisher\" content=\"https:\/\/m.facebook.com\/PICOTADELJERTE\/\" \/>\n<meta property=\"article:published_time\" content=\"2017-12-13T14:02:25+00:00\" \/>\n<meta property=\"article:modified_time\" content=\"2025-02-11T22:19:32+00:00\" \/>\n<meta property=\"og:image\" content=\"https:\/\/cerezadeljerte.org\/wp-content\/uploads\/2017\/12\/IMG-20171213-WA0015.jpg\" \/>\n\t<meta property=\"og:image:width\" content=\"1200\" \/>\n\t<meta property=\"og:image:height\" content=\"674\" \/>\n\t<meta property=\"og:image:type\" content=\"image\/jpeg\" \/>\n<meta name=\"author\" content=\"Picota\" \/>\n<meta name=\"twitter:card\" content=\"summary_large_image\" \/>\n<meta name=\"twitter:creator\" content=\"@CEREZADELJERTE\" \/>\n<meta name=\"twitter:site\" content=\"@CEREZADELJERTE\" \/>\n<script type=\"application\/ld+json\" class=\"yoast-schema-graph\">{\"@context\":\"https:\\\/\\\/schema.org\",\"@graph\":[{\"@type\":\"Article\",\"@id\":\"https:\\\/\\\/cerezadeljerte.org\\\/en\\\/las-ix-jornadas-tecnicas-picota-del-jerte-abordan-aspectos-sanidad-vegetal-promocion-la-cereza\\\/#article\",\"isPartOf\":{\"@id\":\"https:\\\/\\\/cerezadeljerte.org\\\/en\\\/las-ix-jornadas-tecnicas-picota-del-jerte-abordan-aspectos-sanidad-vegetal-promocion-la-cereza\\\/\"},\"author\":{\"name\":\"Picota\",\"@id\":\"https:\\\/\\\/cerezadeljerte.org\\\/en\\\/#\\\/schema\\\/person\\\/db07785007f349f8eeb003c8f96d3a63\"},\"headline\":\"Las IX Jornadas T\u00e9cnicas Picota del Jerte abordan aspectos de sanidad vegetal y promoci\u00f3n de la cereza\",\"datePublished\":\"2017-12-13T14:02:25+00:00\",\"dateModified\":\"2025-02-11T22:19:32+00:00\",\"mainEntityOfPage\":{\"@id\":\"https:\\\/\\\/cerezadeljerte.org\\\/en\\\/las-ix-jornadas-tecnicas-picota-del-jerte-abordan-aspectos-sanidad-vegetal-promocion-la-cereza\\\/\"},\"wordCount\":273,\"publisher\":{\"@id\":\"https:\\\/\\\/cerezadeljerte.org\\\/en\\\/#organization\"},\"image\":{\"@id\":\"https:\\\/\\\/cerezadeljerte.org\\\/en\\\/las-ix-jornadas-tecnicas-picota-del-jerte-abordan-aspectos-sanidad-vegetal-promocion-la-cereza\\\/#primaryimage\"},\"thumbnailUrl\":\"https:\\\/\\\/cerezadeljerte.org\\\/wp-content\\\/uploads\\\/2017\\\/12\\\/IMG-20171213-WA0015.jpg\",\"articleSection\":[\"blog es\"],\"inLanguage\":\"en-US\"},{\"@type\":\"WebPage\",\"@id\":\"https:\\\/\\\/cerezadeljerte.org\\\/en\\\/las-ix-jornadas-tecnicas-picota-del-jerte-abordan-aspectos-sanidad-vegetal-promocion-la-cereza\\\/\",\"url\":\"https:\\\/\\\/cerezadeljerte.org\\\/en\\\/las-ix-jornadas-tecnicas-picota-del-jerte-abordan-aspectos-sanidad-vegetal-promocion-la-cereza\\\/\",\"name\":\"Las Jornadas T\u00e9cnicas Picota abordan aspectos de sanidad vegetal\",\"isPartOf\":{\"@id\":\"https:\\\/\\\/cerezadeljerte.org\\\/en\\\/#website\"},\"primaryImageOfPage\":{\"@id\":\"https:\\\/\\\/cerezadeljerte.org\\\/en\\\/las-ix-jornadas-tecnicas-picota-del-jerte-abordan-aspectos-sanidad-vegetal-promocion-la-cereza\\\/#primaryimage\"},\"image\":{\"@id\":\"https:\\\/\\\/cerezadeljerte.org\\\/en\\\/las-ix-jornadas-tecnicas-picota-del-jerte-abordan-aspectos-sanidad-vegetal-promocion-la-cereza\\\/#primaryimage\"},\"thumbnailUrl\":\"https:\\\/\\\/cerezadeljerte.org\\\/wp-content\\\/uploads\\\/2017\\\/12\\\/IMG-20171213-WA0015.jpg\",\"datePublished\":\"2017-12-13T14:02:25+00:00\",\"dateModified\":\"2025-02-11T22:19:32+00:00\",\"description\":\"Las IX Jornadas T\u00e9cnicas Picota del Jerte han abordado este a\u00f1o aspectos de sanidad vegetal y promoci\u00f3n del cultivo.\",\"breadcrumb\":{\"@id\":\"https:\\\/\\\/cerezadeljerte.org\\\/en\\\/las-ix-jornadas-tecnicas-picota-del-jerte-abordan-aspectos-sanidad-vegetal-promocion-la-cereza\\\/#breadcrumb\"},\"inLanguage\":\"en-US\",\"potentialAction\":[{\"@type\":\"ReadAction\",\"target\":[\"https:\\\/\\\/cerezadeljerte.org\\\/en\\\/las-ix-jornadas-tecnicas-picota-del-jerte-abordan-aspectos-sanidad-vegetal-promocion-la-cereza\\\/\"]}]},{\"@type\":\"ImageObject\",\"inLanguage\":\"en-US\",\"@id\":\"https:\\\/\\\/cerezadeljerte.org\\\/en\\\/las-ix-jornadas-tecnicas-picota-del-jerte-abordan-aspectos-sanidad-vegetal-promocion-la-cereza\\\/#primaryimage\",\"url\":\"https:\\\/\\\/cerezadeljerte.org\\\/wp-content\\\/uploads\\\/2017\\\/12\\\/IMG-20171213-WA0015.jpg\",\"contentUrl\":\"https:\\\/\\\/cerezadeljerte.org\\\/wp-content\\\/uploads\\\/2017\\\/12\\\/IMG-20171213-WA0015.jpg\",\"width\":1200,\"height\":674},{\"@type\":\"BreadcrumbList\",\"@id\":\"https:\\\/\\\/cerezadeljerte.org\\\/en\\\/las-ix-jornadas-tecnicas-picota-del-jerte-abordan-aspectos-sanidad-vegetal-promocion-la-cereza\\\/#breadcrumb\",\"itemListElement\":[{\"@type\":\"ListItem\",\"position\":1,\"name\":\"Portada\",\"item\":\"https:\\\/\\\/cerezadeljerte.org\\\/en\\\/\"},{\"@type\":\"ListItem\",\"position\":2,\"name\":\"Las IX Jornadas T\u00e9cnicas Picota del Jerte abordan aspectos de sanidad vegetal y promoci\u00f3n de la cereza\"}]},{\"@type\":\"WebSite\",\"@id\":\"https:\\\/\\\/cerezadeljerte.org\\\/en\\\/#website\",\"url\":\"https:\\\/\\\/cerezadeljerte.org\\\/en\\\/\",\"name\":\"cerezadeljerte.org\",\"description\":\"you\u2019re great, little one\",\"publisher\":{\"@id\":\"https:\\\/\\\/cerezadeljerte.org\\\/en\\\/#organization\"},\"alternateName\":\"Denominaci\u00f3n de Origen de Cereza del Jerte\",\"potentialAction\":[{\"@type\":\"SearchAction\",\"target\":{\"@type\":\"EntryPoint\",\"urlTemplate\":\"https:\\\/\\\/cerezadeljerte.org\\\/en\\\/?s={search_term_string}\"},\"query-input\":{\"@type\":\"PropertyValueSpecification\",\"valueRequired\":true,\"valueName\":\"search_term_string\"}}],\"inLanguage\":\"en-US\"},{\"@type\":\"Organization\",\"@id\":\"https:\\\/\\\/cerezadeljerte.org\\\/en\\\/#organization\",\"name\":\"cerezadeljerte.org\",\"alternateName\":\"Denominaci\u00f3n de Origen Cereza del Jerte\",\"url\":\"https:\\\/\\\/cerezadeljerte.org\\\/en\\\/\",\"logo\":{\"@type\":\"ImageObject\",\"inLanguage\":\"en-US\",\"@id\":\"https:\\\/\\\/cerezadeljerte.org\\\/en\\\/#\\\/schema\\\/logo\\\/image\\\/\",\"url\":\"https:\\\/\\\/cerezadeljerte.org\\\/wp-content\\\/uploads\\\/2024\\\/05\\\/CONSEJO-REGULADOR-D.O.P_p.png\",\"contentUrl\":\"https:\\\/\\\/cerezadeljerte.org\\\/wp-content\\\/uploads\\\/2024\\\/05\\\/CONSEJO-REGULADOR-D.O.P_p.png\",\"width\":550,\"height\":219,\"caption\":\"cerezadeljerte.org\"},\"image\":{\"@id\":\"https:\\\/\\\/cerezadeljerte.org\\\/en\\\/#\\\/schema\\\/logo\\\/image\\\/\"},\"sameAs\":[\"https:\\\/\\\/m.facebook.com\\\/PICOTADELJERTE\\\/\",\"https:\\\/\\\/x.com\\\/CEREZADELJERTE\"]},{\"@type\":\"Person\",\"@id\":\"https:\\\/\\\/cerezadeljerte.org\\\/en\\\/#\\\/schema\\\/person\\\/db07785007f349f8eeb003c8f96d3a63\",\"name\":\"Picota\",\"image\":{\"@type\":\"ImageObject\",\"inLanguage\":\"en-US\",\"@id\":\"https:\\\/\\\/secure.gravatar.com\\\/avatar\\\/ee24ef6a3b49d093f6bd594b1bdd386106677c83a47a3907489168695fab5834?s=96&d=mm&r=g\",\"url\":\"https:\\\/\\\/secure.gravatar.com\\\/avatar\\\/ee24ef6a3b49d093f6bd594b1bdd386106677c83a47a3907489168695fab5834?s=96&d=mm&r=g\",\"contentUrl\":\"https:\\\/\\\/secure.gravatar.com\\\/avatar\\\/ee24ef6a3b49d093f6bd594b1bdd386106677c83a47a3907489168695fab5834?s=96&d=mm&r=g\",\"caption\":\"Picota\"},\"url\":\"https:\\\/\\\/cerezadeljerte.org\\\/en\\\/author\\\/picota\\\/\"}]}<\/script>\n<!-- \/ Yoast SEO Premium plugin. -->","yoast_head_json":{"title":"Las Jornadas T\u00e9cnicas Picota abordan aspectos de sanidad vegetal","description":"Las IX Jornadas T\u00e9cnicas Picota del Jerte han abordado este a\u00f1o aspectos de sanidad vegetal y promoci\u00f3n del cultivo.","robots":{"index":"index","follow":"follow","max-snippet":"max-snippet:-1","max-image-preview":"max-image-preview:large","max-video-preview":"max-video-preview:-1"},"canonical":"https:\/\/cerezadeljerte.org\/en\/las-ix-jornadas-tecnicas-picota-del-jerte-abordan-aspectos-sanidad-vegetal-promocion-la-cereza\/","og_locale":"en_US","og_type":"article","og_title":"Las IX Jornadas T\u00e9cnicas Picota del Jerte abordan aspectos de sanidad vegetal y promoci\u00f3n de la cereza","og_description":"Las IX Jornadas T\u00e9cnicas Picota del Jerte han abordado este a\u00f1o aspectos de sanidad vegetal y promoci\u00f3n del cultivo.","og_url":"https:\/\/cerezadeljerte.org\/en\/las-ix-jornadas-tecnicas-picota-del-jerte-abordan-aspectos-sanidad-vegetal-promocion-la-cereza\/","og_site_name":"cerezadeljerte.org","article_publisher":"https:\/\/m.facebook.com\/PICOTADELJERTE\/","article_published_time":"2017-12-13T14:02:25+00:00","article_modified_time":"2025-02-11T22:19:32+00:00","og_image":[{"width":1200,"height":674,"url":"https:\/\/cerezadeljerte.org\/wp-content\/uploads\/2017\/12\/IMG-20171213-WA0015.jpg","type":"image\/jpeg"}],"author":"Picota","twitter_card":"summary_large_image","twitter_creator":"@CEREZADELJERTE","twitter_site":"@CEREZADELJERTE","schema":{"@context":"https:\/\/schema.org","@graph":[{"@type":"Article","@id":"https:\/\/cerezadeljerte.org\/en\/las-ix-jornadas-tecnicas-picota-del-jerte-abordan-aspectos-sanidad-vegetal-promocion-la-cereza\/#article","isPartOf":{"@id":"https:\/\/cerezadeljerte.org\/en\/las-ix-jornadas-tecnicas-picota-del-jerte-abordan-aspectos-sanidad-vegetal-promocion-la-cereza\/"},"author":{"name":"Picota","@id":"https:\/\/cerezadeljerte.org\/en\/#\/schema\/person\/db07785007f349f8eeb003c8f96d3a63"},"headline":"Las IX Jornadas T\u00e9cnicas Picota del Jerte abordan aspectos de sanidad vegetal y promoci\u00f3n de la cereza","datePublished":"2017-12-13T14:02:25+00:00","dateModified":"2025-02-11T22:19:32+00:00","mainEntityOfPage":{"@id":"https:\/\/cerezadeljerte.org\/en\/las-ix-jornadas-tecnicas-picota-del-jerte-abordan-aspectos-sanidad-vegetal-promocion-la-cereza\/"},"wordCount":273,"publisher":{"@id":"https:\/\/cerezadeljerte.org\/en\/#organization"},"image":{"@id":"https:\/\/cerezadeljerte.org\/en\/las-ix-jornadas-tecnicas-picota-del-jerte-abordan-aspectos-sanidad-vegetal-promocion-la-cereza\/#primaryimage"},"thumbnailUrl":"https:\/\/cerezadeljerte.org\/wp-content\/uploads\/2017\/12\/IMG-20171213-WA0015.jpg","articleSection":["blog es"],"inLanguage":"en-US"},{"@type":"WebPage","@id":"https:\/\/cerezadeljerte.org\/en\/las-ix-jornadas-tecnicas-picota-del-jerte-abordan-aspectos-sanidad-vegetal-promocion-la-cereza\/","url":"https:\/\/cerezadeljerte.org\/en\/las-ix-jornadas-tecnicas-picota-del-jerte-abordan-aspectos-sanidad-vegetal-promocion-la-cereza\/","name":"Las Jornadas T\u00e9cnicas Picota abordan aspectos de sanidad vegetal","isPartOf":{"@id":"https:\/\/cerezadeljerte.org\/en\/#website"},"primaryImageOfPage":{"@id":"https:\/\/cerezadeljerte.org\/en\/las-ix-jornadas-tecnicas-picota-del-jerte-abordan-aspectos-sanidad-vegetal-promocion-la-cereza\/#primaryimage"},"image":{"@id":"https:\/\/cerezadeljerte.org\/en\/las-ix-jornadas-tecnicas-picota-del-jerte-abordan-aspectos-sanidad-vegetal-promocion-la-cereza\/#primaryimage"},"thumbnailUrl":"https:\/\/cerezadeljerte.org\/wp-content\/uploads\/2017\/12\/IMG-20171213-WA0015.jpg","datePublished":"2017-12-13T14:02:25+00:00","dateModified":"2025-02-11T22:19:32+00:00","description":"Las IX Jornadas T\u00e9cnicas Picota del Jerte han abordado este a\u00f1o aspectos de sanidad vegetal y promoci\u00f3n del cultivo.","breadcrumb":{"@id":"https:\/\/cerezadeljerte.org\/en\/las-ix-jornadas-tecnicas-picota-del-jerte-abordan-aspectos-sanidad-vegetal-promocion-la-cereza\/#breadcrumb"},"inLanguage":"en-US","potentialAction":[{"@type":"ReadAction","target":["https:\/\/cerezadeljerte.org\/en\/las-ix-jornadas-tecnicas-picota-del-jerte-abordan-aspectos-sanidad-vegetal-promocion-la-cereza\/"]}]},{"@type":"ImageObject","inLanguage":"en-US","@id":"https:\/\/cerezadeljerte.org\/en\/las-ix-jornadas-tecnicas-picota-del-jerte-abordan-aspectos-sanidad-vegetal-promocion-la-cereza\/#primaryimage","url":"https:\/\/cerezadeljerte.org\/wp-content\/uploads\/2017\/12\/IMG-20171213-WA0015.jpg","contentUrl":"https:\/\/cerezadeljerte.org\/wp-content\/uploads\/2017\/12\/IMG-20171213-WA0015.jpg","width":1200,"height":674},{"@type":"BreadcrumbList","@id":"https:\/\/cerezadeljerte.org\/en\/las-ix-jornadas-tecnicas-picota-del-jerte-abordan-aspectos-sanidad-vegetal-promocion-la-cereza\/#breadcrumb","itemListElement":[{"@type":"ListItem","position":1,"name":"Portada","item":"https:\/\/cerezadeljerte.org\/en\/"},{"@type":"ListItem","position":2,"name":"Las IX Jornadas T\u00e9cnicas Picota del Jerte abordan aspectos de sanidad vegetal y promoci\u00f3n de la cereza"}]},{"@type":"WebSite","@id":"https:\/\/cerezadeljerte.org\/en\/#website","url":"https:\/\/cerezadeljerte.org\/en\/","name":"cerezadeljerte.org","description":"you\u2019re great, little one","publisher":{"@id":"https:\/\/cerezadeljerte.org\/en\/#organization"},"alternateName":"Denominaci\u00f3n de Origen de Cereza del Jerte","potentialAction":[{"@type":"SearchAction","target":{"@type":"EntryPoint","urlTemplate":"https:\/\/cerezadeljerte.org\/en\/?s={search_term_string}"},"query-input":{"@type":"PropertyValueSpecification","valueRequired":true,"valueName":"search_term_string"}}],"inLanguage":"en-US"},{"@type":"Organization","@id":"https:\/\/cerezadeljerte.org\/en\/#organization","name":"cerezadeljerte.org","alternateName":"Denominaci\u00f3n de Origen Cereza del Jerte","url":"https:\/\/cerezadeljerte.org\/en\/","logo":{"@type":"ImageObject","inLanguage":"en-US","@id":"https:\/\/cerezadeljerte.org\/en\/#\/schema\/logo\/image\/","url":"https:\/\/cerezadeljerte.org\/wp-content\/uploads\/2024\/05\/CONSEJO-REGULADOR-D.O.P_p.png","contentUrl":"https:\/\/cerezadeljerte.org\/wp-content\/uploads\/2024\/05\/CONSEJO-REGULADOR-D.O.P_p.png","width":550,"height":219,"caption":"cerezadeljerte.org"},"image":{"@id":"https:\/\/cerezadeljerte.org\/en\/#\/schema\/logo\/image\/"},"sameAs":["https:\/\/m.facebook.com\/PICOTADELJERTE\/","https:\/\/x.com\/CEREZADELJERTE"]},{"@type":"Person","@id":"https:\/\/cerezadeljerte.org\/en\/#\/schema\/person\/db07785007f349f8eeb003c8f96d3a63","name":"Picota","image":{"@type":"ImageObject","inLanguage":"en-US","@id":"https:\/\/secure.gravatar.com\/avatar\/ee24ef6a3b49d093f6bd594b1bdd386106677c83a47a3907489168695fab5834?s=96&d=mm&r=g","url":"https:\/\/secure.gravatar.com\/avatar\/ee24ef6a3b49d093f6bd594b1bdd386106677c83a47a3907489168695fab5834?s=96&d=mm&r=g","contentUrl":"https:\/\/secure.gravatar.com\/avatar\/ee24ef6a3b49d093f6bd594b1bdd386106677c83a47a3907489168695fab5834?s=96&d=mm&r=g","caption":"Picota"},"url":"https:\/\/cerezadeljerte.org\/en\/author\/picota\/"}]}},"_links":{"self":[{"href":"https:\/\/cerezadeljerte.org\/en\/wp-json\/wp\/v2\/posts\/20044","targetHints":{"allow":["GET"]}}],"collection":[{"href":"https:\/\/cerezadeljerte.org\/en\/wp-json\/wp\/v2\/posts"}],"about":[{"href":"https:\/\/cerezadeljerte.org\/en\/wp-json\/wp\/v2\/types\/post"}],"author":[{"embeddable":true,"href":"https:\/\/cerezadeljerte.org\/en\/wp-json\/wp\/v2\/users\/2"}],"replies":[{"embeddable":true,"href":"https:\/\/cerezadeljerte.org\/en\/wp-json\/wp\/v2\/comments?post=20044"}],"version-history":[{"count":1,"href":"https:\/\/cerezadeljerte.org\/en\/wp-json\/wp\/v2\/posts\/20044\/revisions"}],"predecessor-version":[{"id":25038,"href":"https:\/\/cerezadeljerte.org\/en\/wp-json\/wp\/v2\/posts\/20044\/revisions\/25038"}],"wp:featuredmedia":[{"embeddable":true,"href":"https:\/\/cerezadeljerte.org\/en\/wp-json\/wp\/v2\/media\/20045"}],"wp:attachment":[{"href":"https:\/\/cerezadeljerte.org\/en\/wp-json\/wp\/v2\/media?parent=20044"}],"wp:term":[{"taxonomy":"category","embeddable":true,"href":"https:\/\/cerezadeljerte.org\/en\/wp-json\/wp\/v2\/categories?post=20044"},{"taxonomy":"post_tag","embeddable":true,"href":"https:\/\/cerezadeljerte.org\/en\/wp-json\/wp\/v2\/tags?post=20044"}],"curies":[{"name":"wp","href":"https:\/\/api.w.org\/{rel}","templated":true}]}}