{"id":20042,"date":"2017-12-22T21:23:56","date_gmt":"2017-12-22T20:23:56","guid":{"rendered":"https:\/\/cerezadeljerte.org\/?p=10205"},"modified":"2025-02-11T23:19:32","modified_gmt":"2025-02-11T22:19:32","slug":"navidad-valle-del-jerte","status":"publish","type":"post","link":"https:\/\/cerezadeljerte.org\/en\/navidad-valle-del-jerte\/","title":{"rendered":"Navidad en el Valle del Jerte. Disfr\u00fatala en Piornal, Barrado y Jerte"},"content":{"rendered":"<p>La Navidad en el Valle del Jerte se celebra por todo lo alto. Los municipios de la comarca se preparan para despedir el a\u00f1o y festejan estas fechas con m\u00faltiples actividades. En Piornal, las celebraciones comienzan <a href=\"http:\/\/www.turismovalledeljerte.com\/actualidad-y-agenda\/navidad-en-piornal-programa-de-actividades\">el 22 de diciembre y no se detienen hasta el 7 de enero<\/a>.<\/p>\n<p>Las actividades navide\u00f1as comenzar\u00e1n con la <strong>actuaci\u00f3n de los alumnos del centro M\u00e1ximo Cruz Rebosa <\/strong>el propio 22.\u00a0Y por la tarde la <strong>Ronda \u201cPiornal, el pueblo de los villancicos\u201d<\/strong> sonar\u00e1 por todas las calles del municipio. Al d\u00eda siguiente, habr\u00e1 una sesi\u00f3n de <strong>cine infantil con \u201cZootr\u00f3polis\u201d,<\/strong> y el mi\u00e9rcoles por la tarde se celebrar\u00e1 el <strong>Concurso de Postales Navide\u00f1as<\/strong>.<\/p>\n<p>El 28 de diciembre se realizar\u00e1 un <strong>viaje cultural \u201cCirque du soleil\u201d<\/strong> que saldr\u00e1 del municipio a las 8.00 h. El viernes por la ma\u00f1ana se impartir\u00e1 un <strong>taller de manualidades navide\u00f1as<\/strong>, y por la tarde habr\u00e1 representaci\u00f3n cultural. Podr\u00e1s disfrutar con <strong>\u201cEl folclore, un recurso para la vida\u201d<\/strong>.<\/p>\n<p>El d\u00eda 30 se celebrar\u00e1 la <strong>Carrera de San Silvestre Piornaliega<\/strong>. Una oportunidad perfecta para que los <a href=\"\/?p=5794\">amantes del senderismo disfruten del paisaje de Piornal.<\/a> Y esa misma tarde el autor Sebasti\u00e1n D\u00edaz Iglesias presentar\u00e1 su libro<strong> \u201cEn clave de flamenco<\/strong>\u201d.<\/p>\n<p>Los \u00faltimos d\u00edas del a\u00f1o tambi\u00e9n se disputar\u00e1n los campeonatos de<strong> f\u00fatbol sala de adultos e infantil<\/strong>. Y se impartir\u00e1n el\u00a0<strong>Taller de Folklore<\/strong> y el\u00a0<strong>Taller Intergeneracional de Villancicos Activamente.<\/strong><\/p>\n<p>La Navidad en el Valle del Jerte continuar\u00e1 durante el 2018. La primera actividad del a\u00f1o ser\u00e1 la sesi\u00f3n de cine para adultos el martes 2 de enero con la pel\u00edcula<strong> \u201cLa Ciudad de las estrellas. La la land\u201d. <\/strong>Al d\u00eda siguiente, se emitir\u00e1 <strong>el v\u00eddeo del Taller Intergeneracional de Villancicos<\/strong> en el Sal\u00f3n de Actos del municipio. Y el jueves se celebrar\u00e1 un acto solidario\u00a0 a cargo de los ni\u00f1os de Folklore.\u00a0Representar\u00e1n \u201c<strong>La Rondalla\u201d<\/strong>. El viernes a las 18.30 h., ni\u00f1os y mayores podr\u00e1n disfrutar de la <strong>Cabalgata de Reyes.<\/strong> Saldr\u00e1 de la Cooperativa San Jos\u00e9.<\/p>\n<p>Las actividades de Navidad en el Valle del Jerte terminar\u00e1n con la representaci\u00f3n de<strong> Teatro Familiar \u201cEl misterio del Caldero\u201d.<\/strong><\/p>\n<h3><strong>Vive el teatro en Barrado <\/strong><\/h3>\n<p>Barrado tambi\u00e9n ser\u00e1 otro de los epicentros de la Navidad en el Valle del Jerte. Los d\u00edas 23 y 30 de diciembre se celebrar\u00e1 la <strong>VII edici\u00f3n de Teatro en Barrado<\/strong>. Se interpretar\u00e1n las obras de teatro \u201cEl mejor de los mundos\u201d y \u201cPaulita\u201d, y el mon\u00f3logo \u201cEl Bulto Negro\u201d. El grupo de teatro de la <a href=\"https:\/\/www.facebook.com\/Asociaci%C3%B3n-Cultural-de-Barrado-131452910251794\/\">Asociaci\u00f3n Cultural de Barrado<\/a> representar\u00e1 estas funciones en la Casa de la Cultura del municipio.<\/p>\n<h3><strong>Carrera popular de San Silvestre<\/strong><\/h3>\n<p>Tambi\u00e9n podr\u00e1s despedir el a\u00f1o a toda velocidad en el Valle del Jerte. El municipio de<strong> Jerte<\/strong> se suma a la <strong>carrera popular de San Silvestre<\/strong> que se celebra el \u00faltimo d\u00eda del a\u00f1o. El 31 de diciembre a las 11.30 h. comenzar\u00e1 en la Plaza de la Independencia esta divertida competici\u00f3n. Recorrer\u00e1 unos 2 kil\u00f3metros. Tambi\u00e9n habr\u00e1 competiciones infantiles para los m\u00e1s peque\u00f1os y chocolate con churros para reponer fuerzas al t\u00e9rmino de la carrera.<\/p>\n","protected":false},"excerpt":{"rendered":"<p>La Navidad en el Valle del Jerte se celebra por todo lo alto. Los municipios de la comarca se preparan para despedir el a\u00f1o y festejan estas fechas con m\u00faltiples actividades. En Piornal, las celebraciones comienzan el 22 de diciembre y no se detienen hasta el 7 de enero. Las actividades navide\u00f1as comenzar\u00e1n con la [&hellip;]<\/p>\n","protected":false},"author":2,"featured_media":20043,"comment_status":"closed","ping_status":"open","sticky":false,"template":"","format":"standard","meta":{"footnotes":""},"categories":[1101],"tags":[],"class_list":["post-20042","post","type-post","status-publish","format-standard","has-post-thumbnail","hentry","category-blog-es"],"yoast_head":"<!-- This site is optimized with the Yoast SEO Premium plugin v25.0 (Yoast SEO v27.4) - https:\/\/yoast.com\/product\/yoast-seo-premium-wordpress\/ -->\n<title>Navidad en el Valle del Jerte. Disfr\u00fatala en Piornal, Barrado y Jerte<\/title>\n<meta name=\"description\" content=\"La Navidad en el Valle del Jerte se celebra por todo lo alto. Los municipios de la comarca se preparan para despedir el a\u00f1o y festejan estas fechas con m\u00faltiples actividades.\" \/>\n<meta name=\"robots\" content=\"index, follow, max-snippet:-1, max-image-preview:large, max-video-preview:-1\" \/>\n<link rel=\"canonical\" href=\"https:\/\/cerezadeljerte.org\/en\/navidad-valle-del-jerte\/\" \/>\n<meta property=\"og:locale\" content=\"en_US\" \/>\n<meta property=\"og:type\" content=\"article\" \/>\n<meta property=\"og:title\" content=\"Navidad en el Valle del Jerte. Disfr\u00fatala en Piornal, Barrado y Jerte\" \/>\n<meta property=\"og:description\" content=\"La Navidad en el Valle del Jerte se celebra por todo lo alto. Los municipios de la comarca se preparan para despedir el a\u00f1o y festejan estas fechas con m\u00faltiples actividades.\" \/>\n<meta property=\"og:url\" content=\"https:\/\/cerezadeljerte.org\/en\/navidad-valle-del-jerte\/\" \/>\n<meta property=\"og:site_name\" content=\"cerezadeljerte.org\" \/>\n<meta property=\"article:publisher\" content=\"https:\/\/m.facebook.com\/PICOTADELJERTE\/\" \/>\n<meta property=\"article:published_time\" content=\"2017-12-22T20:23:56+00:00\" \/>\n<meta property=\"article:modified_time\" content=\"2025-02-11T22:19:32+00:00\" \/>\n<meta property=\"og:image\" content=\"https:\/\/cerezadeljerte.org\/wp-content\/uploads\/2017\/12\/Navidad-en-el-Valle-del-Jerte.jpg\" \/>\n\t<meta property=\"og:image:width\" content=\"709\" \/>\n\t<meta property=\"og:image:height\" content=\"493\" \/>\n\t<meta property=\"og:image:type\" content=\"image\/jpeg\" \/>\n<meta name=\"author\" content=\"Picota\" \/>\n<meta name=\"twitter:card\" content=\"summary_large_image\" \/>\n<meta name=\"twitter:creator\" content=\"@CEREZADELJERTE\" \/>\n<meta name=\"twitter:site\" content=\"@CEREZADELJERTE\" \/>\n<script type=\"application\/ld+json\" class=\"yoast-schema-graph\">{\"@context\":\"https:\\\/\\\/schema.org\",\"@graph\":[{\"@type\":\"Article\",\"@id\":\"https:\\\/\\\/cerezadeljerte.org\\\/en\\\/navidad-valle-del-jerte\\\/#article\",\"isPartOf\":{\"@id\":\"https:\\\/\\\/cerezadeljerte.org\\\/en\\\/navidad-valle-del-jerte\\\/\"},\"author\":{\"name\":\"Picota\",\"@id\":\"https:\\\/\\\/cerezadeljerte.org\\\/en\\\/#\\\/schema\\\/person\\\/db07785007f349f8eeb003c8f96d3a63\"},\"headline\":\"Navidad en el Valle del Jerte. Disfr\u00fatala en Piornal, Barrado y Jerte\",\"datePublished\":\"2017-12-22T20:23:56+00:00\",\"dateModified\":\"2025-02-11T22:19:32+00:00\",\"mainEntityOfPage\":{\"@id\":\"https:\\\/\\\/cerezadeljerte.org\\\/en\\\/navidad-valle-del-jerte\\\/\"},\"wordCount\":558,\"publisher\":{\"@id\":\"https:\\\/\\\/cerezadeljerte.org\\\/en\\\/#organization\"},\"image\":{\"@id\":\"https:\\\/\\\/cerezadeljerte.org\\\/en\\\/navidad-valle-del-jerte\\\/#primaryimage\"},\"thumbnailUrl\":\"https:\\\/\\\/cerezadeljerte.org\\\/wp-content\\\/uploads\\\/2017\\\/12\\\/Navidad-en-el-Valle-del-Jerte.jpg\",\"articleSection\":[\"blog es\"],\"inLanguage\":\"en-US\"},{\"@type\":\"WebPage\",\"@id\":\"https:\\\/\\\/cerezadeljerte.org\\\/en\\\/navidad-valle-del-jerte\\\/\",\"url\":\"https:\\\/\\\/cerezadeljerte.org\\\/en\\\/navidad-valle-del-jerte\\\/\",\"name\":\"Navidad en el Valle del Jerte. Disfr\u00fatala en Piornal, Barrado y Jerte\",\"isPartOf\":{\"@id\":\"https:\\\/\\\/cerezadeljerte.org\\\/en\\\/#website\"},\"primaryImageOfPage\":{\"@id\":\"https:\\\/\\\/cerezadeljerte.org\\\/en\\\/navidad-valle-del-jerte\\\/#primaryimage\"},\"image\":{\"@id\":\"https:\\\/\\\/cerezadeljerte.org\\\/en\\\/navidad-valle-del-jerte\\\/#primaryimage\"},\"thumbnailUrl\":\"https:\\\/\\\/cerezadeljerte.org\\\/wp-content\\\/uploads\\\/2017\\\/12\\\/Navidad-en-el-Valle-del-Jerte.jpg\",\"datePublished\":\"2017-12-22T20:23:56+00:00\",\"dateModified\":\"2025-02-11T22:19:32+00:00\",\"description\":\"La Navidad en el Valle del Jerte se celebra por todo lo alto. Los municipios de la comarca se preparan para despedir el a\u00f1o y festejan estas fechas con m\u00faltiples actividades.\",\"breadcrumb\":{\"@id\":\"https:\\\/\\\/cerezadeljerte.org\\\/en\\\/navidad-valle-del-jerte\\\/#breadcrumb\"},\"inLanguage\":\"en-US\",\"potentialAction\":[{\"@type\":\"ReadAction\",\"target\":[\"https:\\\/\\\/cerezadeljerte.org\\\/en\\\/navidad-valle-del-jerte\\\/\"]}]},{\"@type\":\"ImageObject\",\"inLanguage\":\"en-US\",\"@id\":\"https:\\\/\\\/cerezadeljerte.org\\\/en\\\/navidad-valle-del-jerte\\\/#primaryimage\",\"url\":\"https:\\\/\\\/cerezadeljerte.org\\\/wp-content\\\/uploads\\\/2017\\\/12\\\/Navidad-en-el-Valle-del-Jerte.jpg\",\"contentUrl\":\"https:\\\/\\\/cerezadeljerte.org\\\/wp-content\\\/uploads\\\/2017\\\/12\\\/Navidad-en-el-Valle-del-Jerte.jpg\",\"width\":709,\"height\":493,\"caption\":\"Abstract christmas tree made from cutlery on a dark slate,grey stone or concrete background.Top view with copy space.\"},{\"@type\":\"BreadcrumbList\",\"@id\":\"https:\\\/\\\/cerezadeljerte.org\\\/en\\\/navidad-valle-del-jerte\\\/#breadcrumb\",\"itemListElement\":[{\"@type\":\"ListItem\",\"position\":1,\"name\":\"Portada\",\"item\":\"https:\\\/\\\/cerezadeljerte.org\\\/en\\\/\"},{\"@type\":\"ListItem\",\"position\":2,\"name\":\"Navidad en el Valle del Jerte. Disfr\u00fatala en Piornal, Barrado y Jerte\"}]},{\"@type\":\"WebSite\",\"@id\":\"https:\\\/\\\/cerezadeljerte.org\\\/en\\\/#website\",\"url\":\"https:\\\/\\\/cerezadeljerte.org\\\/en\\\/\",\"name\":\"cerezadeljerte.org\",\"description\":\"you\u2019re great, little one\",\"publisher\":{\"@id\":\"https:\\\/\\\/cerezadeljerte.org\\\/en\\\/#organization\"},\"alternateName\":\"Denominaci\u00f3n de Origen de Cereza del Jerte\",\"potentialAction\":[{\"@type\":\"SearchAction\",\"target\":{\"@type\":\"EntryPoint\",\"urlTemplate\":\"https:\\\/\\\/cerezadeljerte.org\\\/en\\\/?s={search_term_string}\"},\"query-input\":{\"@type\":\"PropertyValueSpecification\",\"valueRequired\":true,\"valueName\":\"search_term_string\"}}],\"inLanguage\":\"en-US\"},{\"@type\":\"Organization\",\"@id\":\"https:\\\/\\\/cerezadeljerte.org\\\/en\\\/#organization\",\"name\":\"cerezadeljerte.org\",\"alternateName\":\"Denominaci\u00f3n de Origen Cereza del Jerte\",\"url\":\"https:\\\/\\\/cerezadeljerte.org\\\/en\\\/\",\"logo\":{\"@type\":\"ImageObject\",\"inLanguage\":\"en-US\",\"@id\":\"https:\\\/\\\/cerezadeljerte.org\\\/en\\\/#\\\/schema\\\/logo\\\/image\\\/\",\"url\":\"https:\\\/\\\/cerezadeljerte.org\\\/wp-content\\\/uploads\\\/2024\\\/05\\\/CONSEJO-REGULADOR-D.O.P_p.png\",\"contentUrl\":\"https:\\\/\\\/cerezadeljerte.org\\\/wp-content\\\/uploads\\\/2024\\\/05\\\/CONSEJO-REGULADOR-D.O.P_p.png\",\"width\":550,\"height\":219,\"caption\":\"cerezadeljerte.org\"},\"image\":{\"@id\":\"https:\\\/\\\/cerezadeljerte.org\\\/en\\\/#\\\/schema\\\/logo\\\/image\\\/\"},\"sameAs\":[\"https:\\\/\\\/m.facebook.com\\\/PICOTADELJERTE\\\/\",\"https:\\\/\\\/x.com\\\/CEREZADELJERTE\"]},{\"@type\":\"Person\",\"@id\":\"https:\\\/\\\/cerezadeljerte.org\\\/en\\\/#\\\/schema\\\/person\\\/db07785007f349f8eeb003c8f96d3a63\",\"name\":\"Picota\",\"image\":{\"@type\":\"ImageObject\",\"inLanguage\":\"en-US\",\"@id\":\"https:\\\/\\\/secure.gravatar.com\\\/avatar\\\/ee24ef6a3b49d093f6bd594b1bdd386106677c83a47a3907489168695fab5834?s=96&d=mm&r=g\",\"url\":\"https:\\\/\\\/secure.gravatar.com\\\/avatar\\\/ee24ef6a3b49d093f6bd594b1bdd386106677c83a47a3907489168695fab5834?s=96&d=mm&r=g\",\"contentUrl\":\"https:\\\/\\\/secure.gravatar.com\\\/avatar\\\/ee24ef6a3b49d093f6bd594b1bdd386106677c83a47a3907489168695fab5834?s=96&d=mm&r=g\",\"caption\":\"Picota\"},\"url\":\"https:\\\/\\\/cerezadeljerte.org\\\/en\\\/author\\\/picota\\\/\"}]}<\/script>\n<!-- \/ Yoast SEO Premium plugin. -->","yoast_head_json":{"title":"Navidad en el Valle del Jerte. Disfr\u00fatala en Piornal, Barrado y Jerte","description":"La Navidad en el Valle del Jerte se celebra por todo lo alto. Los municipios de la comarca se preparan para despedir el a\u00f1o y festejan estas fechas con m\u00faltiples actividades.","robots":{"index":"index","follow":"follow","max-snippet":"max-snippet:-1","max-image-preview":"max-image-preview:large","max-video-preview":"max-video-preview:-1"},"canonical":"https:\/\/cerezadeljerte.org\/en\/navidad-valle-del-jerte\/","og_locale":"en_US","og_type":"article","og_title":"Navidad en el Valle del Jerte. Disfr\u00fatala en Piornal, Barrado y Jerte","og_description":"La Navidad en el Valle del Jerte se celebra por todo lo alto. Los municipios de la comarca se preparan para despedir el a\u00f1o y festejan estas fechas con m\u00faltiples actividades.","og_url":"https:\/\/cerezadeljerte.org\/en\/navidad-valle-del-jerte\/","og_site_name":"cerezadeljerte.org","article_publisher":"https:\/\/m.facebook.com\/PICOTADELJERTE\/","article_published_time":"2017-12-22T20:23:56+00:00","article_modified_time":"2025-02-11T22:19:32+00:00","og_image":[{"width":709,"height":493,"url":"https:\/\/cerezadeljerte.org\/wp-content\/uploads\/2017\/12\/Navidad-en-el-Valle-del-Jerte.jpg","type":"image\/jpeg"}],"author":"Picota","twitter_card":"summary_large_image","twitter_creator":"@CEREZADELJERTE","twitter_site":"@CEREZADELJERTE","schema":{"@context":"https:\/\/schema.org","@graph":[{"@type":"Article","@id":"https:\/\/cerezadeljerte.org\/en\/navidad-valle-del-jerte\/#article","isPartOf":{"@id":"https:\/\/cerezadeljerte.org\/en\/navidad-valle-del-jerte\/"},"author":{"name":"Picota","@id":"https:\/\/cerezadeljerte.org\/en\/#\/schema\/person\/db07785007f349f8eeb003c8f96d3a63"},"headline":"Navidad en el Valle del Jerte. Disfr\u00fatala en Piornal, Barrado y Jerte","datePublished":"2017-12-22T20:23:56+00:00","dateModified":"2025-02-11T22:19:32+00:00","mainEntityOfPage":{"@id":"https:\/\/cerezadeljerte.org\/en\/navidad-valle-del-jerte\/"},"wordCount":558,"publisher":{"@id":"https:\/\/cerezadeljerte.org\/en\/#organization"},"image":{"@id":"https:\/\/cerezadeljerte.org\/en\/navidad-valle-del-jerte\/#primaryimage"},"thumbnailUrl":"https:\/\/cerezadeljerte.org\/wp-content\/uploads\/2017\/12\/Navidad-en-el-Valle-del-Jerte.jpg","articleSection":["blog es"],"inLanguage":"en-US"},{"@type":"WebPage","@id":"https:\/\/cerezadeljerte.org\/en\/navidad-valle-del-jerte\/","url":"https:\/\/cerezadeljerte.org\/en\/navidad-valle-del-jerte\/","name":"Navidad en el Valle del Jerte. Disfr\u00fatala en Piornal, Barrado y Jerte","isPartOf":{"@id":"https:\/\/cerezadeljerte.org\/en\/#website"},"primaryImageOfPage":{"@id":"https:\/\/cerezadeljerte.org\/en\/navidad-valle-del-jerte\/#primaryimage"},"image":{"@id":"https:\/\/cerezadeljerte.org\/en\/navidad-valle-del-jerte\/#primaryimage"},"thumbnailUrl":"https:\/\/cerezadeljerte.org\/wp-content\/uploads\/2017\/12\/Navidad-en-el-Valle-del-Jerte.jpg","datePublished":"2017-12-22T20:23:56+00:00","dateModified":"2025-02-11T22:19:32+00:00","description":"La Navidad en el Valle del Jerte se celebra por todo lo alto. Los municipios de la comarca se preparan para despedir el a\u00f1o y festejan estas fechas con m\u00faltiples actividades.","breadcrumb":{"@id":"https:\/\/cerezadeljerte.org\/en\/navidad-valle-del-jerte\/#breadcrumb"},"inLanguage":"en-US","potentialAction":[{"@type":"ReadAction","target":["https:\/\/cerezadeljerte.org\/en\/navidad-valle-del-jerte\/"]}]},{"@type":"ImageObject","inLanguage":"en-US","@id":"https:\/\/cerezadeljerte.org\/en\/navidad-valle-del-jerte\/#primaryimage","url":"https:\/\/cerezadeljerte.org\/wp-content\/uploads\/2017\/12\/Navidad-en-el-Valle-del-Jerte.jpg","contentUrl":"https:\/\/cerezadeljerte.org\/wp-content\/uploads\/2017\/12\/Navidad-en-el-Valle-del-Jerte.jpg","width":709,"height":493,"caption":"Abstract christmas tree made from cutlery on a dark slate,grey stone or concrete background.Top view with copy space."},{"@type":"BreadcrumbList","@id":"https:\/\/cerezadeljerte.org\/en\/navidad-valle-del-jerte\/#breadcrumb","itemListElement":[{"@type":"ListItem","position":1,"name":"Portada","item":"https:\/\/cerezadeljerte.org\/en\/"},{"@type":"ListItem","position":2,"name":"Navidad en el Valle del Jerte. Disfr\u00fatala en Piornal, Barrado y Jerte"}]},{"@type":"WebSite","@id":"https:\/\/cerezadeljerte.org\/en\/#website","url":"https:\/\/cerezadeljerte.org\/en\/","name":"cerezadeljerte.org","description":"you\u2019re great, little one","publisher":{"@id":"https:\/\/cerezadeljerte.org\/en\/#organization"},"alternateName":"Denominaci\u00f3n de Origen de Cereza del Jerte","potentialAction":[{"@type":"SearchAction","target":{"@type":"EntryPoint","urlTemplate":"https:\/\/cerezadeljerte.org\/en\/?s={search_term_string}"},"query-input":{"@type":"PropertyValueSpecification","valueRequired":true,"valueName":"search_term_string"}}],"inLanguage":"en-US"},{"@type":"Organization","@id":"https:\/\/cerezadeljerte.org\/en\/#organization","name":"cerezadeljerte.org","alternateName":"Denominaci\u00f3n de Origen Cereza del Jerte","url":"https:\/\/cerezadeljerte.org\/en\/","logo":{"@type":"ImageObject","inLanguage":"en-US","@id":"https:\/\/cerezadeljerte.org\/en\/#\/schema\/logo\/image\/","url":"https:\/\/cerezadeljerte.org\/wp-content\/uploads\/2024\/05\/CONSEJO-REGULADOR-D.O.P_p.png","contentUrl":"https:\/\/cerezadeljerte.org\/wp-content\/uploads\/2024\/05\/CONSEJO-REGULADOR-D.O.P_p.png","width":550,"height":219,"caption":"cerezadeljerte.org"},"image":{"@id":"https:\/\/cerezadeljerte.org\/en\/#\/schema\/logo\/image\/"},"sameAs":["https:\/\/m.facebook.com\/PICOTADELJERTE\/","https:\/\/x.com\/CEREZADELJERTE"]},{"@type":"Person","@id":"https:\/\/cerezadeljerte.org\/en\/#\/schema\/person\/db07785007f349f8eeb003c8f96d3a63","name":"Picota","image":{"@type":"ImageObject","inLanguage":"en-US","@id":"https:\/\/secure.gravatar.com\/avatar\/ee24ef6a3b49d093f6bd594b1bdd386106677c83a47a3907489168695fab5834?s=96&d=mm&r=g","url":"https:\/\/secure.gravatar.com\/avatar\/ee24ef6a3b49d093f6bd594b1bdd386106677c83a47a3907489168695fab5834?s=96&d=mm&r=g","contentUrl":"https:\/\/secure.gravatar.com\/avatar\/ee24ef6a3b49d093f6bd594b1bdd386106677c83a47a3907489168695fab5834?s=96&d=mm&r=g","caption":"Picota"},"url":"https:\/\/cerezadeljerte.org\/en\/author\/picota\/"}]}},"_links":{"self":[{"href":"https:\/\/cerezadeljerte.org\/en\/wp-json\/wp\/v2\/posts\/20042","targetHints":{"allow":["GET"]}}],"collection":[{"href":"https:\/\/cerezadeljerte.org\/en\/wp-json\/wp\/v2\/posts"}],"about":[{"href":"https:\/\/cerezadeljerte.org\/en\/wp-json\/wp\/v2\/types\/post"}],"author":[{"embeddable":true,"href":"https:\/\/cerezadeljerte.org\/en\/wp-json\/wp\/v2\/users\/2"}],"replies":[{"embeddable":true,"href":"https:\/\/cerezadeljerte.org\/en\/wp-json\/wp\/v2\/comments?post=20042"}],"version-history":[{"count":1,"href":"https:\/\/cerezadeljerte.org\/en\/wp-json\/wp\/v2\/posts\/20042\/revisions"}],"predecessor-version":[{"id":25037,"href":"https:\/\/cerezadeljerte.org\/en\/wp-json\/wp\/v2\/posts\/20042\/revisions\/25037"}],"wp:featuredmedia":[{"embeddable":true,"href":"https:\/\/cerezadeljerte.org\/en\/wp-json\/wp\/v2\/media\/20043"}],"wp:attachment":[{"href":"https:\/\/cerezadeljerte.org\/en\/wp-json\/wp\/v2\/media?parent=20042"}],"wp:term":[{"taxonomy":"category","embeddable":true,"href":"https:\/\/cerezadeljerte.org\/en\/wp-json\/wp\/v2\/categories?post=20042"},{"taxonomy":"post_tag","embeddable":true,"href":"https:\/\/cerezadeljerte.org\/en\/wp-json\/wp\/v2\/tags?post=20042"}],"curies":[{"name":"wp","href":"https:\/\/api.w.org\/{rel}","templated":true}]}}