{"id":20031,"date":"2018-01-23T10:42:36","date_gmt":"2018-01-23T09:42:36","guid":{"rendered":"https:\/\/cerezadeljerte.org\/?p=10265"},"modified":"2025-02-11T23:19:32","modified_gmt":"2025-02-11T22:19:32","slug":"la-cereza-del-jerte-en-el-madrid-fusion","status":"publish","type":"post","link":"https:\/\/cerezadeljerte.org\/en\/la-cereza-del-jerte-en-el-madrid-fusion\/","title":{"rendered":"La Cereza del Jerte vuelve a triunfar en el Madrid Fusi\u00f3n"},"content":{"rendered":"<p>La Cereza del Jerte ha vuelto a triunfar en la feria gastron\u00f3mica\u00a0<a href=\"http:\/\/www.madridfusion.net\/index.php\">Madrid Fusi\u00f3n 2018<\/a>. La Diputaci\u00f3n de C\u00e1ceres ha presentado en el stand <strong>Tentaci\u00f3n-es<\/strong> \u00a0una muestra de las ocho Denominaciones de Origen de la provincia, Jam\u00f3n Dehesa de Extremadura, Vinos Ribera del Guadiana, Queso Ibores, Piment\u00f3n de la Vera, Torta del Casar, Miel Villuercas-Ibores, Aceite Gata-Hurdes y Cereza del Jerte.<\/p>\n<p>En la 26 edici\u00f3n de Madrid Fusi\u00f3n,\u00a0 visitantes y profesionales de la cocina han sido testigos de <strong>muestras de cocina y de cortes de jam\u00f3n en vivo de la D.O.P Dehesa de Extremadura<\/strong>. Tambi\u00e9n se han ofrecido catas de <strong>Aceite Gata-Hurdes y Queso Ibores<\/strong>, acompa\u00f1adas, por supuesto de vino con <strong>DOP Ribera del Guadiana<\/strong>. Otro a\u00f1o m\u00e1s, l<em>a<\/em> Cereza del Jerte, con DOP, ha vuelto a ser protagonista en la elaboraci\u00f3n de una de las tapas estrella del expositor. La <strong>piruleta de Torta del Casar con licor de Cereza del Jerte<\/strong> ha tenido un gran \u00e9xito ante el p\u00fablico, aportando un aire vanguardista al stand Tentaci\u00f3n-es.<\/p>\n<h3>Tapas con productos cacere\u00f1os en Madrid Fusi\u00f3n<\/h3>\n<p>Adem\u00e1s, los asistentes han podido degustar tostitas de Cordero de Extremadura macerado en\u00a0Aceite Gata-Hurdes y Miel Villuercas-Ibores,<strong> migas con Piment\u00f3n de La Vera y crujiente de Jam\u00f3n Dehesa de Extremadura<\/strong>, y <strong>Tataki de Ternera de Extremadura con caviar de Queso Ibores y Aceite Gata-Hurdes<\/strong>. Las tapas fueron elaboradas en directo por los cocineros Eva L\u00f3pez y Tom\u00e1s Tejero, de la <a href=\"http:\/\/www.cooperactyva.org\/que-es-actyva\/\">Cooperativa Integral Actyva<\/a>, comunidad dinamizadora de la econom\u00eda local extreme\u00f1a.<\/p>\n<p>Los portavoces de la diputaci\u00f3n se refirieron a la profunda importancia econ\u00f3mica y social de estos productos a nivel regional. Entre ellos la Cereza del Jerte, que genera cientos de empleos cada a\u00f1o y promueve la fijaci\u00f3n de la poblaci\u00f3n en el rural.\u00a0 La gastronom\u00eda cacere\u00f1a se convierte as\u00ed no solamente en una <a href=\"\/?p=5163\">muestra de la tradici\u00f3n y cultura de una regi\u00f3n<\/a>, si no en un motor de su desarrollo econ\u00f3mico y social.<\/p>\n<p>La muestra de la Diputaci\u00f3n de C\u00e1ceres ha obtenido una estupenda acogida entre el p\u00fablico profesional y amateur. Con esto, deja demostrado que la tradici\u00f3n y la vanguardia gastron\u00f3micas no tienen por qu\u00e9 estar re\u00f1idas.<\/p>\n","protected":false},"excerpt":{"rendered":"<p>La Cereza del Jerte ha vuelto a triunfar en la feria gastron\u00f3mica\u00a0Madrid Fusi\u00f3n 2018. La Diputaci\u00f3n de C\u00e1ceres ha presentado en el stand Tentaci\u00f3n-es \u00a0una muestra de las ocho Denominaciones de Origen de la provincia, Jam\u00f3n Dehesa de Extremadura, Vinos Ribera del Guadiana, Queso Ibores, Piment\u00f3n de la Vera, Torta del Casar, Miel Villuercas-Ibores, Aceite [&hellip;]<\/p>\n","protected":false},"author":2,"featured_media":20032,"comment_status":"closed","ping_status":"open","sticky":false,"template":"","format":"standard","meta":{"footnotes":""},"categories":[1101],"tags":[],"class_list":["post-20031","post","type-post","status-publish","format-standard","has-post-thumbnail","hentry","category-blog-es"],"yoast_head":"<!-- This site is optimized with the Yoast SEO Premium plugin v25.0 (Yoast SEO v27.4) - https:\/\/yoast.com\/product\/yoast-seo-premium-wordpress\/ -->\n<title>La Cereza del Jerte vuelve a triunfar en el Madrid Fusi\u00f3n<\/title>\n<meta name=\"description\" content=\"Te hablamos del paso de los productos cacere\u00f1os con denominaci\u00f3n de origen o indicaci\u00f3n geogr\u00e1fica protegida por Madrid Fusi\u00f3n en su 26 edici\u00f3n. Entre ellos, la Cereza del Jerte.\" \/>\n<meta name=\"robots\" content=\"index, follow, max-snippet:-1, max-image-preview:large, max-video-preview:-1\" \/>\n<link rel=\"canonical\" href=\"https:\/\/cerezadeljerte.org\/en\/la-cereza-del-jerte-en-el-madrid-fusion\/\" \/>\n<meta property=\"og:locale\" content=\"en_US\" \/>\n<meta property=\"og:type\" content=\"article\" \/>\n<meta property=\"og:title\" content=\"La Cereza del Jerte vuelve a triunfar en el Madrid Fusi\u00f3n\" \/>\n<meta property=\"og:description\" content=\"Te hablamos del paso de los productos cacere\u00f1os con denominaci\u00f3n de origen o indicaci\u00f3n geogr\u00e1fica protegida por Madrid Fusi\u00f3n en su 26 edici\u00f3n. Entre ellos, la Cereza del Jerte.\" \/>\n<meta property=\"og:url\" content=\"https:\/\/cerezadeljerte.org\/en\/la-cereza-del-jerte-en-el-madrid-fusion\/\" \/>\n<meta property=\"og:site_name\" content=\"cerezadeljerte.org\" \/>\n<meta property=\"article:publisher\" content=\"https:\/\/m.facebook.com\/PICOTADELJERTE\/\" \/>\n<meta property=\"article:published_time\" content=\"2018-01-23T09:42:36+00:00\" \/>\n<meta property=\"article:modified_time\" content=\"2025-02-11T22:19:32+00:00\" \/>\n<meta property=\"og:image\" content=\"https:\/\/cerezadeljerte.org\/wp-content\/uploads\/2018\/02\/cereza-del-jerte-en-Madrid-Fusi\u00f3n.jpg\" \/>\n\t<meta property=\"og:image:width\" content=\"1024\" \/>\n\t<meta property=\"og:image:height\" content=\"683\" \/>\n\t<meta property=\"og:image:type\" content=\"image\/jpeg\" \/>\n<meta name=\"author\" content=\"Picota\" \/>\n<meta name=\"twitter:card\" content=\"summary_large_image\" \/>\n<meta name=\"twitter:creator\" content=\"@CEREZADELJERTE\" \/>\n<meta name=\"twitter:site\" content=\"@CEREZADELJERTE\" \/>\n<script type=\"application\/ld+json\" class=\"yoast-schema-graph\">{\"@context\":\"https:\\\/\\\/schema.org\",\"@graph\":[{\"@type\":\"Article\",\"@id\":\"https:\\\/\\\/cerezadeljerte.org\\\/en\\\/la-cereza-del-jerte-en-el-madrid-fusion\\\/#article\",\"isPartOf\":{\"@id\":\"https:\\\/\\\/cerezadeljerte.org\\\/en\\\/la-cereza-del-jerte-en-el-madrid-fusion\\\/\"},\"author\":{\"name\":\"Picota\",\"@id\":\"https:\\\/\\\/cerezadeljerte.org\\\/en\\\/#\\\/schema\\\/person\\\/db07785007f349f8eeb003c8f96d3a63\"},\"headline\":\"La Cereza del Jerte vuelve a triunfar en el Madrid Fusi\u00f3n\",\"datePublished\":\"2018-01-23T09:42:36+00:00\",\"dateModified\":\"2025-02-11T22:19:32+00:00\",\"mainEntityOfPage\":{\"@id\":\"https:\\\/\\\/cerezadeljerte.org\\\/en\\\/la-cereza-del-jerte-en-el-madrid-fusion\\\/\"},\"wordCount\":407,\"publisher\":{\"@id\":\"https:\\\/\\\/cerezadeljerte.org\\\/en\\\/#organization\"},\"image\":{\"@id\":\"https:\\\/\\\/cerezadeljerte.org\\\/en\\\/la-cereza-del-jerte-en-el-madrid-fusion\\\/#primaryimage\"},\"thumbnailUrl\":\"https:\\\/\\\/cerezadeljerte.org\\\/wp-content\\\/uploads\\\/2018\\\/02\\\/cereza-del-jerte-en-Madrid-Fusi\u00f3n.jpg\",\"articleSection\":[\"blog es\"],\"inLanguage\":\"en-US\"},{\"@type\":\"WebPage\",\"@id\":\"https:\\\/\\\/cerezadeljerte.org\\\/en\\\/la-cereza-del-jerte-en-el-madrid-fusion\\\/\",\"url\":\"https:\\\/\\\/cerezadeljerte.org\\\/en\\\/la-cereza-del-jerte-en-el-madrid-fusion\\\/\",\"name\":\"La Cereza del Jerte vuelve a triunfar en el Madrid Fusi\u00f3n\",\"isPartOf\":{\"@id\":\"https:\\\/\\\/cerezadeljerte.org\\\/en\\\/#website\"},\"primaryImageOfPage\":{\"@id\":\"https:\\\/\\\/cerezadeljerte.org\\\/en\\\/la-cereza-del-jerte-en-el-madrid-fusion\\\/#primaryimage\"},\"image\":{\"@id\":\"https:\\\/\\\/cerezadeljerte.org\\\/en\\\/la-cereza-del-jerte-en-el-madrid-fusion\\\/#primaryimage\"},\"thumbnailUrl\":\"https:\\\/\\\/cerezadeljerte.org\\\/wp-content\\\/uploads\\\/2018\\\/02\\\/cereza-del-jerte-en-Madrid-Fusi\u00f3n.jpg\",\"datePublished\":\"2018-01-23T09:42:36+00:00\",\"dateModified\":\"2025-02-11T22:19:32+00:00\",\"description\":\"Te hablamos del paso de los productos cacere\u00f1os con denominaci\u00f3n de origen o indicaci\u00f3n geogr\u00e1fica protegida por Madrid Fusi\u00f3n en su 26 edici\u00f3n. Entre ellos, la Cereza del Jerte.\",\"breadcrumb\":{\"@id\":\"https:\\\/\\\/cerezadeljerte.org\\\/en\\\/la-cereza-del-jerte-en-el-madrid-fusion\\\/#breadcrumb\"},\"inLanguage\":\"en-US\",\"potentialAction\":[{\"@type\":\"ReadAction\",\"target\":[\"https:\\\/\\\/cerezadeljerte.org\\\/en\\\/la-cereza-del-jerte-en-el-madrid-fusion\\\/\"]}]},{\"@type\":\"ImageObject\",\"inLanguage\":\"en-US\",\"@id\":\"https:\\\/\\\/cerezadeljerte.org\\\/en\\\/la-cereza-del-jerte-en-el-madrid-fusion\\\/#primaryimage\",\"url\":\"https:\\\/\\\/cerezadeljerte.org\\\/wp-content\\\/uploads\\\/2018\\\/02\\\/cereza-del-jerte-en-Madrid-Fusi\u00f3n.jpg\",\"contentUrl\":\"https:\\\/\\\/cerezadeljerte.org\\\/wp-content\\\/uploads\\\/2018\\\/02\\\/cereza-del-jerte-en-Madrid-Fusi\u00f3n.jpg\",\"width\":1024,\"height\":683},{\"@type\":\"BreadcrumbList\",\"@id\":\"https:\\\/\\\/cerezadeljerte.org\\\/en\\\/la-cereza-del-jerte-en-el-madrid-fusion\\\/#breadcrumb\",\"itemListElement\":[{\"@type\":\"ListItem\",\"position\":1,\"name\":\"Portada\",\"item\":\"https:\\\/\\\/cerezadeljerte.org\\\/en\\\/\"},{\"@type\":\"ListItem\",\"position\":2,\"name\":\"La Cereza del Jerte vuelve a triunfar en el Madrid Fusi\u00f3n\"}]},{\"@type\":\"WebSite\",\"@id\":\"https:\\\/\\\/cerezadeljerte.org\\\/en\\\/#website\",\"url\":\"https:\\\/\\\/cerezadeljerte.org\\\/en\\\/\",\"name\":\"cerezadeljerte.org\",\"description\":\"you\u2019re great, little one\",\"publisher\":{\"@id\":\"https:\\\/\\\/cerezadeljerte.org\\\/en\\\/#organization\"},\"alternateName\":\"Denominaci\u00f3n de Origen de Cereza del Jerte\",\"potentialAction\":[{\"@type\":\"SearchAction\",\"target\":{\"@type\":\"EntryPoint\",\"urlTemplate\":\"https:\\\/\\\/cerezadeljerte.org\\\/en\\\/?s={search_term_string}\"},\"query-input\":{\"@type\":\"PropertyValueSpecification\",\"valueRequired\":true,\"valueName\":\"search_term_string\"}}],\"inLanguage\":\"en-US\"},{\"@type\":\"Organization\",\"@id\":\"https:\\\/\\\/cerezadeljerte.org\\\/en\\\/#organization\",\"name\":\"cerezadeljerte.org\",\"alternateName\":\"Denominaci\u00f3n de Origen Cereza del Jerte\",\"url\":\"https:\\\/\\\/cerezadeljerte.org\\\/en\\\/\",\"logo\":{\"@type\":\"ImageObject\",\"inLanguage\":\"en-US\",\"@id\":\"https:\\\/\\\/cerezadeljerte.org\\\/en\\\/#\\\/schema\\\/logo\\\/image\\\/\",\"url\":\"https:\\\/\\\/cerezadeljerte.org\\\/wp-content\\\/uploads\\\/2024\\\/05\\\/CONSEJO-REGULADOR-D.O.P_p.png\",\"contentUrl\":\"https:\\\/\\\/cerezadeljerte.org\\\/wp-content\\\/uploads\\\/2024\\\/05\\\/CONSEJO-REGULADOR-D.O.P_p.png\",\"width\":550,\"height\":219,\"caption\":\"cerezadeljerte.org\"},\"image\":{\"@id\":\"https:\\\/\\\/cerezadeljerte.org\\\/en\\\/#\\\/schema\\\/logo\\\/image\\\/\"},\"sameAs\":[\"https:\\\/\\\/m.facebook.com\\\/PICOTADELJERTE\\\/\",\"https:\\\/\\\/x.com\\\/CEREZADELJERTE\"]},{\"@type\":\"Person\",\"@id\":\"https:\\\/\\\/cerezadeljerte.org\\\/en\\\/#\\\/schema\\\/person\\\/db07785007f349f8eeb003c8f96d3a63\",\"name\":\"Picota\",\"image\":{\"@type\":\"ImageObject\",\"inLanguage\":\"en-US\",\"@id\":\"https:\\\/\\\/secure.gravatar.com\\\/avatar\\\/ee24ef6a3b49d093f6bd594b1bdd386106677c83a47a3907489168695fab5834?s=96&d=mm&r=g\",\"url\":\"https:\\\/\\\/secure.gravatar.com\\\/avatar\\\/ee24ef6a3b49d093f6bd594b1bdd386106677c83a47a3907489168695fab5834?s=96&d=mm&r=g\",\"contentUrl\":\"https:\\\/\\\/secure.gravatar.com\\\/avatar\\\/ee24ef6a3b49d093f6bd594b1bdd386106677c83a47a3907489168695fab5834?s=96&d=mm&r=g\",\"caption\":\"Picota\"},\"url\":\"https:\\\/\\\/cerezadeljerte.org\\\/en\\\/author\\\/picota\\\/\"}]}<\/script>\n<!-- \/ Yoast SEO Premium plugin. -->","yoast_head_json":{"title":"La Cereza del Jerte vuelve a triunfar en el Madrid Fusi\u00f3n","description":"Te hablamos del paso de los productos cacere\u00f1os con denominaci\u00f3n de origen o indicaci\u00f3n geogr\u00e1fica protegida por Madrid Fusi\u00f3n en su 26 edici\u00f3n. Entre ellos, la Cereza del Jerte.","robots":{"index":"index","follow":"follow","max-snippet":"max-snippet:-1","max-image-preview":"max-image-preview:large","max-video-preview":"max-video-preview:-1"},"canonical":"https:\/\/cerezadeljerte.org\/en\/la-cereza-del-jerte-en-el-madrid-fusion\/","og_locale":"en_US","og_type":"article","og_title":"La Cereza del Jerte vuelve a triunfar en el Madrid Fusi\u00f3n","og_description":"Te hablamos del paso de los productos cacere\u00f1os con denominaci\u00f3n de origen o indicaci\u00f3n geogr\u00e1fica protegida por Madrid Fusi\u00f3n en su 26 edici\u00f3n. Entre ellos, la Cereza del Jerte.","og_url":"https:\/\/cerezadeljerte.org\/en\/la-cereza-del-jerte-en-el-madrid-fusion\/","og_site_name":"cerezadeljerte.org","article_publisher":"https:\/\/m.facebook.com\/PICOTADELJERTE\/","article_published_time":"2018-01-23T09:42:36+00:00","article_modified_time":"2025-02-11T22:19:32+00:00","og_image":[{"width":1024,"height":683,"url":"https:\/\/cerezadeljerte.org\/wp-content\/uploads\/2018\/02\/cereza-del-jerte-en-Madrid-Fusi\u00f3n.jpg","type":"image\/jpeg"}],"author":"Picota","twitter_card":"summary_large_image","twitter_creator":"@CEREZADELJERTE","twitter_site":"@CEREZADELJERTE","schema":{"@context":"https:\/\/schema.org","@graph":[{"@type":"Article","@id":"https:\/\/cerezadeljerte.org\/en\/la-cereza-del-jerte-en-el-madrid-fusion\/#article","isPartOf":{"@id":"https:\/\/cerezadeljerte.org\/en\/la-cereza-del-jerte-en-el-madrid-fusion\/"},"author":{"name":"Picota","@id":"https:\/\/cerezadeljerte.org\/en\/#\/schema\/person\/db07785007f349f8eeb003c8f96d3a63"},"headline":"La Cereza del Jerte vuelve a triunfar en el Madrid Fusi\u00f3n","datePublished":"2018-01-23T09:42:36+00:00","dateModified":"2025-02-11T22:19:32+00:00","mainEntityOfPage":{"@id":"https:\/\/cerezadeljerte.org\/en\/la-cereza-del-jerte-en-el-madrid-fusion\/"},"wordCount":407,"publisher":{"@id":"https:\/\/cerezadeljerte.org\/en\/#organization"},"image":{"@id":"https:\/\/cerezadeljerte.org\/en\/la-cereza-del-jerte-en-el-madrid-fusion\/#primaryimage"},"thumbnailUrl":"https:\/\/cerezadeljerte.org\/wp-content\/uploads\/2018\/02\/cereza-del-jerte-en-Madrid-Fusi\u00f3n.jpg","articleSection":["blog es"],"inLanguage":"en-US"},{"@type":"WebPage","@id":"https:\/\/cerezadeljerte.org\/en\/la-cereza-del-jerte-en-el-madrid-fusion\/","url":"https:\/\/cerezadeljerte.org\/en\/la-cereza-del-jerte-en-el-madrid-fusion\/","name":"La Cereza del Jerte vuelve a triunfar en el Madrid Fusi\u00f3n","isPartOf":{"@id":"https:\/\/cerezadeljerte.org\/en\/#website"},"primaryImageOfPage":{"@id":"https:\/\/cerezadeljerte.org\/en\/la-cereza-del-jerte-en-el-madrid-fusion\/#primaryimage"},"image":{"@id":"https:\/\/cerezadeljerte.org\/en\/la-cereza-del-jerte-en-el-madrid-fusion\/#primaryimage"},"thumbnailUrl":"https:\/\/cerezadeljerte.org\/wp-content\/uploads\/2018\/02\/cereza-del-jerte-en-Madrid-Fusi\u00f3n.jpg","datePublished":"2018-01-23T09:42:36+00:00","dateModified":"2025-02-11T22:19:32+00:00","description":"Te hablamos del paso de los productos cacere\u00f1os con denominaci\u00f3n de origen o indicaci\u00f3n geogr\u00e1fica protegida por Madrid Fusi\u00f3n en su 26 edici\u00f3n. Entre ellos, la Cereza del Jerte.","breadcrumb":{"@id":"https:\/\/cerezadeljerte.org\/en\/la-cereza-del-jerte-en-el-madrid-fusion\/#breadcrumb"},"inLanguage":"en-US","potentialAction":[{"@type":"ReadAction","target":["https:\/\/cerezadeljerte.org\/en\/la-cereza-del-jerte-en-el-madrid-fusion\/"]}]},{"@type":"ImageObject","inLanguage":"en-US","@id":"https:\/\/cerezadeljerte.org\/en\/la-cereza-del-jerte-en-el-madrid-fusion\/#primaryimage","url":"https:\/\/cerezadeljerte.org\/wp-content\/uploads\/2018\/02\/cereza-del-jerte-en-Madrid-Fusi\u00f3n.jpg","contentUrl":"https:\/\/cerezadeljerte.org\/wp-content\/uploads\/2018\/02\/cereza-del-jerte-en-Madrid-Fusi\u00f3n.jpg","width":1024,"height":683},{"@type":"BreadcrumbList","@id":"https:\/\/cerezadeljerte.org\/en\/la-cereza-del-jerte-en-el-madrid-fusion\/#breadcrumb","itemListElement":[{"@type":"ListItem","position":1,"name":"Portada","item":"https:\/\/cerezadeljerte.org\/en\/"},{"@type":"ListItem","position":2,"name":"La Cereza del Jerte vuelve a triunfar en el Madrid Fusi\u00f3n"}]},{"@type":"WebSite","@id":"https:\/\/cerezadeljerte.org\/en\/#website","url":"https:\/\/cerezadeljerte.org\/en\/","name":"cerezadeljerte.org","description":"you\u2019re great, little one","publisher":{"@id":"https:\/\/cerezadeljerte.org\/en\/#organization"},"alternateName":"Denominaci\u00f3n de Origen de Cereza del Jerte","potentialAction":[{"@type":"SearchAction","target":{"@type":"EntryPoint","urlTemplate":"https:\/\/cerezadeljerte.org\/en\/?s={search_term_string}"},"query-input":{"@type":"PropertyValueSpecification","valueRequired":true,"valueName":"search_term_string"}}],"inLanguage":"en-US"},{"@type":"Organization","@id":"https:\/\/cerezadeljerte.org\/en\/#organization","name":"cerezadeljerte.org","alternateName":"Denominaci\u00f3n de Origen Cereza del Jerte","url":"https:\/\/cerezadeljerte.org\/en\/","logo":{"@type":"ImageObject","inLanguage":"en-US","@id":"https:\/\/cerezadeljerte.org\/en\/#\/schema\/logo\/image\/","url":"https:\/\/cerezadeljerte.org\/wp-content\/uploads\/2024\/05\/CONSEJO-REGULADOR-D.O.P_p.png","contentUrl":"https:\/\/cerezadeljerte.org\/wp-content\/uploads\/2024\/05\/CONSEJO-REGULADOR-D.O.P_p.png","width":550,"height":219,"caption":"cerezadeljerte.org"},"image":{"@id":"https:\/\/cerezadeljerte.org\/en\/#\/schema\/logo\/image\/"},"sameAs":["https:\/\/m.facebook.com\/PICOTADELJERTE\/","https:\/\/x.com\/CEREZADELJERTE"]},{"@type":"Person","@id":"https:\/\/cerezadeljerte.org\/en\/#\/schema\/person\/db07785007f349f8eeb003c8f96d3a63","name":"Picota","image":{"@type":"ImageObject","inLanguage":"en-US","@id":"https:\/\/secure.gravatar.com\/avatar\/ee24ef6a3b49d093f6bd594b1bdd386106677c83a47a3907489168695fab5834?s=96&d=mm&r=g","url":"https:\/\/secure.gravatar.com\/avatar\/ee24ef6a3b49d093f6bd594b1bdd386106677c83a47a3907489168695fab5834?s=96&d=mm&r=g","contentUrl":"https:\/\/secure.gravatar.com\/avatar\/ee24ef6a3b49d093f6bd594b1bdd386106677c83a47a3907489168695fab5834?s=96&d=mm&r=g","caption":"Picota"},"url":"https:\/\/cerezadeljerte.org\/en\/author\/picota\/"}]}},"_links":{"self":[{"href":"https:\/\/cerezadeljerte.org\/en\/wp-json\/wp\/v2\/posts\/20031","targetHints":{"allow":["GET"]}}],"collection":[{"href":"https:\/\/cerezadeljerte.org\/en\/wp-json\/wp\/v2\/posts"}],"about":[{"href":"https:\/\/cerezadeljerte.org\/en\/wp-json\/wp\/v2\/types\/post"}],"author":[{"embeddable":true,"href":"https:\/\/cerezadeljerte.org\/en\/wp-json\/wp\/v2\/users\/2"}],"replies":[{"embeddable":true,"href":"https:\/\/cerezadeljerte.org\/en\/wp-json\/wp\/v2\/comments?post=20031"}],"version-history":[{"count":1,"href":"https:\/\/cerezadeljerte.org\/en\/wp-json\/wp\/v2\/posts\/20031\/revisions"}],"predecessor-version":[{"id":25032,"href":"https:\/\/cerezadeljerte.org\/en\/wp-json\/wp\/v2\/posts\/20031\/revisions\/25032"}],"wp:featuredmedia":[{"embeddable":true,"href":"https:\/\/cerezadeljerte.org\/en\/wp-json\/wp\/v2\/media\/20032"}],"wp:attachment":[{"href":"https:\/\/cerezadeljerte.org\/en\/wp-json\/wp\/v2\/media?parent=20031"}],"wp:term":[{"taxonomy":"category","embeddable":true,"href":"https:\/\/cerezadeljerte.org\/en\/wp-json\/wp\/v2\/categories?post=20031"},{"taxonomy":"post_tag","embeddable":true,"href":"https:\/\/cerezadeljerte.org\/en\/wp-json\/wp\/v2\/tags?post=20031"}],"curies":[{"name":"wp","href":"https:\/\/api.w.org\/{rel}","templated":true}]}}